{"id":94930,"date":"2024-06-05T14:42:00","date_gmt":"2024-06-05T17:42:00","guid":{"rendered":"https:\/\/bluestudio.estadao.com.br\/agencia-de-comunicacao\/releases\/releases-geral\/dra-maria-jose-torres-chefe-do-servico-de-alergologia-do-hru-de-malaga-e-a-nova-presidente-da-eaaci\/"},"modified":"2024-06-05T14:42:00","modified_gmt":"2024-06-05T17:42:00","slug":"dra-maria-jose-torres-chefe-do-servico-de-alergologia-do-hru-de-malaga-e-a-nova-presidente-da-eaaci","status":"publish","type":"post","link":"https:\/\/bluestudio.estadao.com.br\/agencia-de-comunicacao\/releases\/releases-geral\/dra-maria-jose-torres-chefe-do-servico-de-alergologia-do-hru-de-malaga-e-a-nova-presidente-da-eaaci\/","title":{"rendered":"Dra. Mar\u00eda Jos\u00e9 Torres, chefe do servi\u00e7o de alergologia do HRU de M\u00e1laga, \u00e9 a nova presidente da EAACI"},"content":{"rendered":"<p><b>European Academy of Allergy and Clinical Immunology<\/b><\/p>\n<p align=\"center\"><img loading=\"lazy\" decoding=\"async\" alt=\"EAACI focuses on planetary health as a key feature of the research agenda\" data-mce-selected=\"1\" height=\"150\" src=\"https:\/\/ml-eu.globenewswire.com\/Resource\/Download\/76440242-ab97-4b62-b880-c1b91b09ceb3\/301070148.jpg\" width=\"600\" \/><\/p>\n<p align=\"justify\">VAL\u00caNCIA, Espanha, June  05, 2024  (GLOBE NEWSWIRE) &#8212; A cerim\u00f4nia de encerramento do EAACI Congress 2024, um f\u00f3rum que re\u00fane especialistas em alergia e imunologia de pa\u00edses de todo o mundo, ocorreu h\u00e1 pouco. No encerramento do congresso, <strong>a Dra. Mar\u00eda Jos\u00e9 Torres, professora de medicina e chefe do servi\u00e7o de alergologia do Hospital Regional Universit\u00e1rio de M\u00e1laga<\/strong>, assume a lideran\u00e7a como a <strong>nova presidente da EAACI<\/strong>; ela \u00e9 a primeira profissional espanhola a exercer o cargo.<\/p>\n<p align=\"justify\">Hoje, em sua palestra na sess\u00e3o plen\u00e1ria intitulada Alergia a medicamentos: hoje e amanh\u00e3, a <strong>Dra. Torres<\/strong> enfatizou que <em>a alergia a medicamentos \u00e9 um grande fardo para sistemas de sa\u00fade e representa, em alguns casos, uma amea\u00e7a \u00e0 vida dos pacientes<\/em>.<\/p>\n<p align=\"justify\">Nos \u00faltimos anos, tem havido um aumento significativo no interesse por projetos de modelos preditivos para estratificar o risco dos pacientes serem al\u00e9rgicos. <em>\u00c9 essencial continuar pesquisando e trabalhando para atingir o objetivo de uma eficiente medicina de precis\u00e3o<\/em>, diz a <strong>Dra. Torres<\/strong>.<\/p>\n<p align=\"justify\"><strong>A Dra. Ioana Agache, que ocupa um lugar no Comit\u00ea de Pesquisa e Divulga\u00e7\u00e3o (ROC) da EAACI<\/strong>, detalha que <em>como doen\u00e7as al\u00e9rgicas e asma s\u00e3o condi\u00e7\u00f5es protot\u00edpicas influenciadas pelo ambiente, a sa\u00fade planet\u00e1ria \u00e9 outro ponto importante da agenda de pesquisa da EAACI.<\/em><\/p>\n<p align=\"justify\">Entre os principais objetivos do ROC est\u00e3o o de ser <em>a plataforma de troca para cientistas em toda a Rede de Pesquisa da EAACI, ser um espa\u00e7o para formular recomenda\u00e7\u00f5es e crit\u00e9rios de qualidade, projetar diversos programas educacionais e garantir oportunidades de desenvolvimento profissional atrav\u00e9s de sua colabora\u00e7\u00e3o com membros juniores da EAACI e todas as outras partes interessadas<\/em>, observa ela.<\/p>\n<p align=\"justify\">A ERN (Rede de Pesquisa da EAACI) procura identificar e coordenar a pesquisa em alergia e asma na Europa.\u00a0<em>Inclui atualmente quase 100 institui\u00e7\u00f5es europeias e de todo o mundo. Deve servir como guia para pesquisas em alergia e asma na Europa e fomentar sinergias e coopera\u00e7\u00e3o, reduzir esfor\u00e7os duplicados e identificar lacunas e prioridades que precisam de aten\u00e7\u00e3o de organiza\u00e7\u00f5es financiadoras<\/em>, conclui <strong>Ioana Agache.<\/strong><\/p>\n<p><strong>Contato com a imprensa EAACI<\/strong><br \/>+41 44 205 55 33<br \/><a href=\"https:\/\/www.globenewswire.com\/Tracker?data=cJb5YXYG7w28WK0IJzkfqstfjXeJ3t4il3EmLkM9kd---CvwFS9yl7WCOYDbUe3ijwfIQjaK4eEdqRFbuWKyD5cC2OvoLUHfZCcpJDjEpxD0A8ftiJscPaLahc5K_cVz\" rel=\"nofollow noopener\" target=\"_blank\">communications@eaaci.org<\/a><\/p>\n<p>Uma foto que acompanha este an\u00fancio est\u00e1 em\u00a0<a href=\"https:\/\/www.globenewswire.com\/Tracker?data=za37e_SEb3sxs3JkjTxEaD5dgdmm8W1445dr03vH-kwfKH0Dhup_KnYvOiWI0zxWLFTPpmiCg1xWQ_3JQXNuAtewNNdJKQXzeUtdfbrcfZlat0LfPpfg0O_GHmnDOkN6PKDnWNuD9a1kz2TDMdqWhxIcLpxQEMI-JmZcRzBmkCndRF0TFd23rhm3sKkN0keSXOjs3pzBybbyEHsCQkl2g5COIwWc8r3q6d9JO0z1C3trGsFh8sBTb7vZ7GQ031ITq1J_0jo1sMhfYO-V23yxog==\" rel=\"nofollow noopener\" target=\"_blank\">https:\/\/www.globenewswire.com\/NewsRoom\/AttachmentNg\/76440242-ab97-4b62-b880-c1b91b09ceb3<\/a><\/p>\n<p> <img decoding=\"async\" class=\"__GNW8366DE3E__IMG\" src=\"https:\/\/www.globenewswire.com\/newsroom\/ti?nf=MTAwMDk2NDgyMCM0MDE4NjU4MzQjMjI2MTMzNw==\" \/> <br \/><img decoding=\"async\" src=\"https:\/\/ml-eu.globenewswire.com\/media\/NjIyMDFmNzgtMzIwMC00YzY2LTkyNjYtOGU1ZmM4YzRjZGQxLTEyNzI4ODc=\/tiny\/European-Academy-of-Allergy-an.png\" \/><\/p>\n<p>A <b>OESP<\/b> nao e(sao) responsavel(is) por erros, incorrecoes, atrasos ou quaisquer decisoes tomadas por seus clientes com base nos Conteudos ora disponibilizados, bem como tais Conteudos nao representam a opiniao da <b>OESP<\/b> e sao de inteira responsabilidade da <b>GlobeNewswire<\/b><\/p>\n","protected":false},"excerpt":{"rendered":"VAL\u00caNCIA, Espanha, June  05, 2024  (GLOBE NEWSWIRE) &#8212; A cerim\u00f4nia de encerramento do EAACI Congress 2024, um f\u00f3rum que re\u00fane espe","protected":false},"author":1,"featured_media":0,"comment_status":"open","ping_status":"closed","sticky":false,"template":"","format":"standard","meta":{"_acf_changed":false,"inline_featured_image":false,"_monsterinsights_skip_tracking":false,"_monsterinsights_sitenote_active":false,"_monsterinsights_sitenote_note":"","_monsterinsights_sitenote_category":0,"footnotes":""},"categories":[34],"tags":[],"class_list":["post-94930","post","type-post","status-publish","format-standard","hentry","category-releases-geral"],"acf":[],"_links":{"self":[{"href":"https:\/\/bluestudio.estadao.com.br\/agencia-de-comunicacao\/wp-json\/wp\/v2\/posts\/94930","targetHints":{"allow":["GET"]}}],"collection":[{"href":"https:\/\/bluestudio.estadao.com.br\/agencia-de-comunicacao\/wp-json\/wp\/v2\/posts"}],"about":[{"href":"https:\/\/bluestudio.estadao.com.br\/agencia-de-comunicacao\/wp-json\/wp\/v2\/types\/post"}],"author":[{"embeddable":true,"href":"https:\/\/bluestudio.estadao.com.br\/agencia-de-comunicacao\/wp-json\/wp\/v2\/users\/1"}],"replies":[{"embeddable":true,"href":"https:\/\/bluestudio.estadao.com.br\/agencia-de-comunicacao\/wp-json\/wp\/v2\/comments?post=94930"}],"version-history":[{"count":0,"href":"https:\/\/bluestudio.estadao.com.br\/agencia-de-comunicacao\/wp-json\/wp\/v2\/posts\/94930\/revisions"}],"wp:attachment":[{"href":"https:\/\/bluestudio.estadao.com.br\/agencia-de-comunicacao\/wp-json\/wp\/v2\/media?parent=94930"}],"wp:term":[{"taxonomy":"category","embeddable":true,"href":"https:\/\/bluestudio.estadao.com.br\/agencia-de-comunicacao\/wp-json\/wp\/v2\/categories?post=94930"},{"taxonomy":"post_tag","embeddable":true,"href":"https:\/\/bluestudio.estadao.com.br\/agencia-de-comunicacao\/wp-json\/wp\/v2\/tags?post=94930"}],"curies":[{"name":"wp","href":"https:\/\/api.w.org\/{rel}","templated":true}]}}