{"id":94787,"date":"2024-06-03T19:13:00","date_gmt":"2024-06-03T22:13:00","guid":{"rendered":"https:\/\/bluestudio.estadao.com.br\/agencia-de-comunicacao\/releases\/releases-geral\/as-doencas-alergicas-tem-um-custo-direto-de-1-800-a-6-600-euros-por-paciente-por-ano\/"},"modified":"2024-06-03T19:13:00","modified_gmt":"2024-06-03T22:13:00","slug":"as-doencas-alergicas-tem-um-custo-direto-de-1-800-a-6-600-euros-por-paciente-por-ano","status":"publish","type":"post","link":"https:\/\/bluestudio.estadao.com.br\/agencia-de-comunicacao\/releases\/releases-geral\/as-doencas-alergicas-tem-um-custo-direto-de-1-800-a-6-600-euros-por-paciente-por-ano\/","title":{"rendered":"As doen\u00e7as al\u00e9rgicas t\u00eam um custo direto de 1.800 a 6.600 euros por paciente por ano"},"content":{"rendered":"<p><b>European Academy of Allergy and Clinical Immunology<\/b><\/p>\n<p align=\"justify\"><img loading=\"lazy\" decoding=\"async\" alt=\"The HEAD registry, with nearly 800 patients, serves to evaluate the economic and social impact of allergies at a European level\" data-mce-style=\"display: block; margin-left: auto; margin-right: auto;\" height=\"150\" src=\"https:\/\/ml-eu.globenewswire.com\/Resource\/Download\/10adb810-ecda-4f52-aa8c-445a31170caa\/301069844.jpg\" style=\"margin-left:auto;margin-right:auto\" width=\"600\" \/><\/p>\n<p align=\"justify\">VALENCIA, Espanha, June  03, 2024  (GLOBE NEWSWIRE) &#8212; As doen\u00e7as al\u00e9rgicas t\u00eam um custo entre 1.823 e 6.656 euros por paciente por ano, se considerarmos apenas os custos diretos advindos da assist\u00eancia m\u00e9dica, de acordo com um estudo dos dados coletados por meio do registro europeu HEAD promovido pela EAACI, que est\u00e1 realizando seu congresso na Feria de Valencia at\u00e9 segunda-feira, 3 de junho.<\/p>\n<p align=\"justify\">&#8220;<em>As doen\u00e7as al\u00e9rgicas e a asma est\u00e3o entre as doen\u00e7as cr\u00f4nicas mais comuns em todo o mundo e representam um grande \u00f4nus \u00e0 sa\u00fade global. No entanto, \u00e9 dif\u00edcil estimar seu impacto real devido \u00e0 falta de representatividade e \u00e0 insufici\u00eancia de dados dispon\u00edveis,<\/em> <strong>explica a Dra. Ioana Agache, que preside o Comit\u00ea de Pesquisa e Extens\u00e3o (ROC) da EAACI<\/strong>. O registro HEAD foi criado para descrever os padr\u00f5es de atendimento das doen\u00e7as al\u00e9rgicas e da asma e avaliar seu impacto nos custos, tanto financeiros quanto pessoais. Em m\u00e9dia, os pacientes em idade adulta perderam entre 2,68 e 5,33 dias de trabalho, as crian\u00e7as perderam entre 14,88 e 24,09 dias de escola e suas respectivas fam\u00edlias perderam entre 3,99 e 23,35 dias.<\/p>\n<p align=\"justify\">&#8220;<em>O \u00f4nus significativo das doen\u00e7as al\u00e9rgicas, de acordo com esta pesquisa, exige provid\u00eancias imediatas para melhorar seu tratamento<\/em>&#8220;, diz a Dra. Agache. &#8220;<em>Os tratamentos recomendados pelas diretrizes da EAACI podem melhorar os resultados, mas \u00e9 preciso adotar medidas globais de purifica\u00e7\u00e3o do ar para causar um impacto significativo<\/em>&#8220;, ressalta.<\/p>\n<p align=\"justify\">O Congresso tamb\u00e9m discute formas de facilitar a convers\u00e3o dos resultados de estudos e pesquisas em pr\u00e1ticas cl\u00ednicas de rotina. &#8220;Existem algumas t\u00e9cnicas experimentais com maior potencial para serem aplicadas na cl\u00ednica, como a citometria de fluxo para testes de ativa\u00e7\u00e3o de bas\u00f3filos ou ELISA para medir os n\u00edveis de periostina&#8221;, explica <strong>Mar\u00eda Escribese Alonso, vice-diretora de pesquisa da Faculdade de Medicina da Universidade CEU San Pablo e diretora do Instituto de Medicina Molecular Aplicada-Nemesio Diez<\/strong>. Ela tamb\u00e9m salienta que a Espanha \u00e9 um excelente pa\u00eds para a pesquisa translacional sobre alergia <em>&#8220;promovendo redes em que cl\u00ednicos e pesquisadores t\u00eam a oportunidade de colaborar em prol de um objetivo em comum&#8221;.<\/em><\/p>\n<p><strong>Contato com a imprensa EAACI<\/strong><br \/> +41 44 205 55 33<br \/><a href=\"https:\/\/www.globenewswire.com\/Tracker?data=RsbCGkSGRCAtNgdx-YbXNKr1Y3vlbCwmwPSxxglqmUof59usRR6yyxkbuRosJ8rsjazV95mjpykSDgFkUIbbtidZL9nGdjYlglKqeK-3_r3gTsDiob0KZOW9mouzCPGQ\" rel=\"nofollow noopener\" target=\"_blank\">communications@eaaci.org<\/a><\/p>\n<p>Uma foto que acompanha este an\u00fancio est\u00e1 dispon\u00edvel em\u00a0<a href=\"https:\/\/www.globenewswire.com\/Tracker?data=hduLZvTHmyDSLmQ3mkNHhytALUu_lZARB5IogXp9g3G3H8GgQzama54tK7myFNQE2yo0nBkbm9-adoTPV8vrYIAu9hl8BCg-46KMhBDkB6Jlvwi0f9rLs9qAuacrN_mo5EQEVp_J1idTsi3C2gKSjmHqBYRQ_GFfEZ1ZWnfVXrqg4zAgWS967HMxYB_L550RC7ThTBjSADn2R5wQkhyl6ujf9mXuPw2EOoBIiSIKckTg3FCeuFUqcXZbhbUzLfO3ug7RCAD7Os9S5c83NbM4iQ==\" rel=\"nofollow noopener\" target=\"_blank\">http:\/\/www.globenewswire.com\/NewsRoom\/AttachmentNg\/10adb810-ecda-4f52-aa8c-445a31170caa<\/a><\/p>\n<p> <img decoding=\"async\" class=\"__GNW8366DE3E__IMG\" src=\"https:\/\/www.globenewswire.com\/newsroom\/ti?nf=MTAwMDk2NDQ1MyM0MDE4NjQ3MjMjMjI2MTMzNw==\" \/> <br \/><img decoding=\"async\" src=\"https:\/\/ml-eu.globenewswire.com\/media\/YTUxZmYxMjQtNmEzYi00YjViLThjY2EtMWIxODk1NDFiMTcwLTEyNzI4ODc=\/tiny\/European-Academy-of-Allergy-an.png\" \/><\/p>\n<p>A <b>OESP<\/b> nao e(sao) responsavel(is) por erros, incorrecoes, atrasos ou quaisquer decisoes tomadas por seus clientes com base nos Conteudos ora disponibilizados, bem como tais Conteudos nao representam a opiniao da <b>OESP<\/b> e sao de inteira responsabilidade da <b>GlobeNewswire<\/b><\/p>\n","protected":false},"excerpt":{"rendered":"VALENCIA, Espanha, June  03, 2024  (GLOBE NEWSWIRE) &#8212; As doen\u00e7as al\u00e9rgicas t\u00eam um custo entre 1.823 e 6.656 euros por paciente p","protected":false},"author":1,"featured_media":0,"comment_status":"open","ping_status":"closed","sticky":false,"template":"","format":"standard","meta":{"_acf_changed":false,"inline_featured_image":false,"_monsterinsights_skip_tracking":false,"_monsterinsights_sitenote_active":false,"_monsterinsights_sitenote_note":"","_monsterinsights_sitenote_category":0,"footnotes":""},"categories":[34],"tags":[],"class_list":["post-94787","post","type-post","status-publish","format-standard","hentry","category-releases-geral"],"acf":[],"_links":{"self":[{"href":"https:\/\/bluestudio.estadao.com.br\/agencia-de-comunicacao\/wp-json\/wp\/v2\/posts\/94787","targetHints":{"allow":["GET"]}}],"collection":[{"href":"https:\/\/bluestudio.estadao.com.br\/agencia-de-comunicacao\/wp-json\/wp\/v2\/posts"}],"about":[{"href":"https:\/\/bluestudio.estadao.com.br\/agencia-de-comunicacao\/wp-json\/wp\/v2\/types\/post"}],"author":[{"embeddable":true,"href":"https:\/\/bluestudio.estadao.com.br\/agencia-de-comunicacao\/wp-json\/wp\/v2\/users\/1"}],"replies":[{"embeddable":true,"href":"https:\/\/bluestudio.estadao.com.br\/agencia-de-comunicacao\/wp-json\/wp\/v2\/comments?post=94787"}],"version-history":[{"count":0,"href":"https:\/\/bluestudio.estadao.com.br\/agencia-de-comunicacao\/wp-json\/wp\/v2\/posts\/94787\/revisions"}],"wp:attachment":[{"href":"https:\/\/bluestudio.estadao.com.br\/agencia-de-comunicacao\/wp-json\/wp\/v2\/media?parent=94787"}],"wp:term":[{"taxonomy":"category","embeddable":true,"href":"https:\/\/bluestudio.estadao.com.br\/agencia-de-comunicacao\/wp-json\/wp\/v2\/categories?post=94787"},{"taxonomy":"post_tag","embeddable":true,"href":"https:\/\/bluestudio.estadao.com.br\/agencia-de-comunicacao\/wp-json\/wp\/v2\/tags?post=94787"}],"curies":[{"name":"wp","href":"https:\/\/api.w.org\/{rel}","templated":true}]}}