{"id":94769,"date":"2024-06-03T15:42:00","date_gmt":"2024-06-03T18:42:00","guid":{"rendered":"https:\/\/bluestudio.estadao.com.br\/agencia-de-comunicacao\/prnewswire\/prnewsinternacional\/itaipu-encerra-participacao-no-10o-forum-mundial-da-agua\/"},"modified":"2024-06-03T15:42:00","modified_gmt":"2024-06-03T18:42:00","slug":"itaipu-encerra-participacao-no-10o-forum-mundial-da-agua","status":"publish","type":"post","link":"https:\/\/bluestudio.estadao.com.br\/agencia-de-comunicacao\/prnewswire\/prnewsinternacional\/itaipu-encerra-participacao-no-10o-forum-mundial-da-agua\/","title":{"rendered":"Itaipu encerra participa\u00e7\u00e3o no 10\u00ba F\u00f3rum Mundial da \u00c1gua"},"content":{"rendered":"<p><b>PR NEWSWIRE<\/b><\/p>\n<div class=\"xn-content\">\n<i>Empresa binacional trouxe iniciativas de sucesso na gest\u00e3o de recursos h\u00eddricos para o evento internacional<\/i><\/p>\n<p><span class=\"legendSpanClass\">FOZ DO IGUA\u00c7U, Brasil<\/span>, <span class=\"legendSpanClass\">3 de junho de 2024<\/span> \/PRNewswire\/ &#8212; O<sup>10\u00ba<\/sup> F\u00f3rum Mundial da \u00c1gua, realizado em <span class=\"xn-location\">Bali<\/span>, Indon\u00e9sia, foi conclu\u00eddo em 25 de maio com o lan\u00e7amento da Declara\u00e7\u00e3o Ministerial sobre &#8220;\u00c1gua para a Prosperidade Compartilhada&#8221;. Participaram da reuni\u00e3o delega\u00e7\u00f5es de 106 pa\u00edses e 27 organiza\u00e7\u00f5es internacionais. Uma delega\u00e7\u00e3o da Itaipu Binacional participou do evento, mostrando suas iniciativas bem-sucedidas na gest\u00e3o de recursos h\u00eddricos.<\/p>\n<div id=\"prni_dvprnejpg7230left\" dir=\"ltr\" style=\"width: 100%;text-align: left\"><img decoding=\"async\" id=\"prnejpg7230left\" title=\" \" src=\"https:\/\/mma.prnewswire.com\/media\/2428413\/Credit_Alexandre_Marchetti_Itaipu_Binacional.jpg\" alt=\" \" align=\"middle\" \/><\/div>\n<p>Na quarta-feira (22), Carlos\u00a0Carboni, Diretor de Coordena\u00e7\u00e3o da Itaipu, participou da sess\u00e3o &#8220;Acelerando o Progresso do Objetivo de Desenvolvimento Sustent\u00e1vel 6 (\u00c1gua Pot\u00e1vel e Saneamento) &#8211; Monitorando o ODS 6 e a Ferramenta ODS-PSS&#8221;, organizada pela Ag\u00eancia Nacional de \u00c1guas (ANA) no Pavilh\u00e3o da Am\u00e9rica Latina. A sess\u00e3o abordou diferentes maneiras de utilizar a ferramenta, que fornece informa\u00e7\u00f5es sobre como os pa\u00edses podem avan\u00e7ar, considerando sua realidade e contexto, para atingir as metas do ODS 6. Itaipu apresentou seus esfor\u00e7os relacionados ao ODS 6 e como est\u00e1 implementando os ODS no territ\u00f3rio.<\/p>\n<p>No painel &#8220;Pesquisa e Gest\u00e3o para Seguran\u00e7a H\u00eddrica&#8221;, moderado pelo Minist\u00e9rio do Meio Ambiente nesta quinta-feira (23), o pesquisador <span class=\"xn-person\">Lucas Henrique Garcia<\/span>, da Coordena\u00e7\u00e3o de Itaipu, discutiu o papel dos grandes empreendimentos hidrel\u00e9tricos na promo\u00e7\u00e3o da seguran\u00e7a h\u00eddrica em suas quatro dimens\u00f5es: humana, econ\u00f4mica, ecossist\u00eamica e resili\u00eancia. Foram apresentados exemplos de atividades da Itaipu no territ\u00f3rio em \u00e1reas de saneamento e conserva\u00e7\u00e3o de \u00e1gua e solo, promo\u00e7\u00e3o de usos m\u00faltiplos da \u00e1gua do reservat\u00f3rio e monitoramento de \u00e1guas subterr\u00e2neas.<\/p>\n<p>Tamb\u00e9m nesta quinta-feira (23), o diretor <span class=\"xn-person\">Carlos Carboni<\/span> participou das sess\u00f5es &#8220;\u00c1gua Pot\u00e1vel: Um Desafio para Comunidades Vulner\u00e1veis na Am\u00e9rica Latina&#8221;, e Daniel Bartiko, da Divis\u00e3o de Reservat\u00f3rios de Itaipu, esteve presente na sess\u00e3o plen\u00e1ria &#8220;Seguran\u00e7a H\u00eddrica em um Futuro Incerto: Gest\u00e3o Integrada de Recursos H\u00eddricos (GIRH) e os Impactos das Mudan\u00e7as Clim\u00e1ticas&#8221;, onde compartilharam as experi\u00eancias de Itaipu sobre esses temas. \u00a0<\/p>\n<p>Na sexta-feira (24), Bartiko discutiu os usos m\u00faltiplos do Reservat\u00f3rio de Itaipu e como a implanta\u00e7\u00e3o do zoneamento, utilizando ferramentas de geoprocessamento e modelagem hidrodin\u00e2mica, permite que essas atividades sejam realizadas de forma organizada, garantindo a conserva\u00e7\u00e3o das matas ciliares e da biodiversidade para prote\u00e7\u00e3o dos recursos h\u00eddricos.<\/p>\n<p>A participa\u00e7\u00e3o de Itaipu foi conclu\u00edda com o painel &#8220;\u00c1gua, Sociedade e Mudan\u00e7as Clim\u00e1ticas&#8221;, moderado por <span class=\"xn-person\">Luiz Henrique Maldonado<\/span>, da Divis\u00e3o de Estudos Hidrol\u00f3gicos e Energ\u00e9ticos do Departamento T\u00e9cnico de Itaipu, e contou com a participa\u00e7\u00e3o do Diretor de Coordena\u00e7\u00e3o e Moacir Schmengler, do Parque Tecnol\u00f3gico de Itaipu. A sess\u00e3o teve como objetivo discutir como diferentes organiza\u00e7\u00f5es da Am\u00e9rica Latina buscam entender os efeitos das mudan\u00e7as clim\u00e1ticas e seus impactos nos recursos h\u00eddricos e nas quest\u00f5es sociais.<\/p>\n<p>Itaipu tamb\u00e9m participou da sess\u00e3o plen\u00e1ria &#8220;Condu\u00e7\u00e3o do Compartilhamento de Dados e Governan\u00e7a&#8221;, com <span class=\"xn-person\">Jussara Elias de Souza<\/span>, da Divis\u00e3o de Reservat\u00f3rios de Itaipu. Newmar Wegner, do Parque Tecnol\u00f3gico de Itaipu, falou sobre &#8220;Inova\u00e7\u00e3o na Produ\u00e7\u00e3o de Dados&#8221;.<\/p>\n<p>De acordo com a chefe do escrit\u00f3rio de Itaipu em Bras\u00edlia, <span class=\"xn-person\">Ligia Leite Soares<\/span>, &#8220;o F\u00f3rum Mundial da \u00c1gua re\u00fane uma s\u00e9rie de pa\u00edses para discutir e compartilhar pr\u00e1ticas de gest\u00e3o sustent\u00e1vel da \u00e1gua, incluindo formas de evitar conflitos causados por \u00e1guas transfronteiri\u00e7as, e Itaipu \u00e9 um caso muito inspirador nesse sentido. Temos um exemplo concreto de coopera\u00e7\u00e3o internacional como solu\u00e7\u00e3o para enfrentar os desafios globais da \u00e1gua, dada a gest\u00e3o compartilhada de nossos recursos h\u00eddricos no Brasil e no Paraguai. Percebemos o interesse imediato de outros participantes do f\u00f3rum quando compartilhamos a experi\u00eancia de gest\u00e3o h\u00eddrica da Itaipu Binacional &#8220;.<\/p>\n<p><b><i>Itaipu<\/i><\/b><\/p>\n<p><i>Com 20 unidades geradoras e 14 mil MW de capacidade instalada, Itaipu \u00e9 l\u00edder global em gera\u00e7\u00e3o de energia limpa e renov\u00e1vel, tendo produzido 3 bilh\u00f5es de MWh desde 1984. Em 2023, representava cerca de 10% do fornecimento de energia el\u00e9trica do Brasil e 88% do Paraguai.<\/i><\/p>\n<p>Foto &#8211;\u00a0<a href=\"https:\/\/mma.prnewswire.com\/media\/2428413\/Credit_Alexandre_Marchetti_Itaipu_Binacional.jpg\" target=\"_blank\" rel=\"nofollow noopener\">https:\/\/mma.prnewswire.com\/media\/2428413\/Credit_Alexandre_Marchetti_Itaipu_Binacional.jpg<\/a><\/p>\n<p id=\"PURL\"><img loading=\"lazy\" decoding=\"async\" title=\"Cision\" width=\"12\" height=\"12\" alt=\"Cision\" src=\"https:\/\/c212.net\/c\/img\/favicon.png?sn=PT29610&amp;sd=2024-06-03\" \/> View original content:<a id=\"PRNURL\" rel=\"nofollow noopener\" href=\"https:\/\/www.prnewswire.com\/br\/comunicados-para-a-imprensa\/itaipu-encerra-participacao-no-10-forum-mundial-da-agua-302162214.html\" target=\"_blank\">https:\/\/www.prnewswire.com\/br\/comunicados-para-a-imprensa\/itaipu-encerra-participacao-no-10-forum-mundial-da-agua-302162214.html<\/a><\/p>\n<p>FONTE  Itaipu Binacional<\/p>\n<\/div>\n<p><img decoding=\"async\" alt=\"\" src=\"https:\/\/rt.prnewswire.com\/rt.gif?NewsItemId=PT29610&amp;Transmission_Id=202406031430PR_NEWS_LATAM____PT29610&amp;DateId=20240603\" style=\"border:0px;width:1px;height:1px\" \/><\/p>\n<p>A <b>OESP<\/b> n\u00e3o \u00e9(s\u00e3o) respons\u00e1vel(is) por erros, incorre\u00e7\u00f5es, atrasos ou quaisquer decis\u00f5es tomadas por seus clientes com base nos Conte\u00fados ora disponibilizados, bem como tais Conte\u00fados n\u00e3o representam a opini\u00e3o da <b>OESP<\/b> e s\u00e3o de inteira responsabilidade da <b>PR Newswire Ltda<\/b><\/p>\n","protected":false},"excerpt":{"rendered":"O10\u00ba F\u00f3rum Mundial da \u00c1gua, realizado em Bali, Indon\u00e9sia, foi conclu\u00eddo em 25 de maio com o lan\u00e7amento da Declara\u00e7\u00e3o Ministerial sobre &#8220;\u00c1gua para a Prosperidade Compartilhada&#8221;. Pa","protected":false},"author":1,"featured_media":0,"comment_status":"open","ping_status":"closed","sticky":false,"template":"","format":"standard","meta":{"_acf_changed":false,"inline_featured_image":false,"_monsterinsights_skip_tracking":false,"_monsterinsights_sitenote_active":false,"_monsterinsights_sitenote_note":"","_monsterinsights_sitenote_category":0,"footnotes":""},"categories":[31],"tags":[],"class_list":["post-94769","post","type-post","status-publish","format-standard","hentry","category-prnewsinternacional"],"acf":[],"_links":{"self":[{"href":"https:\/\/bluestudio.estadao.com.br\/agencia-de-comunicacao\/wp-json\/wp\/v2\/posts\/94769","targetHints":{"allow":["GET"]}}],"collection":[{"href":"https:\/\/bluestudio.estadao.com.br\/agencia-de-comunicacao\/wp-json\/wp\/v2\/posts"}],"about":[{"href":"https:\/\/bluestudio.estadao.com.br\/agencia-de-comunicacao\/wp-json\/wp\/v2\/types\/post"}],"author":[{"embeddable":true,"href":"https:\/\/bluestudio.estadao.com.br\/agencia-de-comunicacao\/wp-json\/wp\/v2\/users\/1"}],"replies":[{"embeddable":true,"href":"https:\/\/bluestudio.estadao.com.br\/agencia-de-comunicacao\/wp-json\/wp\/v2\/comments?post=94769"}],"version-history":[{"count":0,"href":"https:\/\/bluestudio.estadao.com.br\/agencia-de-comunicacao\/wp-json\/wp\/v2\/posts\/94769\/revisions"}],"wp:attachment":[{"href":"https:\/\/bluestudio.estadao.com.br\/agencia-de-comunicacao\/wp-json\/wp\/v2\/media?parent=94769"}],"wp:term":[{"taxonomy":"category","embeddable":true,"href":"https:\/\/bluestudio.estadao.com.br\/agencia-de-comunicacao\/wp-json\/wp\/v2\/categories?post=94769"},{"taxonomy":"post_tag","embeddable":true,"href":"https:\/\/bluestudio.estadao.com.br\/agencia-de-comunicacao\/wp-json\/wp\/v2\/tags?post=94769"}],"curies":[{"name":"wp","href":"https:\/\/api.w.org\/{rel}","templated":true}]}}