{"id":94721,"date":"2024-05-27T13:00:00","date_gmt":"2024-05-27T16:00:00","guid":{"rendered":"https:\/\/bluestudio.estadao.com.br\/agencia-de-comunicacao\/?p=94721"},"modified":"2024-06-03T10:54:15","modified_gmt":"2024-06-03T13:54:15","slug":"bndes-lanca-chamada-publica-para-selecao-de-fundo-de-investimento-em-participacoes-no-setor-de-mineracao","status":"publish","type":"post","link":"https:\/\/bluestudio.estadao.com.br\/agencia-de-comunicacao\/agencia-minera-brasil\/bndes-lanca-chamada-publica-para-selecao-de-fundo-de-investimento-em-participacoes-no-setor-de-mineracao\/","title":{"rendered":"BNDES LAN\u00c7A CHAMADA P\u00daBLICA PARA SELE\u00c7\u00c3O DE FUNDO DE INVESTIMENTO EM PARTICIPA\u00c7\u00d5ES NO SETOR DE MINERA\u00c7\u00c3O"},"content":{"rendered":"\n<p><strong>A Chamada P\u00fablica tem por objetivo selecionar um Fundo de Investimento em Participa\u00e7\u00f5es no Setor de Minera\u00e7\u00e3o. O Fundo visa apoiar a companhias que possuam projetos para pesquisar, desenvolver, implantar ou operar minas de minerais, em especial, aqueles destinados a aplica\u00e7\u00e3o em transi\u00e7\u00e3o energ\u00e9tica e descarboniza\u00e7\u00e3o ou fertiliza\u00e7\u00e3o do solo.<\/strong><\/p>\n\n\n\n<p><strong>Participa\u00e7\u00e3o da BNDESPAR<\/strong><\/p>\n\n\n\n<p>A participa\u00e7\u00e3o da BNDESPAR no capital comprometido do fundo selecionado ser\u00e1 de at\u00e9 25%, sendo limitada a no m\u00ednimo R$ 100 milh\u00f5es e no m\u00e1ximo R$ 250 milh\u00f5es.<\/p>\n\n\n\n<p><strong>Crit\u00e9rios de avalia\u00e7\u00e3o<\/strong><\/p>\n\n\n\n<p>As propostas recebidas ser\u00e3o avaliadas de acordo com os crit\u00e9rios definidos no Edital de Chamada P\u00fablica, tais como: hist\u00f3rico do gestor; equipe; tese de investimento; custos do fundo; e ader\u00eancia das companhias alvo ao perfil descrito.<\/p>\n\n\n\n<p><strong>Como participar<\/strong><\/p>\n\n\n\n<p>As propostas dever\u00e3o ser encaminhadas conforme Roteiro disponibilizado. Toda a documenta\u00e7\u00e3o necess\u00e1ria dever\u00e1 ser encaminhada ao BNDES, por meio do Portal do Cliente, no formato PDF pesquis\u00e1vel (sem bloqueio de senha), a partir de 01.07.2024 at\u00e9 18h00 do dia 23.07.2024.<\/p>\n\n\n\n<p><strong>O BNDES recomenda que os interessados antecipem o preenchimento de suas informa\u00e7\u00f5es no site do banco para evitar o envio da sua proposta nos \u00faltimos dias de prazo. Qualquer comunica\u00e7\u00e3o sobre a Chamada P\u00fablica, incluindo d\u00favidas sobre o Roteiro ou o processo seletivo, dever\u00e1 ser encaminhada ao BNDES por meio eletr\u00f4nico atrav\u00e9s do endere\u00e7o fipmineral2024@bndes.gov.br<\/strong><\/p>\n\n\n\n<p>A&nbsp;<strong>OESP<\/strong>&nbsp;n\u00e3o \u00e9(s\u00e3o) respons\u00e1vel(is) por erros, incorre\u00e7\u00f5es, atrasos ou quaisquer decis\u00f5es tomadas por seus clientes com base nos Conte\u00fados ora disponibilizados, bem como tais Conte\u00fados n\u00e3o representam a opini\u00e3o da&nbsp;<strong>OESP<\/strong>&nbsp;e s\u00e3o de inteira responsabilidade da&nbsp;<strong>WP Comunica\u00e7\u00e3o LTDA<\/strong><\/p>\n","protected":false},"excerpt":{"rendered":"A Chamada P\u00fablica tem por objetivo selecionar um Fundo de Investimento em Participa\u00e7\u00f5es no Setor de Minera\u00e7\u00e3o. O Fundo&#8230;","protected":false},"author":12,"featured_media":0,"comment_status":"open","ping_status":"closed","sticky":false,"template":"","format":"standard","meta":{"_acf_changed":false,"inline_featured_image":false,"_monsterinsights_skip_tracking":false,"_monsterinsights_sitenote_active":false,"_monsterinsights_sitenote_note":"","_monsterinsights_sitenote_category":0,"footnotes":""},"categories":[351],"tags":[],"class_list":["post-94721","post","type-post","status-publish","format-standard","hentry","category-agencia-minera-brasil"],"acf":[],"_links":{"self":[{"href":"https:\/\/bluestudio.estadao.com.br\/agencia-de-comunicacao\/wp-json\/wp\/v2\/posts\/94721","targetHints":{"allow":["GET"]}}],"collection":[{"href":"https:\/\/bluestudio.estadao.com.br\/agencia-de-comunicacao\/wp-json\/wp\/v2\/posts"}],"about":[{"href":"https:\/\/bluestudio.estadao.com.br\/agencia-de-comunicacao\/wp-json\/wp\/v2\/types\/post"}],"author":[{"embeddable":true,"href":"https:\/\/bluestudio.estadao.com.br\/agencia-de-comunicacao\/wp-json\/wp\/v2\/users\/12"}],"replies":[{"embeddable":true,"href":"https:\/\/bluestudio.estadao.com.br\/agencia-de-comunicacao\/wp-json\/wp\/v2\/comments?post=94721"}],"version-history":[{"count":1,"href":"https:\/\/bluestudio.estadao.com.br\/agencia-de-comunicacao\/wp-json\/wp\/v2\/posts\/94721\/revisions"}],"predecessor-version":[{"id":94722,"href":"https:\/\/bluestudio.estadao.com.br\/agencia-de-comunicacao\/wp-json\/wp\/v2\/posts\/94721\/revisions\/94722"}],"wp:attachment":[{"href":"https:\/\/bluestudio.estadao.com.br\/agencia-de-comunicacao\/wp-json\/wp\/v2\/media?parent=94721"}],"wp:term":[{"taxonomy":"category","embeddable":true,"href":"https:\/\/bluestudio.estadao.com.br\/agencia-de-comunicacao\/wp-json\/wp\/v2\/categories?post=94721"},{"taxonomy":"post_tag","embeddable":true,"href":"https:\/\/bluestudio.estadao.com.br\/agencia-de-comunicacao\/wp-json\/wp\/v2\/tags?post=94721"}],"curies":[{"name":"wp","href":"https:\/\/api.w.org\/{rel}","templated":true}]}}