{"id":94596,"date":"2024-05-29T13:20:00","date_gmt":"2024-05-29T16:20:00","guid":{"rendered":"https:\/\/bluestudio.estadao.com.br\/agencia-de-comunicacao\/releases\/releases-geral\/capacitacao-ajuda-a-preservar-moda-tradicional-marajoara\/"},"modified":"2024-05-29T13:20:00","modified_gmt":"2024-05-29T16:20:00","slug":"capacitacao-ajuda-a-preservar-moda-tradicional-marajoara","status":"publish","type":"post","link":"https:\/\/bluestudio.estadao.com.br\/agencia-de-comunicacao\/releases\/releases-geral\/capacitacao-ajuda-a-preservar-moda-tradicional-marajoara\/","title":{"rendered":"Capacita\u00e7\u00e3o ajuda a preservar moda tradicional marajoara"},"content":{"rendered":"<p><b>DINO DIVULGADOR DE NOT\u00cdCIAS<\/b><\/p>\n<p>Maraj\u00f3, Par\u00e1&#8211;(<a target='_blank' href='http:\/\/www.dino.com.br' rel=\"noopener\">DINO<\/a> &#8211; 29 mai, 2024) &#8211; <\/p>\n<p style='font-weight: 400' data-mce-style='font-weight: 400;'>Resgatar nas roupas os grafismos herdados pelos povos ancestrais da Ilha do Maraj\u00f3, no Par\u00e1, e transmitir esse conhecimento para as novas gera\u00e7\u00f5es, evitando que essa rica heran\u00e7a se perca com o tempo. Esse \u00e9 o desafio e uma das miss\u00f5es das artes\u00e3s da regi\u00e3o &#8211; entre elas, Rosilda Angelim, criadora da marca Ca\u00f1yb\u00f3. Ela viu suas produ\u00e7\u00f5es ultrapassarem os limites do estado depois de participar das capacita\u00e7\u00f5es promovidas pelo Sebrae no Par\u00e1 junto com outras 47 empreendedoras do munic\u00edpio de Soure. Hoje, sua loja produz em m\u00e9dia 300 pe\u00e7as por m\u00eas, que s\u00e3o comercializadas em lojas de Bel\u00e9m e por aplicativo de mensagens.&nbsp;<\/p>\n<p style='font-weight: 400' data-mce-style='font-weight: 400;'>A empreendedora aprendeu na inf\u00e2ncia a arte da costura com sua m\u00e3e, que trabalhava com alfaiataria. Segundo Rosilda, nem sempre o retorno financeiro era o esperado porque as pessoas n\u00e3o gostavam de pagar o real valor de uma pe\u00e7a feita sob medida. Por isso, ela queria seguir um of\u00edcio que levasse menos tempo para produzir as pe\u00e7as e pagasse mais. Foi no Sebrae que aprendeu a trabalhar com o tecido plano &#8211; a base da camisaria marajoara &#8211; e com costura industrial.&nbsp;<\/p>\n<p style='font-weight: 400' data-mce-style='font-weight: 400;'>&#8216;N\u00e3o tinha t\u00e9cnica, mas aprendi no curso. E ainda levei minha equipe porque, para cobrar um bom desempenho das costureiras, eu precisava saber fazer&#8217;, afirma. Antes, ela j\u00e1 havia feito serigrafia. Depois das capacita\u00e7\u00f5es, acredita que a qualidade do produto final da sua marca melhorou muito.&nbsp;<\/p>\n<p style='font-weight: 400' data-mce-style='font-weight: 400;'>Para Rubens Magno, diretor-superintendente do Sebrae no Par\u00e1, a preserva\u00e7\u00e3o da tradi\u00e7\u00e3o marajoara na moda \u00e9 fundamental para a manuten\u00e7\u00e3o da riqueza cultural do estado e tamb\u00e9m para o fortalecimento da economia da regi\u00e3o. Por isso, as capacita\u00e7\u00f5es abriram a perspectiva de profissionaliza\u00e7\u00e3o para muitas mulheres que j\u00e1 trabalhavam com os grafismos marajoaras e com as tradicionais camisas dos vaqueiros do Maraj\u00f3.&nbsp;<\/p>\n<p style='font-weight: 400' data-mce-style='font-weight: 400;'>&#8216;Como os produtos regionais s\u00e3o cada vez mais objeto de desejo das pessoas, pois s\u00e3o pe\u00e7as \u00fanicas e aut\u00eanticas, temos certeza de que v\u00e3o encantar os turistas que, cada vez mais, v\u00eam visitar o Par\u00e1 por causa da realiza\u00e7\u00e3o da Confer\u00eancia do Clima, no pr\u00f3ximo ano. Temos trabalhado com empreendedores de diversos setores para capacit\u00e1-los a aproveitar essas oportunidades que a COP 30 j\u00e1 est\u00e1 proporcionando&#8217;, explica.<\/p>\n<p style='font-weight: 400' data-mce-style='font-weight: 400;'>Rosilda confirma a percep\u00e7\u00e3o do diretor do Sebrae\/PA: ela percebeu um aumento nas encomendas e j\u00e1 h\u00e1 pedidos de outros estados para conhecer os modelos que cria. Parte desse aumento das vendas na Ca\u00f1yb\u00f3 se deve \u00e0 participa\u00e7\u00e3o no segundo desfile da cole\u00e7\u00e3o &#8216;C\u00e1psula Maraj\u00f3&#8217;, realizado no Parque Estadual do Utinga, em Bel\u00e9m. &#8216;Foi uma oportunidade \u00fanica de mostrar nosso trabalho e de expandir os grafismos de Maraj\u00f3 para al\u00e9m do nosso estado. Ganhamos muitos seguidores no Instagram e temos recebido pedidos de outros estados&#8217;, conta.<\/p>\n<p style='font-weight: 400' data-mce-style='font-weight: 400;'><strong>A arte do Maraj\u00f3<\/strong><\/p>\n<p style='font-weight: 400' data-mce-style='font-weight: 400;'>Inspirados na cer\u00e2mica ancestral produzida pelos povos ind\u00edgenas do Maraj\u00f3, os grafismos foram catalogados e reproduzidos em um livro escrito pelo padre italiano Giovanni Gallo, fundador do Museu do Maraj\u00f3, em Cachoeira do Arari, e lan\u00e7ado em 1996. A persist\u00eancia e o empenho do padre foram fundamentais para transformar os fragmentos de cer\u00e2mica que recebeu de amigos, contendo os intrincados padr\u00f5es do grafismo marajoara, em uma fonte de inspira\u00e7\u00e3o para as bordadeiras locais, gerando empregos e renda para as fam\u00edlias da regi\u00e3o.<\/p>\n<p style='font-weight: 400' data-mce-style='font-weight: 400;'>Al\u00e9m dos grafismos, Rosilda diz que as pe\u00e7as que cria tamb\u00e9m t\u00eam inspira\u00e7\u00e3o na flora e fauna do Maraj\u00f3. &#8216;Como olhar os grafismos e n\u00e3o enxergar ali as ondas do mar ou uma cobra? Temos tamb\u00e9m as hist\u00f3rias dos vaqueiros que est\u00e3o nos nossos cantos. Ent\u00e3o, inspira\u00e7\u00e3o n\u00e3o falta&#8217;, afirma. &#8216;Costumo dizer que criei moda sem saber. Na verdade, eu apenas achava que o grafismo do Maraj\u00f3 ca\u00eda bem em qualquer pe\u00e7a: vestidos, cropped, saia, camisa, top, chap\u00e9u de palha&#8217;.<\/p>\n<p style='font-weight: 400' data-mce-style='font-weight: 400;'>\n<p>Website: <a target='_blank' href='https:\/\/sebrae.com.br\/sites\/PortalSebrae\/ufs\/pa?codUf=15' rel=\"follow noopener\">https:\/\/sebrae.com.br\/sites\/PortalSebrae\/ufs\/pa?codUf=15<\/a><img src='https:\/\/api.dino.com.br\/v2\/news\/tr\/304817' alt='' style='border:0px;width:1px;height:1px' \/><br \/>\nA <b>OESP<\/b> n\u00e3o \u00e9(s\u00e3o) respons\u00e1vel(is) por erros, incorre\u00e7\u00f5es, atrasos ou quaisquer decis\u00f5es tomadas por seus clientes com base nos Conte\u00fados ora disponibilizados, bem como tais Conte\u00fados n\u00e3o representam a opini\u00e3o da <b>OESP<\/b> e s\u00e3o de inteira responsabilidade da <b>Dino Divulgador de Noticias Online Ltda<\/b><\/p>\n","protected":false},"excerpt":{"rendered":"Maraj\u00f3, Par\u00e1&#8211;(DINO &#8211; 29 mai, 2024) &#8211; \nResgatar nas roupas os grafismos herdados pelos povos ancestrais da Ilha do Ma","protected":false},"author":1,"featured_media":0,"comment_status":"open","ping_status":"closed","sticky":false,"template":"","format":"standard","meta":{"_acf_changed":false,"inline_featured_image":false,"_monsterinsights_skip_tracking":false,"_monsterinsights_sitenote_active":false,"_monsterinsights_sitenote_note":"","_monsterinsights_sitenote_category":0,"footnotes":""},"categories":[34],"tags":[],"class_list":["post-94596","post","type-post","status-publish","format-standard","hentry","category-releases-geral"],"acf":[],"_links":{"self":[{"href":"https:\/\/bluestudio.estadao.com.br\/agencia-de-comunicacao\/wp-json\/wp\/v2\/posts\/94596","targetHints":{"allow":["GET"]}}],"collection":[{"href":"https:\/\/bluestudio.estadao.com.br\/agencia-de-comunicacao\/wp-json\/wp\/v2\/posts"}],"about":[{"href":"https:\/\/bluestudio.estadao.com.br\/agencia-de-comunicacao\/wp-json\/wp\/v2\/types\/post"}],"author":[{"embeddable":true,"href":"https:\/\/bluestudio.estadao.com.br\/agencia-de-comunicacao\/wp-json\/wp\/v2\/users\/1"}],"replies":[{"embeddable":true,"href":"https:\/\/bluestudio.estadao.com.br\/agencia-de-comunicacao\/wp-json\/wp\/v2\/comments?post=94596"}],"version-history":[{"count":0,"href":"https:\/\/bluestudio.estadao.com.br\/agencia-de-comunicacao\/wp-json\/wp\/v2\/posts\/94596\/revisions"}],"wp:attachment":[{"href":"https:\/\/bluestudio.estadao.com.br\/agencia-de-comunicacao\/wp-json\/wp\/v2\/media?parent=94596"}],"wp:term":[{"taxonomy":"category","embeddable":true,"href":"https:\/\/bluestudio.estadao.com.br\/agencia-de-comunicacao\/wp-json\/wp\/v2\/categories?post=94596"},{"taxonomy":"post_tag","embeddable":true,"href":"https:\/\/bluestudio.estadao.com.br\/agencia-de-comunicacao\/wp-json\/wp\/v2\/tags?post=94596"}],"curies":[{"name":"wp","href":"https:\/\/api.w.org\/{rel}","templated":true}]}}