{"id":94454,"date":"2024-05-27T12:56:00","date_gmt":"2024-05-27T15:56:00","guid":{"rendered":"https:\/\/bluestudio.estadao.com.br\/agencia-de-comunicacao\/releases\/releases-geral\/diagnostico-e-tema-do-dia-mundial-da-esclerose-multipla\/"},"modified":"2024-05-27T12:56:00","modified_gmt":"2024-05-27T15:56:00","slug":"diagnostico-e-tema-do-dia-mundial-da-esclerose-multipla","status":"publish","type":"post","link":"https:\/\/bluestudio.estadao.com.br\/agencia-de-comunicacao\/releases\/releases-geral\/diagnostico-e-tema-do-dia-mundial-da-esclerose-multipla\/","title":{"rendered":"Diagn\u00f3stico \u00e9 tema do Dia Mundial da Esclerose M\u00faltipla"},"content":{"rendered":"<p><b>DINO DIVULGADOR DE NOT\u00cdCIAS<\/b><\/p>\n<p>S\u00e3o Paulo&#8211;(<a target='_blank' href='http:\/\/www.dino.com.br' rel=\"noopener\">DINO<\/a> &#8211; 27 mai, 2024) &#8211;<br \/>\nS\u00e3o <a rel=\"follow noopener\" target='_blank' href='https:\/\/www.abem.org.br\/atlas-da-esclerose-multipla-3\/#:~:text=O%20Atlas%20da%20EM%20%C3%A9,EM%20em%20todo%20o%20mundo.' data-mce-target='_blank'>2.8 milh\u00f5es de pessoas<\/a> no mundo que convivem com o diagn\u00f3stico de Esclerose M\u00faltipla, e chegar at\u00e9 ele \u00e9 uma jornada que se diferencia em quest\u00f5es do tempo, acesso \u00e0 informa\u00e7\u00e3o e aos tratamentos. Levando o tema &#8216; Vamos falar sobre Diagn\u00f3stico&#8217; a live organizada pela Associa\u00e7\u00e3o Amigos M\u00faltiplos Pela Esclerose (AME) acontecer\u00e1 dia 28 de maio, pr\u00f3xima ter\u00e7a-feira, \u00e0s 19 horas no <a rel=\"follow noopener\" target='_blank' href='https:\/\/www.instagram.com\/amigosmultiplos\/' data-mce-target='_blank'>Instagram<\/a> da organiza\u00e7\u00e3o.<\/p>\n<p>A Esclerose M\u00faltipla (EM) \u00e9 uma doen\u00e7a neurol\u00f3gica, cr\u00f4nica e autoimune, que come\u00e7a a se manifestar geralmente em adultos jovens. Para marcar o&nbsp; Dia Mundial da Esclerose M\u00faltipla, que acontece todo o dia 30 de maio, a live convida para um bate-papo pacientes que convivem com a condi\u00e7\u00e3o em diferentes partes do Brasil todo.<\/p>\n<p>O bate-papo tem como objetivo dar voz aos pacientes mostrando as realidades de acesso a tratamentos, expectativas e o lado emocional do diagn\u00f3stico. A apresenta\u00e7\u00e3o ser\u00e1 de Marcia Denardin, comunicadora, diretora e co-produtora do document\u00e1rio &#8216;Esclerosada n\u00e3o \u00e9 a V\u00f3&#8217;, que faz parte do time de relacionamento da AME &amp; CDD. Estar\u00e1 presente tamb\u00e9m o Dr. Ricardo Gon\u00e7alves, neurologista coordenador dos ambulat\u00f3rios de Neuroimunologia do Hospital Governador Celso Ramos e do Hospital Universit\u00e1rio da Universidade Federal de Santa Catarina.&nbsp;<\/p>\n<p>Segundo, Marcia &#8216; Falar sobre o diagn\u00f3stico precoce para Esclerose M\u00faltipla \u00e9 fundamental para come\u00e7ar o tratamento adequado.&nbsp; Isso al\u00e9m de melhorar a qualidade de vida, ajuda os pacientes a voltarem para suas vidas e se sentirem capazes de voltar a realizarem atividades do seu dia dia.&#8217;<\/p>\n<p><strong>Uma grande conquista: Dia Mundial da Esclerose M\u00faltipla&nbsp;<\/strong><\/p>\n<p>O Dia Mundial da Esclerose M\u00faltipla foi institu\u00eddo todo dia 30 de maio, \u00e9 celebrado desde 2009. Ele foi criado pela Federa\u00e7\u00e3o Internacional de Esclerose M\u00faltipla (MSIF) em conjunto com diversos pa\u00edses, desde de ent\u00e3o, as campanhas feitas por outras organiza\u00e7\u00f5es alcan\u00e7aram milhares de pessoas ao redor do mundo contribuindo para informa\u00e7\u00e3o de qualidade e acolhimento.<\/p>\n<p><strong>Sobre a AME<\/strong><\/p>\n<p>A AME nasceu do sonho de divulgar a EM, contribuindo para a busca do diagn\u00f3stico precoce, tratamento adequado e melhora da qualidade de vida de pacientes, seus amigos e familiares.<\/p>\n<p>Desde 2012, tem como principal lema reunir pessoas e institui\u00e7\u00f5es relacionadas \u00e0 causa, difundir o conhecimento sobre a Esclerose M\u00faltipla e contribuir para o diagn\u00f3stico precoce. Acreditamos que #Informa\u00e7\u00e3o\u00c9OMelhorRem\u00e9dio e o nosso objetivo \u00e9 apoiar todo o potencial humano para ampliar as perspectivas de vida das pessoas com condi\u00e7\u00e3o cr\u00f4nica de doen\u00e7as. Contamos com a sua presen\u00e7a no pr\u00f3ximo evento online, &#8216;Vamos falar sobre Diagn\u00f3stico&#8217;, dia 27 de maio \u00e0s 19h no Instagram @amigosmultiplos.<\/p>\n<p>Website: <a target='_blank' href='https:\/\/amigosmultiplos.org.br\/sobre\/' rel=\"follow noopener\">https:\/\/amigosmultiplos.org.br\/sobre\/<\/a><img src='https:\/\/api.dino.com.br\/v2\/news\/tr\/289763' alt='' style='border:0px;width:1px;height:1px' \/><br \/>\nA <b>OESP<\/b> n\u00e3o \u00e9(s\u00e3o) respons\u00e1vel(is) por erros, incorre\u00e7\u00f5es, atrasos ou quaisquer decis\u00f5es tomadas por seus clientes com base nos Conte\u00fados ora disponibilizados, bem como tais Conte\u00fados n\u00e3o representam a opini\u00e3o da <b>OESP<\/b> e s\u00e3o de inteira responsabilidade da <b>Dino Divulgador de Noticias Online Ltda<\/b><\/p>\n","protected":false},"excerpt":{"rendered":"S\u00e3o Paulo&#8211;(DINO &#8211; 27 mai, 2024) &#8211;\nS\u00e3o 2.8 milh\u00f5es de pessoas no mundo que convivem com o diagn\u00f3stico de Esclerose M\u00faltipla, e chegar at\u00e9 ele \u00e9 uma jornada que se diferencia em qu","protected":false},"author":1,"featured_media":0,"comment_status":"open","ping_status":"closed","sticky":false,"template":"","format":"standard","meta":{"_acf_changed":false,"inline_featured_image":false,"_monsterinsights_skip_tracking":false,"_monsterinsights_sitenote_active":false,"_monsterinsights_sitenote_note":"","_monsterinsights_sitenote_category":0,"footnotes":""},"categories":[34],"tags":[],"class_list":["post-94454","post","type-post","status-publish","format-standard","hentry","category-releases-geral"],"acf":[],"_links":{"self":[{"href":"https:\/\/bluestudio.estadao.com.br\/agencia-de-comunicacao\/wp-json\/wp\/v2\/posts\/94454","targetHints":{"allow":["GET"]}}],"collection":[{"href":"https:\/\/bluestudio.estadao.com.br\/agencia-de-comunicacao\/wp-json\/wp\/v2\/posts"}],"about":[{"href":"https:\/\/bluestudio.estadao.com.br\/agencia-de-comunicacao\/wp-json\/wp\/v2\/types\/post"}],"author":[{"embeddable":true,"href":"https:\/\/bluestudio.estadao.com.br\/agencia-de-comunicacao\/wp-json\/wp\/v2\/users\/1"}],"replies":[{"embeddable":true,"href":"https:\/\/bluestudio.estadao.com.br\/agencia-de-comunicacao\/wp-json\/wp\/v2\/comments?post=94454"}],"version-history":[{"count":0,"href":"https:\/\/bluestudio.estadao.com.br\/agencia-de-comunicacao\/wp-json\/wp\/v2\/posts\/94454\/revisions"}],"wp:attachment":[{"href":"https:\/\/bluestudio.estadao.com.br\/agencia-de-comunicacao\/wp-json\/wp\/v2\/media?parent=94454"}],"wp:term":[{"taxonomy":"category","embeddable":true,"href":"https:\/\/bluestudio.estadao.com.br\/agencia-de-comunicacao\/wp-json\/wp\/v2\/categories?post=94454"},{"taxonomy":"post_tag","embeddable":true,"href":"https:\/\/bluestudio.estadao.com.br\/agencia-de-comunicacao\/wp-json\/wp\/v2\/tags?post=94454"}],"curies":[{"name":"wp","href":"https:\/\/api.w.org\/{rel}","templated":true}]}}