{"id":94448,"date":"2024-05-27T10:30:00","date_gmt":"2024-05-27T13:30:00","guid":{"rendered":"https:\/\/bluestudio.estadao.com.br\/agencia-de-comunicacao\/releases\/releases-geral\/terceiro-setor-tambem-deve-integrar-principios-de-governanca\/"},"modified":"2024-05-27T10:30:00","modified_gmt":"2024-05-27T13:30:00","slug":"terceiro-setor-tambem-deve-integrar-principios-de-governanca","status":"publish","type":"post","link":"https:\/\/bluestudio.estadao.com.br\/agencia-de-comunicacao\/releases\/releases-geral\/terceiro-setor-tambem-deve-integrar-principios-de-governanca\/","title":{"rendered":"Terceiro setor tamb\u00e9m deve integrar princ\u00edpios de governan\u00e7a"},"content":{"rendered":"<p><b>DINO DIVULGADOR DE NOT\u00cdCIAS<\/b><\/p>\n<p>Belo Horizonte, MG&#8211;(<a target='_blank' href='http:\/\/www.dino.com.br' rel=\"noopener\">DINO<\/a> &#8211; 27 mai, 2024) &#8211;<br \/>\nSustentabilidade &eacute; uma das palavras de ordem do universo corporativo. Seja nas redes sociais, nos outdoors ou em comerciais de r&aacute;dio e TV, as marcas v&ecirc;m investindo em campanhas que as associem a responsabilidades ambiental e social. Entretanto, essa nova realidade aponta para uma transforma&ccedil;&atilde;o ainda mais complexa.<\/p>\n<p>A ado&ccedil;&atilde;o de pautas relacionadas &agrave; ESG &ndash; sigla inglesa de governan&ccedil;a ambiental, social e corporativa &ndash; ganha &ecirc;nfase diante de pap&eacute;is mais ativos das empresas na sociedade. E isso vai al&eacute;m da realidade econ&ocirc;mica de cada uma. At&eacute; mesmo as organiza&ccedil;&otilde;es da sociedade civil (OSCs), que t&ecirc;m boa parte de suas receitas provenientes de doa&ccedil;&otilde;es, tamb&eacute;m v&atilde;o agregando responsabilidades semelhantes. Ainda que j&aacute; nas&ccedil;am focadas em promover mudan&ccedil;as na sociedade, as entidades do terceiro setor se esfor&ccedil;am para mergulhar em pautas que v&atilde;o al&eacute;m de suas fun&ccedil;&otilde;es.<\/p>\n<p>&ldquo;Essa transforma&ccedil;&atilde;o n&atilde;o &eacute; f&aacute;cil&rdquo;, reconhece <a rel=\"follow noopener\" target='_blank' href='https:\/\/aquinoresende.com.br\/'>Tom&aacute;z de Aquino Rezende, advogado especializado em assist&ecirc;ncia jur&iacute;dica voltada para entidades sem fins lucrativos e presidente da Confedera&ccedil;&atilde;o Brasileira de Funda&ccedil;&otilde;es (Cebraf)<\/a>. &ldquo;Mas ela &eacute; cada vez mais necess&aacute;ria, uma vez que as entidades tamb&eacute;m devem ajudar na constru&ccedil;&atilde;o de uma coletividade mais consciente, participativa e sustent&aacute;vel&rdquo;, afirma.<\/p>\n<p>Entretanto, analisa o jurista, h&aacute; uma tend&ecirc;ncia que ele considera natural na adapta&ccedil;&atilde;o pelas organiza&ccedil;&otilde;es da sociedade civil (OSCs). Segundo ele, isso ocorre porque as organiza&ccedil;&otilde;es do terceiro setor j&aacute; nascem para atender a demandas sociais espec&iacute;ficas. Algo que vai ao encontro da agenda proposta pela ESG. &ldquo;&Eacute; diferente, por exemplo, das empresas com fins lucrativos, que precisam aliar o objetivo econ&ocirc;mico com as pautas sociais e ambientais. No caso das OSCs, elas n&atilde;o s&atilde;o a causa do problema. Elas s&atilde;o a solu&ccedil;&atilde;o&rdquo;, compara.<\/p>\n<p>Ele cita o <a rel=\"follow noopener\" target='_blank' href='https:\/\/mapaosc.ipea.gov.br\/'>Mapa das Organiza&ccedil;&otilde;es da Sociedade Civil<\/a>, produzido pelo Instituto de Pesquisa Econ&ocirc;mica Aplicada (Ipea), para comprovar sua tese. Na edi&ccedil;&atilde;o de 2020, havia 815 mil entidades do terceiro setor em atividade no pa&iacute;s. De todas elas, 35,9% atuavam no desenvolvimento e na defesa de direitos e interesses, enquanto outros 29,6% realizavam atividades espec&iacute;ficas mantidas por alguma entidade religiosa. Cultura e recrea&ccedil;&atilde;o (10,9%), assist&ecirc;ncia social (3,6%) e educa&ccedil;&atilde;o e pesquisa (3,6%) apareceram na sequ&ecirc;ncia dos setores predominantes.<\/p>\n<p>&ldquo;Uma organiza&ccedil;&atilde;o que tenha por objetivo garantir o acesso de uma comunidade &agrave; educa&ccedil;&atilde;o ou &agrave; sa&uacute;de, por exemplo, j&aacute; atua com o prop&oacute;sito de romper com a desigualdade que serve de nascedouro para a mis&eacute;ria, para a viol&ecirc;ncia e para o trabalho infantil, dentre tantas outras mazelas. Isso a coloca mais pr&oacute;xima das adequa&ccedil;&otilde;es &agrave;s pol&iacute;ticas de ESG&rdquo;, observa <a rel=\"follow noopener\" target='_blank' href='https:\/\/aquinoresende.com.br\/'>Tom&aacute;z de Aquino Rezende<\/a>.<\/p>\n<p><strong>Entidades carecem de consultoria especializada<\/strong><\/p>\n<p>Mas isso n&atilde;o significa que n&atilde;o haja falhas entre as pautas da ESG e as entidades. Muitas, segundo o advogado, ainda dependem de uma estrutura&ccedil;&atilde;o melhor e at&eacute; de formaliza&ccedil;&atilde;o para angariar mais recursos, tornando menos traum&aacute;tica as transforma&ccedil;&otilde;es internas.<\/p>\n<p>&ldquo;De modo geral, o que as organiza&ccedil;&otilde;es da sociedade civil realmente precisam &eacute; de uma consultoria, uma orienta&ccedil;&atilde;o especializada que aponte as mudan&ccedil;as que elas podem fazer em cada procedimento. Algumas mudan&ccedil;as s&atilde;o mais simples; outras nem tanto. Mas a partir desse trabalho, elas conseguem criar uma nova cultura corporativa que as coloque em conson&acirc;ncia com as pautas ambientais e sociais. N&atilde;o &eacute; um caminho t&atilde;o longo, mas tamb&eacute;m n&atilde;o &eacute; t&atilde;o simples&rdquo;, salienta.<\/p>\n<p>Website: <a target='_blank' href='https:\/\/aquinoresende.com.br\/' rel=\"follow noopener\">https:\/\/aquinoresende.com.br\/<\/a><img src='https:\/\/api.dino.com.br\/v2\/news\/tr\/301859' alt='' style='border:0px;width:1px;height:1px' \/><br \/>\nA <b>OESP<\/b> n\u00e3o \u00e9(s\u00e3o) respons\u00e1vel(is) por erros, incorre\u00e7\u00f5es, atrasos ou quaisquer decis\u00f5es tomadas por seus clientes com base nos Conte\u00fados ora disponibilizados, bem como tais Conte\u00fados n\u00e3o representam a opini\u00e3o da <b>OESP<\/b> e s\u00e3o de inteira responsabilidade da <b>Dino Divulgador de Noticias Online Ltda<\/b><\/p>\n","protected":false},"excerpt":{"rendered":"Belo Horizonte, MG&#8211;(DINO &#8211; 27 mai, 2024) &#8211;\nSustentabilidade &eacute; uma das palavras de ordem do universo corporativo. Seja nas redes sociais, nos outdoors ou em comerciais de r","protected":false},"author":1,"featured_media":0,"comment_status":"open","ping_status":"closed","sticky":false,"template":"","format":"standard","meta":{"_acf_changed":false,"inline_featured_image":false,"_monsterinsights_skip_tracking":false,"_monsterinsights_sitenote_active":false,"_monsterinsights_sitenote_note":"","_monsterinsights_sitenote_category":0,"footnotes":""},"categories":[34],"tags":[],"class_list":["post-94448","post","type-post","status-publish","format-standard","hentry","category-releases-geral"],"acf":[],"_links":{"self":[{"href":"https:\/\/bluestudio.estadao.com.br\/agencia-de-comunicacao\/wp-json\/wp\/v2\/posts\/94448","targetHints":{"allow":["GET"]}}],"collection":[{"href":"https:\/\/bluestudio.estadao.com.br\/agencia-de-comunicacao\/wp-json\/wp\/v2\/posts"}],"about":[{"href":"https:\/\/bluestudio.estadao.com.br\/agencia-de-comunicacao\/wp-json\/wp\/v2\/types\/post"}],"author":[{"embeddable":true,"href":"https:\/\/bluestudio.estadao.com.br\/agencia-de-comunicacao\/wp-json\/wp\/v2\/users\/1"}],"replies":[{"embeddable":true,"href":"https:\/\/bluestudio.estadao.com.br\/agencia-de-comunicacao\/wp-json\/wp\/v2\/comments?post=94448"}],"version-history":[{"count":0,"href":"https:\/\/bluestudio.estadao.com.br\/agencia-de-comunicacao\/wp-json\/wp\/v2\/posts\/94448\/revisions"}],"wp:attachment":[{"href":"https:\/\/bluestudio.estadao.com.br\/agencia-de-comunicacao\/wp-json\/wp\/v2\/media?parent=94448"}],"wp:term":[{"taxonomy":"category","embeddable":true,"href":"https:\/\/bluestudio.estadao.com.br\/agencia-de-comunicacao\/wp-json\/wp\/v2\/categories?post=94448"},{"taxonomy":"post_tag","embeddable":true,"href":"https:\/\/bluestudio.estadao.com.br\/agencia-de-comunicacao\/wp-json\/wp\/v2\/tags?post=94448"}],"curies":[{"name":"wp","href":"https:\/\/api.w.org\/{rel}","templated":true}]}}