{"id":94360,"date":"2024-05-24T12:45:00","date_gmt":"2024-05-24T15:45:00","guid":{"rendered":"https:\/\/bluestudio.estadao.com.br\/agencia-de-comunicacao\/releases\/releases-geral\/evento-de-relacoes-com-investidores-acontece-em-24-e-25-de-junho\/"},"modified":"2024-05-24T12:45:00","modified_gmt":"2024-05-24T15:45:00","slug":"evento-de-relacoes-com-investidores-acontece-em-24-e-25-de-junho","status":"publish","type":"post","link":"https:\/\/bluestudio.estadao.com.br\/agencia-de-comunicacao\/releases\/releases-geral\/evento-de-relacoes-com-investidores-acontece-em-24-e-25-de-junho\/","title":{"rendered":"Evento de Rela\u00e7\u00f5es com Investidores acontece em 24 e 25 de junho"},"content":{"rendered":"<p><b>DINO DIVULGADOR DE NOT\u00cdCIAS<\/b><\/p>\n<p>S\u00e3o Paulo, SP&#8211;(<a target='_blank' href='http:\/\/www.dino.com.br' rel=\"noopener\">DINO<\/a> &#8211; 24 mai, 2024) &#8211; <\/p>\n<p align='justify'>A 25\u00aa edi\u00e7\u00e3o do Encontro Internacional de Rela\u00e7\u00f5es com Investidores e Mercado de Capitais, maior evento da \u00e1rea da Am\u00e9rica Latina, ocorrer\u00e1 em 24 e 25 de junho de 2024, no Teatro B32, Avenida Brigadeiro Faria Lima, 3.732, em S\u00e3o Paulo (SP).<\/p>\n<p align='justify'>O evento anual \u00e9 realizado pela ABRASCA (Associa\u00e7\u00e3o Brasileira das Companhias Abertas) e pelo IBRI (Instituto Brasileiro de Rela\u00e7\u00f5es com Investidores) e conta com a participa\u00e7\u00e3o de especialistas de mercado, RIs de grandes empresas e representantes de \u00f3rg\u00e3os reguladores.<\/p>\n<p align='justify'>Al\u00e9m de ser palco de grandes debates, o Encontro de RI promove e incentiva a troca de experi\u00eancias entre os profissionais e o <em>networking<\/em>. H\u00e1, tamb\u00e9m, durante os dois dias de evento, estandes com novidades e ferramentas para a \u00e1rea de Rela\u00e7\u00f5es com Investidores e mercado de capitais.<\/p>\n<p align='justify'>&#8216;N\u00e3o perca a 25\u00aa edi\u00e7\u00e3o do maior evento do mercado de capitais da Am\u00e9rica Latina! Uma oportunidade \u00fanica de conectar-se com profissionais de Rela\u00e7\u00f5es com Investidores e fornecedores e atualizar-se sobre o que est\u00e1 acontecendo no mercado. Esperamos voc\u00eas&#8217;, declara Renata Oliva Battiferro, presidente do Conselho de Administra\u00e7\u00e3o do IBRI.<\/p>\n<p class='western' align='justify'>O evento tratar\u00e1 de temas como: &#8216;Digital Verde &#8211; Aspectos regulat\u00f3rios e n\u00e3o regulat\u00f3rios: O que as empresas podem esperar&#8217;; &#8216;Apresenta\u00e7\u00e3o da Pesquisa Deloitte IBRI &#8211; o protagonismo estrat\u00e9gico do RI&#8217;; &#8216;As novas fronteiras da An\u00e1lise de Mercado &#8211; Sell side e buy side &#8211; evolu\u00e7\u00e3o&#8217;; &#8216;Perspectivas do Mercado de Capitais brasileiro &#8211; vis\u00e3o de equity e d\u00edvida&#8217;; &#8216;Intelig\u00eancia Artificial aplicada \u00e0 \u00c1rea de RI &#8211; Status Atual e Perspectivas&#8217;; &#8216;Mudan\u00e7as Cont\u00e1beis &#8211; S1 e S2 &#8211; regras IFRS a serem adotadas&#8217;; e &#8216;O que significa ter um Conselho e Diretoria diversa? Como o RI deve se posicionar em rela\u00e7\u00e3o ao tema?&#8217;.<\/p>\n<p class='western' align='justify'>O 25\u00ba Encontro Internacional de Rela\u00e7\u00f5es com Investidores e Mercado de Capitais j\u00e1 conta com o patroc\u00ednio das seguintes empresas: B3 (Brasil, Bolsa, Balc\u00e3o); blendOn; Bradesco; BTG Pactual; Cescon Barrieu Advogados; Closir; Deloitte; Ita\u00fa Unibanco; Luz Capital Markets &#8211; Printer; MZ; Report; S&amp;P Global Market Intelligence; Sumaq; TheMediaGroup; e Valor Econ\u00f4mico.<\/p>\n<p class='western' align='justify'>Al\u00e9m disso, h\u00e1 o apoio institucional das seguintes entidades: ABRAPP (Associa\u00e7\u00e3o Brasileira das Entidades Fechadas de Previd\u00eancia Complementar); ABVCAP (Associa\u00e7\u00e3o Brasileira de Private Equity e Venture Capital); AMEC (Associa\u00e7\u00e3o de Investidores no Mercado de Capitais); ANCORD (Associa\u00e7\u00e3o Nacional das Corretoras e Distribuidoras de T\u00edtulos e Valores Mobili\u00e1rios, C\u00e2mbio e Mercadorias); APIMEC BRASIL (Associa\u00e7\u00e3o dos Analistas e Profissionais de Investimento do Mercado de Capitais do Brasil); CFA Society Brazil; CORECON-SP (Conselho Regional de Economia do Estado de S\u00e3o Paulo); FACPCS (Funda\u00e7\u00e3o de Apoio aos Comit\u00eas de Pronunciamentos Cont\u00e1beis e de Sustentabilidade); IBEF-SP (Instituto Brasileiro de Executivos de Finan\u00e7as de S\u00e3o Paulo); IBRACON (Instituto de Auditoria Independente do Brasil); e IBRADEMP (Instituto Brasileiro de Direito Empresarial).<\/p>\n<p class='western' align='justify'><strong>Credenciamento de Imprensa: <\/strong><u><a rel=\"follow noopener\" target='_blank'>credenciamento@digitalassessoria.com.br<\/a>&#8216; data-mce-target=&#8217;_blank&#8217; href=&#8217;mailto:<a target='_blank' href='mailto:credenciamento@digitalassessoria.com.br' rel=\"follow noopener\">credenciamento@digitalassessoria.com.br<\/a>&#8216;&gt;<strong><a target='_blank' href='mailto:credenciamento@digitalassessoria.com.br' rel=\"follow noopener\">credenciamento@digitalassessoria.com.br<\/a><\/strong><\/a><\/u><\/p>\n<p class='western' align='justify'><strong>Para mais <\/strong><strong>informa\u00e7\u00f5es e inscri\u00e7\u00f5es, basta acessar:<\/strong> <u><a rel=\"follow noopener\" target='_blank'>https:\/\/www.encontroderi.com.br\/<\/a>&#8216; data-mce-target=&#8217;_blank&#8217; href=&#8217;<a target='_blank' href='https:\/\/www.encontroderi.com.br\/' rel=\"follow noopener\">https:\/\/www.encontroderi.com.br\/<\/a>&#8216;&gt;<a target='_blank' href='https:\/\/www.encontroderi.com.br\/' rel=\"follow noopener\">https:\/\/www.encontroderi.com.br\/<\/a><\/a><\/u><\/p>\n<p class='western' align='justify'>\n<p class='western' align='justify'>\n<p class='western'>\n<p class='western'>\n<p class='western' align='center'>\n<p>Website: <a target='_blank' href='http:\/\/www.ibri.com.br' rel=\"follow noopener\">http:\/\/www.ibri.com.br<\/a><img src='https:\/\/api.dino.com.br\/v2\/news\/tr\/299265' alt='' style='border:0px;width:1px;height:1px' \/><br \/>\nA <b>OESP<\/b> n\u00e3o \u00e9(s\u00e3o) respons\u00e1vel(is) por erros, incorre\u00e7\u00f5es, atrasos ou quaisquer decis\u00f5es tomadas por seus clientes com base nos Conte\u00fados ora disponibilizados, bem como tais Conte\u00fados n\u00e3o representam a opini\u00e3o da <b>OESP<\/b> e s\u00e3o de inteira responsabilidade da <b>Dino Divulgador de Noticias Online Ltda<\/b><\/p>\n","protected":false},"excerpt":{"rendered":"S\u00e3o Paulo, SP&#8211;(DINO &#8211; 24 mai, 2024) &#8211; \nA 25\u00aa edi\u00e7\u00e3o do Encontro Internacional de Rela\u00e7\u00f5es com Investidores e Mercado de Capitais, maior evento da \u00e1rea da Am\u00e9rica","protected":false},"author":1,"featured_media":0,"comment_status":"open","ping_status":"closed","sticky":false,"template":"","format":"standard","meta":{"_acf_changed":false,"inline_featured_image":false,"_monsterinsights_skip_tracking":false,"_monsterinsights_sitenote_active":false,"_monsterinsights_sitenote_note":"","_monsterinsights_sitenote_category":0,"footnotes":""},"categories":[34],"tags":[],"class_list":["post-94360","post","type-post","status-publish","format-standard","hentry","category-releases-geral"],"acf":[],"_links":{"self":[{"href":"https:\/\/bluestudio.estadao.com.br\/agencia-de-comunicacao\/wp-json\/wp\/v2\/posts\/94360","targetHints":{"allow":["GET"]}}],"collection":[{"href":"https:\/\/bluestudio.estadao.com.br\/agencia-de-comunicacao\/wp-json\/wp\/v2\/posts"}],"about":[{"href":"https:\/\/bluestudio.estadao.com.br\/agencia-de-comunicacao\/wp-json\/wp\/v2\/types\/post"}],"author":[{"embeddable":true,"href":"https:\/\/bluestudio.estadao.com.br\/agencia-de-comunicacao\/wp-json\/wp\/v2\/users\/1"}],"replies":[{"embeddable":true,"href":"https:\/\/bluestudio.estadao.com.br\/agencia-de-comunicacao\/wp-json\/wp\/v2\/comments?post=94360"}],"version-history":[{"count":0,"href":"https:\/\/bluestudio.estadao.com.br\/agencia-de-comunicacao\/wp-json\/wp\/v2\/posts\/94360\/revisions"}],"wp:attachment":[{"href":"https:\/\/bluestudio.estadao.com.br\/agencia-de-comunicacao\/wp-json\/wp\/v2\/media?parent=94360"}],"wp:term":[{"taxonomy":"category","embeddable":true,"href":"https:\/\/bluestudio.estadao.com.br\/agencia-de-comunicacao\/wp-json\/wp\/v2\/categories?post=94360"},{"taxonomy":"post_tag","embeddable":true,"href":"https:\/\/bluestudio.estadao.com.br\/agencia-de-comunicacao\/wp-json\/wp\/v2\/tags?post=94360"}],"curies":[{"name":"wp","href":"https:\/\/api.w.org\/{rel}","templated":true}]}}