{"id":94224,"date":"2024-05-22T10:35:00","date_gmt":"2024-05-22T13:35:00","guid":{"rendered":"https:\/\/bluestudio.estadao.com.br\/agencia-de-comunicacao\/releases\/releases-geral\/justica-federal-exclui-pis-cofins-da-propria-base-de-calculo\/"},"modified":"2024-05-22T10:35:00","modified_gmt":"2024-05-22T13:35:00","slug":"justica-federal-exclui-pis-cofins-da-propria-base-de-calculo","status":"publish","type":"post","link":"https:\/\/bluestudio.estadao.com.br\/agencia-de-comunicacao\/releases\/releases-geral\/justica-federal-exclui-pis-cofins-da-propria-base-de-calculo\/","title":{"rendered":"Justi\u00e7a Federal exclui PIS\/Cofins da pr\u00f3pria base de c\u00e1lculo"},"content":{"rendered":"<p><b>DINO DIVULGADOR DE NOT\u00cdCIAS<\/b><\/p>\n<p>S\u00e3o Paulo \/ SP&#8211;(<a target='_blank' href='http:\/\/www.dino.com.br' rel=\"noopener\">DINO<\/a> &#8211; 22 mai, 2024) &#8211;<br \/>\nUm contribuinte teve garantido pela Justi&ccedil;a Federal o direito de excluir o PIS &ndash; Programa de Integra&ccedil;&atilde;o Social e a Cofins &ndash; Contribui&ccedil;&atilde;o para Financiamento da Seguridade Social da base de c&aacute;lculo das pr&oacute;prias contribui&ccedil;&otilde;es sociais.<\/p>\n<p>Tanto o PIS como a Cofins s&atilde;o tributos federais cobrados de empresas e indiv&iacute;duos para financiar a Seguridade Social, como o pagamento de aposentadorias, pens&otilde;es, aux&iacute;lios e outros benef&iacute;cios.<\/p>\n<p>&ldquo;Na a&ccedil;&atilde;o o contribuinte alegou que deveria ser aplicado ao caso o argumento acatado pelo STF &ndash; Supremo Tribunal Federal na &ldquo;tese do s&eacute;culo&rdquo;, pois para as contribui&ccedil;&otilde;es sociais, assim como o ICMS &ndash; Imposto sobre Circula&ccedil;&atilde;o de Mercadorias e Presta&ccedil;&atilde;o de Servi&ccedil;os, n&atilde;o se enquadram os conceitos de receita ou de faturamento, que &eacute; a base de c&aacute;lculo do PIS e da Cofins&rdquo;, explica <a rel=\"follow noopener\" target='_blank' href='https:\/\/www.linkedin.com\/in\/angel-ardanaz-b8668911b\/'>Angel Ardanaz<\/a>, advogado na Ardanaz Sociedade de Advogados e Professor Universit&aacute;rio nas disciplinas de Direito Empresarial e Direito Tribut&aacute;rio.<\/p>\n<p>Na &ldquo;tese do s&eacute;culo&rdquo;, ficou entendido pelo STF que n&atilde;o cabe pedido de devolu&ccedil;&atilde;o de valores ou de compensa&ccedil;&atilde;o tribut&aacute;ria referente &agrave; exclus&atilde;o do ICMS da base de c&aacute;lculo do PIS e da Cofins depois de 15\/3\/2017 se o fato gerador do tributo ocorreu antes dessa data.<\/p>\n<p>Esse argumento foi aceito pela 2&ordf; Vara Federal C&iacute;vel de Vit&oacute;ria\/ES, que tem a compet&ecirc;ncia para julgar mat&eacute;ria tribut&aacute;ria, mat&eacute;ria previdenci&aacute;ria, causas sobre servidores p&uacute;blicos civis e sobre concorr&ecirc;ncia e com&eacute;rcio internacional.<\/p>\n<p>&ldquo;Na senten&ccedil;a da 2&ordf; Vara Federal C&iacute;vel de Vit&oacute;ria\/ES a Uni&atilde;o ainda foi obrigada a devolver, por compensa&ccedil;&atilde;o tribut&aacute;ria, o que foi pago nos cinco anos anteriores ao ajuizamento da a&ccedil;&atilde;o&rdquo;, diz Ardanaz.<\/p>\n<p>No entendimento da magistrada Enara de Oliveira Olimpio Pinto, os tributos em quest&atilde;o se revelam estranhos ao conceito de faturamento, j&aacute; que n&atilde;o se fatura tributo, pois este n&atilde;o &eacute; produto da venda de mercadoria ou servi&ccedil;o.<\/p>\n<p>A ju&iacute;za acrescentou que na solu&ccedil;&atilde;o do caso concreto, &eacute; pertinente observar por analogia o precedente firmado em rela&ccedil;&atilde;o ao ICMS, haja vista a identidade de fundamenta&ccedil;&atilde;o e tratamento da controv&eacute;rsia.<\/p>\n<p>&ldquo;Embora a senten&ccedil;a tenha sido favor&aacute;vel na Justi&ccedil;a Federal, a quest&atilde;o segue pendente de an&aacute;lise pelos ministros do STF. Em 2019 eles reconheceram a exist&ecirc;ncia de mat&eacute;ria constitucional e a repercuss&atilde;o geral do Tema 1067, que tem como relatora a ministra C&aacute;rmen Lucia&rdquo;, fala Ardanaz.<\/p>\n<p>O <a rel=\"follow noopener\" target='_blank' href='https:\/\/portal.stf.jus.br\/jurisprudenciaRepercussao\/verAndamentoProcesso.asp?incidente=5769504&amp;numeroProcesso=1233096&amp;classeProcesso=RE&amp;numeroTema=1067'>Tema 1067<\/a> &eacute; um recurso extraordin&aacute;rio em que se discute, &agrave; luz do artigo 195, inciso I, al&iacute;nea b, da Constitui&ccedil;&atilde;o Federal, a constitucionalidade da inclus&atilde;o da Cofins e da contribui&ccedil;&atilde;o ao PIS em suas pr&oacute;prias bases de c&aacute;lculo.<\/p>\n<p>&ldquo;Essa senten&ccedil;a mostra a import&acirc;ncia de o contribuinte ter uma consultoria preventiva inteligente, aliado a um planejamento tribut&aacute;rio eficaz, para detectar oportunidades e identificar situa&ccedil;&otilde;es de risco, nas esferas Federal, Estaduais e Municipais&rdquo;, finaliza Ardanaz.<\/p>\n<p>Com um exame dos &uacute;ltimos 12 meses dos lan&ccedil;amentos fiscais da empresa, por exemplo, &eacute; poss&iacute;vel verificar potenciais cr&eacute;ditos tribut&aacute;rios, al&eacute;m de adequar a opera&ccedil;&atilde;o ao melhor regime de tributa&ccedil;&atilde;o, otimizando o fluxo de caixa.<\/p>\n<p>Website: <a target='_blank' href='https:\/\/www.linkedin.com\/company\/ardanaz-sociedade-de-advogados\/' rel=\"follow noopener\">https:\/\/www.linkedin.com\/company\/ardanaz-sociedade-de-advogados\/<\/a><img src='https:\/\/api.dino.com.br\/v2\/news\/tr\/289949' alt='' style='border:0px;width:1px;height:1px' \/><br \/>\nA <b>OESP<\/b> n\u00e3o \u00e9(s\u00e3o) respons\u00e1vel(is) por erros, incorre\u00e7\u00f5es, atrasos ou quaisquer decis\u00f5es tomadas por seus clientes com base nos Conte\u00fados ora disponibilizados, bem como tais Conte\u00fados n\u00e3o representam a opini\u00e3o da <b>OESP<\/b> e s\u00e3o de inteira responsabilidade da <b>Dino Divulgador de Noticias Online Ltda<\/b><\/p>\n","protected":false},"excerpt":{"rendered":"S\u00e3o Paulo \/ SP&#8211;(DINO &#8211; 22 mai, 2024) &#8211;\nUm contribuinte teve garantido pela Justi&ccedil;a Federal o direito de excluir o PIS &ndash; Programa de Integra&ccedil;&atilde;o Social e","protected":false},"author":1,"featured_media":0,"comment_status":"open","ping_status":"closed","sticky":false,"template":"","format":"standard","meta":{"_acf_changed":false,"inline_featured_image":false,"_monsterinsights_skip_tracking":false,"_monsterinsights_sitenote_active":false,"_monsterinsights_sitenote_note":"","_monsterinsights_sitenote_category":0,"footnotes":""},"categories":[34],"tags":[],"class_list":["post-94224","post","type-post","status-publish","format-standard","hentry","category-releases-geral"],"acf":[],"_links":{"self":[{"href":"https:\/\/bluestudio.estadao.com.br\/agencia-de-comunicacao\/wp-json\/wp\/v2\/posts\/94224","targetHints":{"allow":["GET"]}}],"collection":[{"href":"https:\/\/bluestudio.estadao.com.br\/agencia-de-comunicacao\/wp-json\/wp\/v2\/posts"}],"about":[{"href":"https:\/\/bluestudio.estadao.com.br\/agencia-de-comunicacao\/wp-json\/wp\/v2\/types\/post"}],"author":[{"embeddable":true,"href":"https:\/\/bluestudio.estadao.com.br\/agencia-de-comunicacao\/wp-json\/wp\/v2\/users\/1"}],"replies":[{"embeddable":true,"href":"https:\/\/bluestudio.estadao.com.br\/agencia-de-comunicacao\/wp-json\/wp\/v2\/comments?post=94224"}],"version-history":[{"count":0,"href":"https:\/\/bluestudio.estadao.com.br\/agencia-de-comunicacao\/wp-json\/wp\/v2\/posts\/94224\/revisions"}],"wp:attachment":[{"href":"https:\/\/bluestudio.estadao.com.br\/agencia-de-comunicacao\/wp-json\/wp\/v2\/media?parent=94224"}],"wp:term":[{"taxonomy":"category","embeddable":true,"href":"https:\/\/bluestudio.estadao.com.br\/agencia-de-comunicacao\/wp-json\/wp\/v2\/categories?post=94224"},{"taxonomy":"post_tag","embeddable":true,"href":"https:\/\/bluestudio.estadao.com.br\/agencia-de-comunicacao\/wp-json\/wp\/v2\/tags?post=94224"}],"curies":[{"name":"wp","href":"https:\/\/api.w.org\/{rel}","templated":true}]}}