{"id":94209,"date":"2024-05-22T07:27:00","date_gmt":"2024-05-22T10:27:00","guid":{"rendered":"https:\/\/bluestudio.estadao.com.br\/agencia-de-comunicacao\/prnewswire\/prnewsinternacional\/automobili-pininfarina-pura-vision-faz-estreia-europeia-no-concorso-deleganza-villa-deste-2024\/"},"modified":"2024-05-22T07:27:00","modified_gmt":"2024-05-22T10:27:00","slug":"automobili-pininfarina-pura-vision-faz-estreia-europeia-no-concorso-deleganza-villa-deste-2024","status":"publish","type":"post","link":"https:\/\/bluestudio.estadao.com.br\/agencia-de-comunicacao\/prnewswire\/prnewsinternacional\/automobili-pininfarina-pura-vision-faz-estreia-europeia-no-concorso-deleganza-villa-deste-2024\/","title":{"rendered":"AUTOMOBILI PININFARINA PURA VISION FAZ ESTREIA EUROPEIA NO CONCORSO D&#8217;ELEGANZA VILLA D&#8217;ESTE 2024"},"content":{"rendered":"<p><b>PR NEWSWIRE<\/b><\/p>\n<div class=\"xn-content\">\n<ul type=\"disc\">\n<li>Marca italiana de luxo faz sua primeira visita ao evento automotivo exclusivo desde que o hiper\u00a0GT puramente el\u00e9trico Battista ganhou o Pr\u00eamio de Design em 2021<\/li>\n<li>PURA\u00a0Vision<span> \u00e9 um ousado Ve\u00edculo Utilit\u00e1rio de Luxo el\u00e9trico (<\/span>e-LUV<span>) para inspirar uma nova gera\u00e7\u00e3o de carros de produ\u00e7\u00e3o<\/span><\/li>\n<li>As homenagens para a PURA Vision<span> incluem o <\/span>cobi\u00e7ado<span> pr\u00eamio de produto <\/span>iF<span> Design 2024, celebrando seu design atemporal e tecnologia de ponta<\/span><\/li>\n<li>Imagens do inovador PURA Vision<span> dispon\u00edveis para <\/span>download <a href=\"https:\/\/www.dropbox.com\/scl\/fo\/g6f48bvzyxyqyl4edek32\/AI1WPhctYtD1rc1zEGQtkJc?rlkey=18oabcqrffsqclpxx8gy6j68h&amp;st=q5hsovac&amp;dl=0\" target=\"_blank\" rel=\"nofollow noopener\">aqui<\/a><\/li>\n<\/ul>\n<p><span class=\"legendSpanClass\">CERNOBBIO, It\u00e1lia<\/span>, <span class=\"legendSpanClass\">22 de maio de 2024<\/span> \/PRNewswire\/ &#8212; O premiado conceito de design Automobili Pininfarina PURA Vision far\u00e1 sua estreia europeia nas margens do <span class=\"xn-person\">Lago Como<\/span>, It\u00e1lia, no Concorso d&#8217;Eleganza Villa d&#8217;Este, no dia 24 -26 de maio de 2024.<\/p>\n<div id=\"prni_dvprnejpg85f5left\" dir=\"ltr\" style=\"width: 100%;text-align: left\"><img decoding=\"async\" id=\"prnejpg85f5left\" title=\"Automobili Pininfarina PURA Vision 1\" src=\"https:\/\/mma.prnewswire.com\/media\/2418740\/Automobili_Pininfarina_PURA_Vision_01.jpg\" alt=\"Automobili Pininfarina PURA Vision 1\" align=\"middle\" data-name=\"url$https%3A%2F%2Fmma.prnewswire.com%2Fmedia%2F2418740%2FAutomobili_Pininfarina_PURA_Vision_01.jpg\" \/><\/div>\n<p>\u00a0<\/p>\n<p>O retorno da marca de luxo italiana foi altamente aguardado depois que o hiper GT puramente el\u00e9trico Battista ganhou o cobi\u00e7ado Pr\u00eamio de Design no evento de 2021. Uma conquista hist\u00f3rica, que marcou a primeira vez que um ve\u00edculo el\u00e9trico recebeu tal distin\u00e7\u00e3o.<\/p>\n<p>Tendo como pano de fundo o <span class=\"xn-person\">Lago Como<\/span> e o luxuoso hotel Villa d&#8217;Este, o evento \u00e9 um dos destaques do calend\u00e1rio automotivo europeu. Re\u00fane os ve\u00edculos hist\u00f3ricos mais requintados, valiosos e influentes com os carros-conceito mais emocionantes, ousados e criativos do mundo.<\/p>\n<p>Com a presen\u00e7a de clientes e colecionadores exigentes de todo o mundo, este encontro de autom\u00f3veis de renome mundial oferece uma primeira oportunidade exclusiva de experimentar o conceito PURA Vision na Europa.<\/p>\n<p>Um conceito ousado e dram\u00e1tico de Ve\u00edculo Utilit\u00e1rio de Luxo el\u00e9trico (e-LUV), o PURA Vision define o modelo para a pr\u00f3xima gera\u00e7\u00e3o de modelos Automobili Pininfarina. J\u00e1 demonstrando sua influ\u00eancia est\u00e1 o inovador B95, o primeiro hiper Barchetta puramente el\u00e9trico do mundo.<\/p>\n<p><b><span class=\"xn-person\">Dave Amantea<\/span>, diretor de design da Automobili Pininfarina,<\/b>\u00a0disse: <i>&#8220;Estamos muito orgulhosos e entusiasmados por trazer a PURA Vision para casa, na It\u00e1lia. Este conceito de design representa a ousada dire\u00e7\u00e3o futura da Automobili Pininfarina, e fazer a sua estreia europeia no Concorso d&#8217;Eleganza Villa d&#8217;Este \u00e9 uma oportunidade maravilhosa para partilharmos a nossa ousada dire\u00e7\u00e3o de design futuro perante um p\u00fablico altamente conhecedor. &#8220;<\/i><\/p>\n<p>Desde a sua estreia p\u00fablica na Monterey Car Week, em agosto passado, a PURA Vision obteve amplo reconhecimento e elogios de todo o mundo. Mais notavelmente, foi recentemente homenageado com o prestigioso pr\u00eamio iF Design 2024 em reconhecimento \u00e0 sua combina\u00e7\u00e3o inovadora de design atemporal e luxo el\u00e9trico futurista conectado.<\/p>\n<p>Com a sua silhueta elegante, propor\u00e7\u00f5es dram\u00e1ticas e superf\u00edcie limpa, o PURA Vision expressa a filosofia de design PURA da Automobili Pininfarina ao transformar sem esfor\u00e7o o ADN dos modelos cl\u00e1ssicos do passado da Pininfarina SpA para definir o futuro.<\/p>\n<p>O PURA Vision representa uma afirma\u00e7\u00e3o escultural \u00fanica com o seu cap\u00f4 baixo e guarda-lamas altos inspirados no ic\u00f3nico Cisitalia de 1947 &#8211; o primeiro ve\u00edculo a entrar na cole\u00e7\u00e3o do Museu de Arte Moderna (MoMA) de Nova Iorque. O seu exterior deslumbrante apresenta propor\u00e7\u00f5es arrojadas da traseira da cabina que criam uma presen\u00e7a inconfund\u00edvel. A estufa da PURA Vision e as portas lounge sem pilares de abertura tripla proporcionam acesso irrestrito \u00e0 espa\u00e7osa cabine 2+2. Inspira-se no ic\u00f3nico design sem pilares do <span class=\"xn-person\">Lancia Florida<\/span>, que foi desenhado por <span class=\"xn-person\">Battista Farina<\/span> nos anos 50 e que despertou a criatividade por detr\u00e1s do recentemente revelado Battista Cinquantacinque.<\/p>\n<p>As joias externas enfatizam a aten\u00e7\u00e3o aos detalhes pelos quais a Automobili Pininfarina \u00e9 conhecida. Estes incluem uma linha de cintura em alum\u00ednio anodizado precisamente projetada ao redor da estufa, que come\u00e7a no para-brisa e tra\u00e7a um arco elegante e ininterrupto ao redor do PURA Vision.<\/p>\n<p>A cabine sofisticada combina perfeitamente luxo artesanal com tecnologias avan\u00e7adas. O couro macio semianilina se mistura com um tecido exclusivo, criando uma sensa\u00e7\u00e3o de luxo incompar\u00e1vel. Quando necess\u00e1rio, um display central surge do console, enquanto os alto-falantes nos encostos de cabe\u00e7a fornecem zonas de som individuais para cada ocupante. A completar a experi\u00eancia de viagem verdadeiramente personalizada est\u00e1 um refrigerador de vinho integrado entre os dois bancos traseiros, garantindo que os ocupantes desfrutem do luxo contempor\u00e2neo em todos os sentidos.<\/p>\n<p><b>Para mais informa\u00e7\u00f5es visite<\/b><\/p>\n<p><a href=\"https:\/\/www.automobili-pininfarina.com\/media-hub\/press-releases\/\" target=\"_blank\" rel=\"nofollow noopener\">automobili-pininfarina.com\/media-hub<\/a><\/p>\n<p><b>NOTAS DO EDITOR<\/b><\/p>\n<p><b>SOBRE AUTOM\u00d3VEIS PININFARINA<\/b><\/p>\n<p>A Automobili Pininfarina est\u00e1 sediada em Cambiano, It\u00e1lia, com escrit\u00f3rio comercial em Munique, Alemanha, e conta com uma equipe de executivos automotivos experientes de marcas de carros de luxo e premium. Projetados, projetados e produzidos manualmente na It\u00e1lia, com foco na cria\u00e7\u00e3o de experi\u00eancias para os principais formadores de opini\u00e3o do mundo, todos os ve\u00edculos da Automobili Pininfarina incorporam a filosofia de design PURA. Esta filosofia tamb\u00e9m ir\u00e1 permear todos os futuros autom\u00f3veis de produ\u00e7\u00e3o, combinando perfeitamente a inspira\u00e7\u00e3o cl\u00e1ssica com a tecnologia de ponta.\u00a0<\/p>\n<p><b>SOBRE AUTOMOBILI PININFARINA BATTISTA (<a href=\"https:\/\/www.automobili-pininfarina.com\/media-hub\/press-kits\" target=\"_blank\" rel=\"nofollow noopener\">LINK PARA O KIT DE IMPRENSA<\/a>)<\/b><\/p>\n<p>Battista \u00e9 o carro mais potente j\u00e1 projetado e constru\u00eddo na It\u00e1lia e oferece um n\u00edvel de desempenho que hoje \u00e9 inating\u00edvel em qualquer carro esportivo legalizado para uso rodovi\u00e1rio com tecnologia de motor de combust\u00e3o interna. Mais r\u00e1pido que um carro de corrida de F\u00f3rmula 1 atual em sua acelera\u00e7\u00e3o de 0 a 100 km\/h em menos de dois segundos, e com 1.900 cv e 2.340 Nm de torque dispon\u00edveis, o Battista combina engenharia e tecnologia extremas em um pacote de emiss\u00f5es zero. A bateria de 120 kWh do Battista fornece energia para quatro motores el\u00e9tricos &#8211; um em cada roda &#8211; com uma autonomia WLTP combinada de at\u00e9 476 km (US Combined EPA: 300 milhas) com uma \u00fanica carga. N\u00e3o mais que 150 exemplares de Battista ser\u00e3o feitos individualmente \u00e0 m\u00e3o no ateli\u00ea em Cambiano, It\u00e1lia.<\/p>\n<p>Foto &#8211; <a href=\"https:\/\/mma.prnewswire.com\/media\/2418740\/Automobili_Pininfarina_PURA_Vision_01.jpg\" target=\"_blank\" rel=\"nofollow noopener\">https:\/\/mma.prnewswire.com\/media\/2418740\/Automobili_Pininfarina_PURA_Vision_01.jpg<\/a><br \/>Foto &#8211; <a href=\"https:\/\/mma.prnewswire.com\/media\/2418741\/Automobili_Pininfarina_PURA_Vision_02.jpg\" target=\"_blank\" rel=\"nofollow noopener\">https:\/\/mma.prnewswire.com\/media\/2418741\/Automobili_Pininfarina_PURA_Vision_02.jpg<\/a><br \/>Foto &#8211;\u00a0<a href=\"https:\/\/mma.prnewswire.com\/media\/2418742\/Automobili_Pininfarina_PURA_Vision_03.jpg\" target=\"_blank\" rel=\"nofollow noopener\">https:\/\/mma.prnewswire.com\/media\/2418742\/Automobili_Pininfarina_PURA_Vision_03.jpg<\/a><br \/>Foto &#8211;\u00a0<a href=\"https:\/\/mma.prnewswire.com\/media\/2418744\/Automobili_Pininfarina_PURA_Vision_04.jpg\" target=\"_blank\" rel=\"nofollow noopener\">https:\/\/mma.prnewswire.com\/media\/2418744\/ Automobili_Pininfarina_PURA_Vision_04.jpg<\/a><br \/>Foto &#8211;\u00a0<a href=\"https:\/\/mma.prnewswire.com\/media\/2418745\/Automobili_Pininfarina_PURA_Vision_05.jpg\" target=\"_blank\" rel=\"nofollow noopener\">https:\/\/mma.prnewswire.com\/media\/2418745\/Automobili_Pininfarina_PURA_Vision_05.jpg<\/a><br \/>Foto &#8211; <a href=\"https:\/\/mma.prnewswire.com\/media\/2418746\/Automobili_Pininfarina_PURA_Vision_06.jpg\" target=\"_blank\" rel=\"nofollow noopener\">https:\/\/mma.prnewswire.com\/media \/2418746\/Automobili_Pininfarina_PURA_Vision_06.jpg<\/a><br \/>Logotipo &#8211; <a href=\"https:\/\/mma.prnewswire.com\/media\/1316779\/Automobili_Pininfarina_Logo.jpg\" target=\"_blank\" rel=\"nofollow noopener\">https:\/\/mma.prnewswire.com\/media\/1316779\/Automobili_Pininfarina_Logo.jpg<\/a><\/p>\n<p>\u00a0<\/p>\n<div id=\"prni_dvprnejpgc3a4left\" dir=\"ltr\" style=\"width: 100%;text-align: left\"><img decoding=\"async\" id=\"prnejpgc3a4left\" title=\"Automobili Pininfarina PURA Vision 2\" src=\"https:\/\/mma.prnewswire.com\/media\/2418741\/Automobili_Pininfarina_PURA_Vision_02.jpg\" alt=\"Automobili Pininfarina PURA Vision 2\" align=\"middle\" data-name=\"url$https%3A%2F%2Fmma.prnewswire.com%2Fmedia%2F2418741%2FAutomobili_Pininfarina_PURA_Vision_02.jpg\" \/><\/div>\n<p>\u00a0<\/p>\n<div id=\"prni_dvprnejpg35edleft\" dir=\"ltr\" style=\"width: 100%;text-align: left\"><img decoding=\"async\" id=\"prnejpg35edleft\" title=\"Automobili Pininfarina PURA Vision 3\" src=\"https:\/\/mma.prnewswire.com\/media\/2418742\/Automobili_Pininfarina_PURA_Vision_03.jpg\" alt=\"Automobili Pininfarina PURA Vision 3\" align=\"middle\" data-name=\"url$https%3A%2F%2Fmma.prnewswire.com%2Fmedia%2F2418742%2FAutomobili_Pininfarina_PURA_Vision_03.jpg\" \/><\/div>\n<p>\u00a0<\/p>\n<div id=\"prni_dvprnejpga096left\" dir=\"ltr\" style=\"width: 100%;text-align: left\"><img decoding=\"async\" id=\"prnejpga096left\" title=\"Automobili Pininfarina PURA Vision 4\" src=\"https:\/\/mma.prnewswire.com\/media\/2418744\/ Automobili_Pininfarina_PURA_Vision_04.jpg\" alt=\"Automobili Pininfarina PURA Vision 4\" align=\"middle\" data-name=\"url$https%3A%2F%2Fmma.prnewswire.com%2Fmedia%2F2418744%2F%20Automobili_Pininfarina_PURA_Vision_04.jpg\" \/><\/div>\n<p>\u00a0<\/p>\n<div id=\"prni_dvprnejpgf084left\" dir=\"ltr\" style=\"width: 100%;text-align: left\"><img decoding=\"async\" id=\"prnejpgf084left\" title=\"Automobili Pininfarina PURA Vision 5\" src=\"https:\/\/mma.prnewswire.com\/media\/2418745\/Automobili_Pininfarina_PURA_Vision_05.jpg\" alt=\"Automobili Pininfarina PURA Vision 5\" align=\"middle\" data-name=\"url$https%3A%2F%2Fmma.prnewswire.com%2Fmedia%2F2418745%2FAutomobili_Pininfarina_PURA_Vision_05.jpg\" \/><\/div>\n<p>\u00a0<\/p>\n<div id=\"prni_dvprnejpg3f57left\" dir=\"ltr\" style=\"width: 100%;text-align: left\"><img decoding=\"async\" id=\"prnejpg3f57left\" title=\"Automobili Pininfarina PURA Vision 6\" src=\"https:\/\/mma.prnewswire.com\/media \/2418746\/Automobili_Pininfarina_PURA_Vision_06.jpg\" alt=\"Automobili Pininfarina PURA Vision 6\" align=\"middle\" data-name=\"url$https%3A%2F%2Fmma.prnewswire.com%2Fmedia%20%2F2418746%2FAutomobili_Pininfarina_PURA_Vision_06.jpg\" \/><\/div>\n<p>\u00a0<\/p>\n<div id=\"prni_dvprnejpgbd43left\" dir=\"ltr\" style=\"width: 100%;text-align: left\"><img decoding=\"async\" id=\"prnejpgbd43left\" title=\"Automobili Pininfarina Logo\" src=\"https:\/\/mma.prnewswire.com\/media\/1316779\/Automobili_Pininfarina_Logo.jpg\" alt=\"Automobili Pininfarina Logo\" align=\"middle\" data-name=\"url$https%3A%2F%2Fmma.prnewswire.com%2Fmedia%2F1316779%2FAutomobili_Pininfarina_Logo.jpg\" \/><\/div>\n<p>\u00a0<\/p>\n<p id=\"PURL\"><img loading=\"lazy\" decoding=\"async\" title=\"Cision\" width=\"12\" height=\"12\" alt=\"Cision\" src=\"https:\/\/c212.net\/c\/img\/favicon.png?sn=PT19820&amp;sd=2024-05-22\" \/> View original content:<a id=\"PRNURL\" rel=\"nofollow noopener\" href=\"https:\/\/www.prnewswire.com\/br\/comunicados-para-a-imprensa\/automobili-pininfarina-pura-vision-faz-estreia-europeia-no-concorso-deleganza-villa-deste-2024-302152693.html\" target=\"_blank\">https:\/\/www.prnewswire.com\/br\/comunicados-para-a-imprensa\/automobili-pininfarina-pura-vision-faz-estreia-europeia-no-concorso-deleganza-villa-deste-2024-302152693.html<\/a><\/p>\n<p>FONTE  Automobili Pininfarina<\/p>\n<\/div>\n<p><img decoding=\"async\" alt=\"\" src=\"https:\/\/rt.prnewswire.com\/rt.gif?NewsItemId=PT19820&amp;Transmission_Id=202405220618PR_NEWS_LATAM____PT19820&amp;DateId=20240522\" style=\"border:0px;width:1px;height:1px\" \/><\/p>\n<p>A <b>OESP<\/b> n\u00e3o \u00e9(s\u00e3o) respons\u00e1vel(is) por erros, incorre\u00e7\u00f5es, atrasos ou quaisquer decis\u00f5es tomadas por seus clientes com base nos Conte\u00fados ora disponibilizados, bem como tais Conte\u00fados n\u00e3o representam a opini\u00e3o da <b>OESP<\/b> e s\u00e3o de inteira responsabilidade da <b>PR Newswire Ltda<\/b><\/p>\n","protected":false},"excerpt":{"rendered":"O premiado conceito de design Automobili Pininfarina PURA Vision far\u00e1 sua estreia europeia nas margens do Lago Como, It\u00e1lia, no Concorso d&#8217;Eleganza Villa d&#8217;Este, no dia 24 -26 de","protected":false},"author":1,"featured_media":0,"comment_status":"open","ping_status":"closed","sticky":false,"template":"","format":"standard","meta":{"_acf_changed":false,"inline_featured_image":false,"_monsterinsights_skip_tracking":false,"_monsterinsights_sitenote_active":false,"_monsterinsights_sitenote_note":"","_monsterinsights_sitenote_category":0,"footnotes":""},"categories":[31],"tags":[],"class_list":["post-94209","post","type-post","status-publish","format-standard","hentry","category-prnewsinternacional"],"acf":[],"_links":{"self":[{"href":"https:\/\/bluestudio.estadao.com.br\/agencia-de-comunicacao\/wp-json\/wp\/v2\/posts\/94209","targetHints":{"allow":["GET"]}}],"collection":[{"href":"https:\/\/bluestudio.estadao.com.br\/agencia-de-comunicacao\/wp-json\/wp\/v2\/posts"}],"about":[{"href":"https:\/\/bluestudio.estadao.com.br\/agencia-de-comunicacao\/wp-json\/wp\/v2\/types\/post"}],"author":[{"embeddable":true,"href":"https:\/\/bluestudio.estadao.com.br\/agencia-de-comunicacao\/wp-json\/wp\/v2\/users\/1"}],"replies":[{"embeddable":true,"href":"https:\/\/bluestudio.estadao.com.br\/agencia-de-comunicacao\/wp-json\/wp\/v2\/comments?post=94209"}],"version-history":[{"count":0,"href":"https:\/\/bluestudio.estadao.com.br\/agencia-de-comunicacao\/wp-json\/wp\/v2\/posts\/94209\/revisions"}],"wp:attachment":[{"href":"https:\/\/bluestudio.estadao.com.br\/agencia-de-comunicacao\/wp-json\/wp\/v2\/media?parent=94209"}],"wp:term":[{"taxonomy":"category","embeddable":true,"href":"https:\/\/bluestudio.estadao.com.br\/agencia-de-comunicacao\/wp-json\/wp\/v2\/categories?post=94209"},{"taxonomy":"post_tag","embeddable":true,"href":"https:\/\/bluestudio.estadao.com.br\/agencia-de-comunicacao\/wp-json\/wp\/v2\/tags?post=94209"}],"curies":[{"name":"wp","href":"https:\/\/api.w.org\/{rel}","templated":true}]}}