{"id":94089,"date":"2024-05-20T18:13:00","date_gmt":"2024-05-20T21:13:00","guid":{"rendered":"https:\/\/bluestudio.estadao.com.br\/agencia-de-comunicacao\/prnewswire\/prnewseconomia\/bayer-leva-suas-novidades-em-portfolio-integrado-para-showtec-e-agrobrasilia-3\/"},"modified":"2024-05-20T18:13:00","modified_gmt":"2024-05-20T21:13:00","slug":"bayer-leva-suas-novidades-em-portfolio-integrado-para-showtec-e-agrobrasilia-3","status":"publish","type":"post","link":"https:\/\/bluestudio.estadao.com.br\/agencia-de-comunicacao\/prnewswire\/prnewseconomia\/bayer-leva-suas-novidades-em-portfolio-integrado-para-showtec-e-agrobrasilia-3\/","title":{"rendered":"Bayer leva suas novidades em portf\u00f3lio integrado para Showtec e AgroBras\u00edlia"},"content":{"rendered":"<p><b>PR NEWSWIRE<\/b><\/p>\n<div class=\"xn-content\">\n<p class=\"prntac\"><i>Solu\u00e7\u00f5es em sementes, prote\u00e7\u00e3o de cultivos e ferramentas digitais combinam aumento da produtividade agr\u00edcola com incentivo \u00e0 agricultura regenerativa<\/i><\/p>\n<div class=\"PRN_ImbeddedAssetReference\" id=\"DivAssetPlaceHolder3981\">\n<a href=\"https:\/\/mma.prnewswire.com\/media\/2417328\/Picture1.html\" target=\"_blank\" rel=\"nofollow noopener\"><img decoding=\"async\" src=\"https:\/\/mma.prnewswire.com\/media\/2417328\/Picture1.jpg\" title=\"\" alt=\"\" \/><\/a><\/p>\n<\/div>\n<p><span class=\"legendSpanClass\">S\u00c3O PAULO<\/span>, <span class=\"legendSpanClass\">20 de maio de 2024<\/span> \/PRNewswire\/ &#8212; Neste m\u00eas, a multinacional de insumos agr\u00edcolas Bayer marca presen\u00e7a em duas grandes feiras do pa\u00eds: o\u00a0Showtec, maior evento agr\u00edcola do <span class=\"xn-location\">Mato Grosso<\/span> do Sul, sediado em Maracaju (MS), que ocorre entre os dias 21 e 23 de maio; e AgroBras\u00edlia, tradicional evento agr\u00edcola do Centro-Oeste com foco em inova\u00e7\u00e3o, realizado de 21 e 25 deste m\u00eas no <span class=\"xn-location\">Distrito Federal<\/span> (DF). Com investimento global de mais de 6,5 bilh\u00f5es de euros nos \u00faltimos tr\u00eas anos em pesquisa e desenvolvimento, a empresa apresenta avan\u00e7os em sementes, solu\u00e7\u00f5es agr\u00edcolas, ferramentas e solu\u00e7\u00f5es digitais, contribuindo diretamente para o crescimento sustent\u00e1vel da produ\u00e7\u00e3o no campo.<\/p>\n<p>Durante ambas as feiras, ser\u00e3o destaque novas variedades de soja e h\u00edbridos de milho para a pr\u00f3xima safra com biotecnologia de \u00faltima gera\u00e7\u00e3o, que combinadas \u00e0s solu\u00e7\u00f5es da plataforma de agricultura digital Climate FieldView e \u00e0 intelig\u00eancia artificial permite que produtores saibam o melhor momento, quantidade e condi\u00e7\u00f5es para plantio e colheita. Visitantes do evento tamb\u00e9m conhecer\u00e3o inova\u00e7\u00f5es para prote\u00e7\u00e3o de cultivos que podem ser aplicadas na lavoura de forma mais inteligente com o apoio de dados e recomenda\u00e7\u00f5es personalizadas.<\/p>\n<p>Para Abdalah Novaes, l\u00edder de solu\u00e7\u00f5es digitais da divis\u00e3o agr\u00edcola da Bayer para a Am\u00e9rica Latina, a combina\u00e7\u00e3o de dados, informa\u00e7\u00f5es, insights e inova\u00e7\u00f5es est\u00e1 possibilitando \u00e0 Bayer construir novas solu\u00e7\u00f5es digitais para os agricultores que j\u00e1 come\u00e7aram a se preparar para essa jornada de transforma\u00e7\u00e3o digital.<\/p>\n<p>&#8220;Temos projetos que foram testados e est\u00e3o se preparando para entrar em uma fase de expans\u00e3o. Entre eles, destacam-se o <b>Bayer <span class=\"xn-person\">VAlora Milho<\/span><\/b>, que otimiza a densidade populacional no plantio de sementes de milho por meio de recomenda\u00e7\u00f5es personalizadas; o <b>Barter+<\/b>, empregando dados reais de produtividade para calcular o poder de compra em transa\u00e7\u00f5es de barter, em vez de depender de m\u00e9dias regionais; e o <b>Bayer Directo<\/b>, programa de manejo otimizado de nematoides nas lavouras de soja, atrav\u00e9s de aplica\u00e7\u00e3o localizada de Verango Prime&#8221;, destaca. &#8220;Simultaneamente, temos uma s\u00e9rie de novos projetos piloto sendo testados e cocriados com agricultores para os pr\u00f3ximos anos&#8221;, afirma Abdalah.<\/p>\n<p>Novos solu\u00e7\u00f5es e novas camadas de intelig\u00eancia ajudam produtores a extrair o m\u00e1ximo de cada solu\u00e7\u00e3o que ser\u00e1 exposta pela Bayer, aumentando sua rentabilidade, otimizando o uso de insumos e colaborando para a vis\u00e3o de uma agricultura regenerativa, que permite produzir mais, em uma mesma \u00e1rea, enquanto regenera mais o meio ambiente, conta o executivo.<\/p>\n<p>Nos \u00faltimos anos, o <b>PRO Carbono<\/b>, maior programa de carbono da agricultura brasileira, tem sido o principal exemplo de como a ci\u00eancia e o agro colaboram para regenerar o meio ambiente de forma concreta, em um pa\u00eds de dimens\u00f5es continentais como o <span class=\"xn-location\">Brasil<\/span>. Os agricultores participantes comprovaram na pr\u00e1tica que n\u00e3o \u00e9 preciso escolher entre sustentabilidade ou lucratividade. \u00c1reas participantes do programa tiveram um incremento m\u00e9dio de 11% de produtividade ao intensificar a ado\u00e7\u00e3o de pr\u00e1ticas conservacionistas e um aumento m\u00e9dio de 16% no sequestro de carbono no solo.<\/p>\n<p>Os participantes da iniciativa de carbono da Bayer t\u00eam acesso a benef\u00edcios e ferramentas exclusivas como o M\u00f3dulo de Recomenda\u00e7\u00e3o Guiada para auxiliar na constru\u00e7\u00e3o de planos de manejo para sequestro de carbono no solo e redu\u00e7\u00e3o de CO2, melhorando a sa\u00fade do solo, a produtividade e impulsionando a biodiversidade atrav\u00e9s da diversifica\u00e7\u00e3o de plantas e microbiota do solo. Ela estar\u00e1 dispon\u00edvel na plataforma <b>Conecta PRO Carbono<\/b>, que centraliza todas as informa\u00e7\u00f5es sobre a produ\u00e7\u00e3o de gr\u00e3os e a \u00e1rea produtiva com simplicidade, qualidade de dados, transpar\u00eancia e rastreabilidade.<\/p>\n<p>&#8220;Em fun\u00e7\u00e3o do trabalho realizado ao longo dos \u00faltimos tr\u00eas anos com um time de 35 experts acad\u00eamicos e pesquisadores, mais de 1.900 produtores, empresas do setor, Embrapa, e todos os dados, temos conseguido apoiar os produtores na transforma\u00e7\u00e3o de uma agricultura cada vez mais sustent\u00e1vel com a intensifica\u00e7\u00e3o de pr\u00e1ticas regenerativas e sequestro de carbono no solo&#8221;, comenta F\u00e1bio Passos, diretor do neg\u00f3cio de Carbono para a Am\u00e9rica Latina.?<\/p>\n<p>No Showtec, a Bayer ter\u00e1 estandes de suas marcas de semente, como os h\u00edbridos de milho da marca Agroceres, o <b>AG 8701 PRO4<\/b>, unindo prote\u00e7\u00e3o diferenciada e alto potencial produtivo, e o <b>AG 9035 PRO3<\/b>, superprecoce com alto potencial produtivo em todos os ambientes. A Dekalb leva o <b>DKB 360 PRO3<\/b>, com estabilidade produtiva em diferentes ambientes. Da marca Agroeste estar\u00e3o presentes o <b>AS 1991 PRO4<\/b>, um h\u00edbrido de adaptabilidade e estabilidade nos diferentes ambientes de produ\u00e7\u00e3o, e o <b>AS 1800 PRO3<\/b>, com sanidade foliar e toler\u00e2ncia \u00e0s principais doen\u00e7as. Para a cultura de soja, alguns dos destaques ser\u00e3o as variedades das marcas Monsoy, como a <b>M 6620 i2x<\/b>, com flexibilidade, alto teto produtivo e responsividade, e <b>M 7601 i2x<\/b>, de alta adaptabilidade e rentabilidade tamb\u00e9m para sua segunda safra i2x, al\u00e9m do <b>AS 3707 i2x<\/b>, com robustez e produtividade para sua safra, da Agroeste.<\/p>\n<p><b>Solu\u00e7\u00f5es para cada talh\u00e3o <\/b><\/p>\n<p>Tanto no Showtec, quanto na AgroBrasilia, os visitantes conhecer\u00e3o o espa\u00e7o Intacta2 Xtend&reg;, dedicado \u00e0 plataforma de biotecnologia para soja da Bayer que j\u00e1 permitiu a mais de uma centena de produtores produtividades m\u00e9dias acima de 100 sacas por hectare. Al\u00e9m disso, os visitantes ter\u00e3o a oportunidade de conferir os impactos positivos alcan\u00e7ados com a aplica\u00e7\u00e3o dos fungicidas Fox&reg; Xpro, Fox&reg; Supra, Nativo e do recentemente lan\u00e7ado Attila&reg;, que apresenta uma mol\u00e9cula inovadora de alta efic\u00e1cia contra o mofo branco, reduzindo significativamente o potencial de infec\u00e7\u00e3o j\u00e1 na primeira safra de utiliza\u00e7\u00e3o. Tamb\u00e9m ser\u00e3o destaque no espa\u00e7o os resultados obtidos com o nematicida Verango&reg; Prime, os inseticidas Curbix&reg; e Connect, e o herbicida Adengo.<\/p>\n<p><b>Sobre a Bayer\u00a0<\/b>\u00a0<\/p>\n<p>A Bayer \u00e9 uma empresa global com compet\u00eancias essenciais nas ci\u00eancias da vida nos setores de agroneg\u00f3cios e sa\u00fade. Seus produtos e servi\u00e7os s\u00e3o projetados para ajudar as pessoas e o planeta a prosperar, apoiando os esfor\u00e7os para superar os principais desafios apresentados por uma popula\u00e7\u00e3o global em crescimento e envelhecimento. A Bayer est\u00e1 comprometida em impulsionar o desenvolvimento sustent\u00e1vel e gerar um impacto positivo em seus neg\u00f3cios. Ao mesmo tempo, o Grupo pretende aumentar o seu poder de ganho e criar valor atrav\u00e9s da inova\u00e7\u00e3o e do crescimento. A marca Bayer representa confian\u00e7a, confiabilidade e qualidade. O <span class=\"xn-location\">Brasil<\/span> \u00e9 a segunda maior opera\u00e7\u00e3o da companhia no mundo.\u00a0<\/p>\n<p><b>Declara\u00e7\u00f5es prospectivas<\/b>?\u00a0<\/p>\n<p>Este comunicado pode conter declara\u00e7\u00f5es prospectivas baseadas nas previs\u00f5es atuais da equipe executiva da Bayer. Diversos riscos, incertezas e outros fatores, conhecidos ou desconhecidos, podem gerar diferen\u00e7as materiais entre os reais e futuros resultados, situa\u00e7\u00f5es financeiras, desenvolvimentos e desempenhos da empresa e as estimativas apresentadas aqui. Esses fatores incluem aqueles discutidos nos relat\u00f3rios p\u00fablicos da Bayer, dispon\u00edveis no <u><a href=\"\/Users\/gbokz\/AppData\/Local\/Microsoft\/Windows\/INetCache\/Content.Outlook\/IFYIHAYC\/www.bayer.com\" target=\"_blank\" rel=\"nofollow noopener\">site da empresa<\/a><\/u>. A companhia se isenta de qualquer responsabilidade pela atualiza\u00e7\u00e3o destas declara\u00e7\u00f5es prospectivas e pela precis\u00e3o de eventos e desenvolvimentos futuros.?\u00a0<\/p>\n<p>Foto &#8211; <a href=\"https:\/\/mma.prnewswire.com\/media\/2417328\/Picture1.jpg\" target=\"_blank\" rel=\"nofollow noopener\">https:\/\/mma.prnewswire.com\/media\/2417328\/Picture1.jpg<\/a><\/p>\n<p>\u00a0<\/p>\n<div class=\"PRN_ImbeddedAssetReference\" id=\"DivAssetPlaceHolder0\"><\/div>\n<p id=\"PURL\"><img loading=\"lazy\" decoding=\"async\" title=\"Cision\" width=\"12\" height=\"12\" alt=\"Cision\" src=\"https:\/\/c212.net\/c\/img\/favicon.png?sn=PT18934&amp;sd=2024-05-20\" \/> View original content to download multimedia:<a id=\"PRNURL\" rel=\"nofollow noopener\" href=\"https:\/\/www.prnewswire.com\/br\/comunicados-para-a-imprensa\/bayer-leva-suas-novidades-em-portfolio-integrado-para-showtec-e-agrobrasilia-302150547.html\" target=\"_blank\">https:\/\/www.prnewswire.com\/br\/comunicados-para-a-imprensa\/bayer-leva-suas-novidades-em-portfolio-integrado-para-showtec-e-agrobrasilia-302150547.html<\/a><\/p>\n<p>FONTE  Bayer<\/p>\n<\/div>\n<p><img decoding=\"async\" alt=\"\" src=\"https:\/\/rt.prnewswire.com\/rt.gif?NewsItemId=PT18934&amp;Transmission_Id=202405201700PR_NEWS_LATAM____PT18934&amp;DateId=20240520\" style=\"border:0px;width:1px;height:1px\" \/><\/p>\n<p>A <b>OESP<\/b> n\u00e3o \u00e9(s\u00e3o) respons\u00e1vel(is) por erros, incorre\u00e7\u00f5es, atrasos ou quaisquer decis\u00f5es tomadas por seus clientes com base nos Conte\u00fados ora disponibilizados, bem como tais Conte\u00fados n\u00e3o representam a opini\u00e3o da <b>OESP<\/b> e s\u00e3o de inteira responsabilidade da <b>PR Newswire Ltda<\/b><\/p>\n","protected":false},"excerpt":{"rendered":"Solu\u00e7\u00f5es em sementes, prote\u00e7\u00e3o de cultivos e ferramentas digitais combinam aumento da produtividade agr\u00edcola com incentivo \u00e0 agricultura regenerativa","protected":false},"author":1,"featured_media":0,"comment_status":"open","ping_status":"closed","sticky":false,"template":"","format":"standard","meta":{"_acf_changed":false,"inline_featured_image":false,"_monsterinsights_skip_tracking":false,"_monsterinsights_sitenote_active":false,"_monsterinsights_sitenote_note":"","_monsterinsights_sitenote_category":0,"footnotes":""},"categories":[29],"tags":[],"class_list":["post-94089","post","type-post","status-publish","format-standard","hentry","category-prnewseconomia"],"acf":[],"_links":{"self":[{"href":"https:\/\/bluestudio.estadao.com.br\/agencia-de-comunicacao\/wp-json\/wp\/v2\/posts\/94089","targetHints":{"allow":["GET"]}}],"collection":[{"href":"https:\/\/bluestudio.estadao.com.br\/agencia-de-comunicacao\/wp-json\/wp\/v2\/posts"}],"about":[{"href":"https:\/\/bluestudio.estadao.com.br\/agencia-de-comunicacao\/wp-json\/wp\/v2\/types\/post"}],"author":[{"embeddable":true,"href":"https:\/\/bluestudio.estadao.com.br\/agencia-de-comunicacao\/wp-json\/wp\/v2\/users\/1"}],"replies":[{"embeddable":true,"href":"https:\/\/bluestudio.estadao.com.br\/agencia-de-comunicacao\/wp-json\/wp\/v2\/comments?post=94089"}],"version-history":[{"count":0,"href":"https:\/\/bluestudio.estadao.com.br\/agencia-de-comunicacao\/wp-json\/wp\/v2\/posts\/94089\/revisions"}],"wp:attachment":[{"href":"https:\/\/bluestudio.estadao.com.br\/agencia-de-comunicacao\/wp-json\/wp\/v2\/media?parent=94089"}],"wp:term":[{"taxonomy":"category","embeddable":true,"href":"https:\/\/bluestudio.estadao.com.br\/agencia-de-comunicacao\/wp-json\/wp\/v2\/categories?post=94089"},{"taxonomy":"post_tag","embeddable":true,"href":"https:\/\/bluestudio.estadao.com.br\/agencia-de-comunicacao\/wp-json\/wp\/v2\/tags?post=94089"}],"curies":[{"name":"wp","href":"https:\/\/api.w.org\/{rel}","templated":true}]}}