{"id":94029,"date":"2024-05-17T16:28:00","date_gmt":"2024-05-17T19:28:00","guid":{"rendered":""},"modified":"2024-05-17T16:28:00","modified_gmt":"2024-05-17T19:28:00","slug":"archipelago-international-continua-expansao-no-caribe-e-na-america-latina-com-novas-aberturas-planejadas-multiplas-contratacoes-e-novos-escritorios-corporativos-em-punta-cana-2","status":"publish","type":"post","link":"https:\/\/bluestudio.estadao.com.br\/agencia-de-comunicacao\/prnewswire\/prnewsesportes\/archipelago-international-continua-expansao-no-caribe-e-na-america-latina-com-novas-aberturas-planejadas-multiplas-contratacoes-e-novos-escritorios-corporativos-em-punta-cana-2\/","title":{"rendered":"ARCHIPELAGO INTERNATIONAL CONTINUA EXPANS\u00c3O NO CARIBE E NA AM\u00c9RICA LATINA COM NOVAS ABERTURAS PLANEJADAS, M\u00daLTIPLAS CONTRATA\u00c7\u00d5ES E NOVOS ESCRIT\u00d3RIOS CORPORATIVOS EM PUNTA CANA"},"content":{"rendered":"<p><b>PR NEWSWIRE<\/b><\/p>\n<div class=\"xn-content\">\n<span class=\"legendSpanClass\"><span class=\"xn-location\">PUNTA CANA<\/span>, Rep\u00fablica Dominicana<\/span>, <span class=\"legendSpanClass\">17 de maio de 2024<\/span> \/PRNewswire\/ &#8212; Hoje, em um evento oficial de lan\u00e7amento em\u00a0Punta Cana, com a presen\u00e7a do vice-ministro do Turismo e do embaixador da Indon\u00e9sia, a Archipelago International abriu seu primeiro escrit\u00f3rio corporativo no Rep\u00fablica Dominicana e anunciou a assinatura de m\u00faltiplos acordos de gest\u00e3o na Rep\u00fablica Dominicana e no M\u00e9xico.<\/p>\n<div class=\"PRN_ImbeddedAssetReference\" id=\"DivAssetPlaceHolder1\">\n<a href=\"https:\/\/mma.prnewswire.com\/media\/2415829\/Dominican_Republic_Office.html\" target=\"_blank\" rel=\"nofollow noopener\">  <img decoding=\"async\" src=\"https:\/\/mma.prnewswire.com\/media\/2415829\/Dominican_Republic_Office.jpg\" title=\"Abertura de novo escrit\u00f3rio em Punta Cana e novas contrata\u00e7\u00f5es (PRNewsfoto\/Archipelago International)\" alt=\"Abertura de novo escrit\u00f3rio em Punta Cana e novas contrata\u00e7\u00f5es (PRNewsfoto\/Archipelago International)\" \/><\/a>\n <\/p>\n<\/p><\/div>\n<p>Archipelago International, com sede na Indon\u00e9sia, o maior grupo privado de gest\u00e3o hoteleira do Sudeste Asi\u00e1tico, anunciou hoje detalhes de sua expans\u00e3o na regi\u00e3o e o lan\u00e7amento de suas marcas, servi\u00e7os de gest\u00e3o e empresa de desenvolvimento de tecnologia hoteleira, Sentinel Tech, na abertura de seu novo escrit\u00f3rio corporativo na Rep\u00fablica Dominicana. Al\u00e9m de representantes seniores dos governos da Indon\u00e9sia e da Rep\u00fablica Dominicana, a cerim\u00f3nia de abertura contou com a presen\u00e7a dos principais investidores e promotores do sector das viagens e turismo.<\/p>\n<p>Falando em nome do Conselho da Archipelago International, o Sr. <span class=\"xn-person\">Gerard Byrne<\/span>, Diretor Geral, descreveu a hist\u00f3ria de 27 anos da empresa, desde o in\u00edcio humilde em Jacarta, na Indon\u00e9sia, at\u00e9 uma posi\u00e7\u00e3o atual de gerenciamento de mais de 270 hot\u00e9is em opera\u00e7\u00e3o (45.000 quartos) e um pipeline de mais de 80 hot\u00e9is (16.000 quartos) em 15 pa\u00edses e 5 continentes. Ele explicou como um forte esp\u00edrito de grupo para garantir uma experi\u00eancia perfeita ao cliente, desde a reserva at\u00e9 a avalia\u00e7\u00e3o, padr\u00f5es de servi\u00e7o asi\u00e1ticos de alto n\u00edvel, filosofia Kaizen (melhoria cont\u00ednua) e investimento de longo prazo em solu\u00e7\u00f5es tecnol\u00f3gicas s\u00e3o as principais raz\u00f5es para seu sucesso nacional e internacional. crescimento. Ao explicar a hist\u00f3ria de sucesso da estrat\u00e9gia de expans\u00e3o internacional da Archipelago, ele disse: &#8220;<i>Estamos fornecendo aos propriet\u00e1rios, desenvolvedores e investidores solu\u00e7\u00f5es operacionais e de marca alternativas comprovadas para seus ativos de hospitalidade a um pre\u00e7o bem inferior ao de outras marcas globais. Desenvolvemos solu\u00e7\u00f5es tecnol\u00f3gicas feitas por hoteleiros para hoteleiros. Nossos renomados padr\u00f5es de servi\u00e7o asi\u00e1ticos, solu\u00e7\u00f5es tecnol\u00f3gicas l\u00edderes e flexibilidade como empresa independente nos diferenciam da concorr\u00eancia. Al\u00e9m disso, mudamos o paradigma no que diz respeito ao relacionamento entre propriet\u00e1rio e operador, construindo novos modelos operacionais de parceria que recompensam o propriet\u00e1rio de uma forma mais equitativa do que as tradicionais estruturas de taxas de dois d\u00edgitos do passado<\/i>&#8220;.<\/p>\n<p>Falando depois de Byrne, Jos\u00e9 <span class=\"xn-person\">Luis Leonardo<\/span>, Vice-Presidente para as Am\u00e9ricas, descreveu detalhes de suas opera\u00e7\u00f5es existentes nas Am\u00e9ricas. &#8220;<i>Desde que inauguramos nosso primeiro resort na regi\u00e3o em 2019, o <b>Grand Aston Cayo Las Brujas Beach Resort &amp; Spa<\/b>, <span class=\"xn-location\">Cuba<\/span>, crescemos e temos cinco hot\u00e9is (3.242 quartos) em opera\u00e7\u00e3o atualmente, todos eles alcan\u00e7ando a posi\u00e7\u00e3o n\u00famero 1 em seus respectivos destinos. Nos pr\u00f3ximos doze meses abriremos um hotel em <span class=\"xn-location\">Cuba<\/span>, quatro hot\u00e9is e condot\u00e9is na Rep\u00fablica Dominicana e dois no M\u00e9xico. Estes s\u00e3o <b>Aston Panorama Hotel<\/b>, <span class=\"xn-location\">Havana<\/span> (320 quartos), <b>Reserva Real by Harper<\/b>, <span class=\"xn-location\">Punta Cana<\/span> (187 quartos), <b>Aston Rub\u00ed City Suites<\/b>, <span class=\"xn-location\">Santo Domingo<\/span> ( 179 quartos), <b>Grand Aston Punta Cana Beach Resort &amp; Spa<\/b> (170 quartos), <b>Aston Bocettos City Suites<\/b>, <span class=\"xn-location\">Santo Domingo<\/span> (126 quartos), <b>Aston Puebla Hotel<\/b> , <span class=\"xn-location\">Puebla<\/span> (105 quartos) e <b>IIk Tulum by Aston<\/b> Tulum\u00a0(104 quartos)<\/i>&#8220;.<\/p>\n<p>Em termos de novas contrata\u00e7\u00f5es importantes para a Rep\u00fablica Dominicana, o Sr. Leonardo anunciou: <b>Grand Aston Larimar City Golf Hotel &amp; Residences<\/b>, <span class=\"xn-location\">Punta Cana<\/span> (228 quartos), <b>Grand Aston C\u00e1icu Coral Golf Hotel &amp; Residences, <\/b>Punta Cana\u00a0(669 quartos),<b> Riviera Bay by Aston, <\/b><span class=\"xn-person\">Cana Bay<\/span> (110 quartos),<b> Harbor Bay by Aston, <\/b>Cap Cana\u00a0(186 quartos),<b> <span class=\"xn-person\">Juanillo Hills<\/span> by Aston, <\/b>Cap Cana\u00a0(60 quartos),<b> Aston Piantini Boutique Hotel, <\/b>Santo Domingo\u00a0(144 quartos), <b>Aston Towers Larimar City, <\/b>Punta Cana\u00a0(432 quartos),<b> Paradise Tower by Harper, <\/b><span class=\"xn-location\">Punta Cana<\/span> (144 quartos), <b><span class=\"xn-person\">Harper Paradise Punta Cana<\/span><\/b> (135 quartos), <b>Aston Arts Hotel &amp; Residences<\/b>, <span class=\"xn-location\">Punta Cana<\/span> (368 quartos) e <b>The Alana Experience Punta Cana<\/b> (530 quartos).<\/p>\n<p>Novas contrata\u00e7\u00f5es no M\u00e9xico incluem<b> Grand Aston Tulum <\/b>(153 quartos),<b> Aston Naomi Boutique Hotel &amp; Residences, <\/b><span class=\"xn-location\">Playa Del Carmen<\/span> (246 quartos), <b>Zonna Beach Resort &amp; Residences, <\/b><span class=\"xn-location\">Playa Del Carmen<\/span> (257 quartos) e<b> The Alana Hotel &amp; Residences<\/b>, <span class=\"xn-location\">Playa Del Carmen<\/span> (376 quartos).\u00a0Ele ainda comentou: &#8220;<i>Os hot\u00e9is Aston s\u00e3o h\u00e1 muito tempo chamados de hot\u00e9is de &#8216;confian\u00e7a&#8217; por nossos clientes no Sudeste Asi\u00e1tico e estamos muito satisfeitos que os propriet\u00e1rios, investidores e desenvolvedores na Am\u00e9rica Latina n\u00e3o estejam apenas entusiasmados com a vinda do Aston para a Rep\u00fablica Dominicana e M\u00e9xico, mas tamb\u00e9m que estamos introduzindo novas marcas, solu\u00e7\u00f5es tecnol\u00f3gicas e de modelos de neg\u00f3cios para seus hot\u00e9is, resorts, condot\u00e9is e resid\u00eancias de marca em todos os segmentos. O governo da Rep\u00fablica Dominicana demonstrou uma dedica\u00e7\u00e3o louv\u00e1vel na promo\u00e7\u00e3o de um clima empresarial e econ\u00f3mico favor\u00e1vel que incentive o crescimento no sector das viagens e do turismo. Este compromisso influenciou enormemente a nossa decis\u00e3o de estabelecer o nosso segundo escrit\u00f3rio corporativo regional em <span class=\"xn-location\">Punta Cana<\/span>. Al\u00e9m disso, para aprimorar nossas capacidades operacionais, estamos planejando novos escrit\u00f3rios corporativos em <span class=\"xn-location\">Santo Domingo<\/span> e <span class=\"xn-location\">Playa Del Carmen<\/span><\/i>&#8220;.\u00a0<\/p>\n<p><b>Sobre Arquip\u00e9lago Internacional<\/b><\/p>\n<p>Archipelago International \u00e9 o maior grupo privado de gest\u00e3o hoteleira do Sudeste Asi\u00e1tico, com mais de 45.000 quartos em mais de 200 locais no Sudeste Asi\u00e1tico, Oceania, Oriente M\u00e9dio, \u00c1frica, <span class=\"xn-location\">Caribe<\/span> e Am\u00e9rica Latina. Possui um portf\u00f3lio em r\u00e1pida expans\u00e3o na regi\u00e3o das Am\u00e9ricas, com 5 hot\u00e9is e resorts em opera\u00e7\u00e3o (3.242 quartos) e um pipeline de desenvolvimento de mais de 9.500 quartos em mais de 30 projetos futuros. A empresa fornece hospitalidade e solu\u00e7\u00f5es de tecnologia avan\u00e7ada para hot\u00e9is, resorts e resid\u00eancias de marca atrav\u00e9s de suas 12 marcas premiadas, Aston, Aston Collection, Huxley, Alana, Avanika, favehotel, Harper, Quest, Hotel Neo, <span class=\"xn-location\">Kamuela<\/span>, Nordic e Powered by Archipelago. Essas marcas est\u00e3o posicionadas em diferentes segmentos de mercado, desde hot\u00e9is econ\u00f4micos at\u00e9 hot\u00e9is de luxo, resorts e resid\u00eancias de marca.<\/p>\n<p>Seu foco consistente em tecnologia e sistemas, flexibilidade e agilidade como empresa independente e variedade de marcas hoteleiras t\u00eam sido fatores-chave para seu sucesso e expans\u00e3o na ind\u00fastria hoteleira.<\/p>\n<p>Foto &#8211; <a href=\"https:\/\/mma.prnewswire.com\/media\/2415829\/Dominican_Republic_Office.jpg\" target=\"_blank\" rel=\"nofollow noopener\">https:\/\/mma.prnewswire.com\/media\/2415829\/Dominican_Republic_Office.jpg<\/a><br \/>Logotipo &#8211; <a href=\"https:\/\/mma.prnewswire.com\/media\/2310078\/4712713\/ARCHIPELAGO_Logo.jpg\" target=\"_blank\" rel=\"nofollow noopener\">https:\/\/mma.prnewswire.com\/media\/2310078\/4712713\/ARCHIPELAGO_Logo.jpg<\/a><\/p>\n<div class=\"PRN_ImbeddedAssetReference\" id=\"DivAssetPlaceHolder2\">\n<a href=\"https:\/\/mma.prnewswire.com\/media\/2310078\/ARCHIPELAGO_Logo.html\" target=\"_blank\" rel=\"nofollow noopener\">  <img decoding=\"async\" src=\"https:\/\/mma.prnewswire.com\/media\/2310078\/ARCHIPELAGO_Logo.jpg\" title=\"(PRNewsfoto\/Archipelago International)\" alt=\"(PRNewsfoto\/Archipelago International)\" \/><\/a>\n <\/p>\n<\/div>\n<p id=\"PURL\"><img loading=\"lazy\" decoding=\"async\" title=\"Cision\" width=\"12\" height=\"12\" alt=\"Cision\" src=\"https:\/\/c212.net\/c\/img\/favicon.png?sn=PT17430&amp;sd=2024-05-17\" \/> View original content to download multimedia:<a id=\"PRNURL\" rel=\"nofollow noopener\" href=\"https:\/\/www.prnewswire.com\/br\/comunicados-para-a-imprensa\/archipelago-international-continua-expansao-no-caribe-e-na-america-latina-com-novas-aberturas-planejadas-multiplas-contratacoes-e-novos-escritorios-corporativos-em-punta-cana-302149245.html\" target=\"_blank\">https:\/\/www.prnewswire.com\/br\/comunicados-para-a-imprensa\/archipelago-international-continua-expansao-no-caribe-e-na-america-latina-com-novas-aberturas-planejadas-multiplas-contratacoes-e-novos-escritorios-corporativos-em-punta-cana-302149245.html<\/a><\/p>\n<p>FONTE  Archipelago International<\/p>\n<\/div>\n<p><img decoding=\"async\" alt=\"\" src=\"https:\/\/rt.prnewswire.com\/rt.gif?NewsItemId=PT17430&amp;Transmission_Id=202405171518PR_NEWS_LATAM____PT17430&amp;DateId=20240517\" style=\"border:0px;width:1px;height:1px\" \/><\/p>\n<p>A <b>OESP<\/b> n\u00e3o \u00e9(s\u00e3o) respons\u00e1vel(is) por erros, incorre\u00e7\u00f5es, atrasos ou quaisquer decis\u00f5es tomadas por seus clientes com base nos Conte\u00fados ora disponibilizados, bem como tais Conte\u00fados n\u00e3o representam a opini\u00e3o da <b>OESP<\/b> e s\u00e3o de inteira responsabilidade da <b>PR Newswire Ltda<\/b><\/p>\n","protected":false},"excerpt":{"rendered":"Hoje, em um evento oficial de lan\u00e7amento em\u00a0Punta Cana, com a presen\u00e7a do vice-ministro do Turismo e do embaixador da Indon\u00e9sia, a Archipelago International abriu seu primeiro esc","protected":false},"author":1,"featured_media":0,"comment_status":"open","ping_status":"closed","sticky":false,"template":"","format":"standard","meta":{"_acf_changed":false,"inline_featured_image":false,"_monsterinsights_skip_tracking":false,"_monsterinsights_sitenote_active":false,"_monsterinsights_sitenote_note":"","_monsterinsights_sitenote_category":0,"footnotes":""},"categories":[30],"tags":[],"class_list":["post-94029","post","type-post","status-publish","format-standard","hentry","category-prnewsesportes"],"acf":[],"_links":{"self":[{"href":"https:\/\/bluestudio.estadao.com.br\/agencia-de-comunicacao\/wp-json\/wp\/v2\/posts\/94029","targetHints":{"allow":["GET"]}}],"collection":[{"href":"https:\/\/bluestudio.estadao.com.br\/agencia-de-comunicacao\/wp-json\/wp\/v2\/posts"}],"about":[{"href":"https:\/\/bluestudio.estadao.com.br\/agencia-de-comunicacao\/wp-json\/wp\/v2\/types\/post"}],"author":[{"embeddable":true,"href":"https:\/\/bluestudio.estadao.com.br\/agencia-de-comunicacao\/wp-json\/wp\/v2\/users\/1"}],"replies":[{"embeddable":true,"href":"https:\/\/bluestudio.estadao.com.br\/agencia-de-comunicacao\/wp-json\/wp\/v2\/comments?post=94029"}],"version-history":[{"count":0,"href":"https:\/\/bluestudio.estadao.com.br\/agencia-de-comunicacao\/wp-json\/wp\/v2\/posts\/94029\/revisions"}],"wp:attachment":[{"href":"https:\/\/bluestudio.estadao.com.br\/agencia-de-comunicacao\/wp-json\/wp\/v2\/media?parent=94029"}],"wp:term":[{"taxonomy":"category","embeddable":true,"href":"https:\/\/bluestudio.estadao.com.br\/agencia-de-comunicacao\/wp-json\/wp\/v2\/categories?post=94029"},{"taxonomy":"post_tag","embeddable":true,"href":"https:\/\/bluestudio.estadao.com.br\/agencia-de-comunicacao\/wp-json\/wp\/v2\/tags?post=94029"}],"curies":[{"name":"wp","href":"https:\/\/api.w.org\/{rel}","templated":true}]}}