{"id":94012,"date":"2024-05-17T13:24:00","date_gmt":"2024-05-17T16:24:00","guid":{"rendered":"https:\/\/bluestudio.estadao.com.br\/agencia-de-comunicacao\/releases\/releases-geral\/exposicao-inedita-dos-herois-dc-chega-a-sao-paulo-em-junho\/"},"modified":"2024-05-17T13:24:00","modified_gmt":"2024-05-17T16:24:00","slug":"exposicao-inedita-dos-herois-dc-chega-a-sao-paulo-em-junho","status":"publish","type":"post","link":"https:\/\/bluestudio.estadao.com.br\/agencia-de-comunicacao\/releases\/releases-geral\/exposicao-inedita-dos-herois-dc-chega-a-sao-paulo-em-junho\/","title":{"rendered":"Exposi\u00e7\u00e3o in\u00e9dita dos Her\u00f3is DC chega a S\u00e3o Paulo em junho"},"content":{"rendered":"<p><b>DINO DIVULGADOR DE NOT\u00cdCIAS<\/b><\/p>\n<p>S\u00e3o Paulo&#8211;(<a target='_blank' href='http:\/\/www.dino.com.br' rel=\"noopener\">DINO<\/a> &#8211; 17 mai, 2024) &#8211;<br \/>\nA partir do dia 20 de junho, a exposi\u00e7\u00e3o dedicada a homenagear os super-her\u00f3is e supervil\u00f5es da <strong>DC<\/strong> vai ocupar uma \u00e1rea de 1.500 metros especialmente montada no <strong>MorumbiShopping<\/strong>. Os f\u00e3s da Liga da Justi\u00e7a, incluindo Superman, Batman e Mulher-Maravilha, ter\u00e3o a oportunidade de conferir 18 salas repletas de itens originais e r\u00e9plicas, ambientes imersivos e interativos montados com tecnologia de ponta. A experi\u00eancia contar\u00e1 com proje\u00e7\u00f5es mapeadas e responsivas, sensores de presen\u00e7a, hologramas e som 5.1.<\/p>\n<p>Os Jovens Tit\u00e3s e o Coringa tamb\u00e9m ganhar\u00e3o \u00e1reas pr\u00f3prias dentro da exposi\u00e7\u00e3o, assim como a Mulher-Gato, Robin, The Flash, Aquaman, \u00c1tomo e Lanterna Verde, entre outros.<\/p>\n<p>Entre as experi\u00eancias estar\u00e3o reprodu\u00e7\u00f5es de lugares ic\u00f4nicos das hist\u00f3rias. Os f\u00e3s do Superman, por exemplo, poder\u00e3o passear por Metr\u00f3polis, pela reda\u00e7\u00e3o do Planeta Di\u00e1rio e pela Fortaleza da Solid\u00e3o. Os f\u00e3s do Batman viajar\u00e3o por Gotham e entrar\u00e3o na batcaverna e no covil do Coringa. O jato invis\u00edvel da Mulher-Maravilha tamb\u00e9m ser\u00e1 exibido, assim como salas dedicadas ao Lanterna Verde, Shazam!, The Flash, Aquaman e muitos outros.<\/p>\n<p>Os f\u00e3s da DC tamb\u00e9m poder\u00e3o conferir mais de cem itens de colecionador, incluindo raridades, como uma reedi\u00e7\u00e3o de Action Comics #1 autografada por Jerry Siegel, cocriador de Superman; uma edi\u00e7\u00e3o do livro Batman &amp; Me com desenhos originais de Bob Kane, cocriador do Batman; al\u00e9m de dezenas de obras de arte e litogravuras originais de Alex Ross, um dos artistas mais conhecidos em todo o mundo por seu estilo realista.<\/p>\n<p>Realiza\u00e7\u00e3o da \u00c1S em colabora\u00e7\u00e3o com a Warner Bros. Discovery Global Themed Entertainment (WBDGTE), o evento \u00e9 coproduzido por Hit Makers (<em>Frida &#8211; Uma Biografia Imersiva, The Art of Banksy<\/em>), Casel\u00fadico, Chiaroscuro Studios (<em>Batman Experience<\/em>) e Sorria!, com apoio MorumbiShopping, patroc\u00ednio Sem Parar e apresenta\u00e7\u00e3o do Minist\u00e9rio da Cultura e do Bradesco.<\/p>\n<p>&#8216;A exposi\u00e7\u00e3o Her\u00f3is DC \u00e9 um conte\u00fado in\u00e9dito no pa\u00eds e que chega para movimentar o calend\u00e1rio do entretenimento brasileiro em 2024. Foram dedicados mais de seis meses no desenvolvimento criativo do projeto e temos certeza de que o resultado vai agradar tanto o &#8216;f\u00e3 mais hardcore&#8217; quanto o p\u00fablico em geral, que busca conhecer um pouco mais sobre o universo dos her\u00f3is da DC&#8217;, diz Fernando Lig\u00f3rio, CEO da <strong>Hit Makers<\/strong>.<\/p>\n<p>&#8216;Estamos entusiasmados em unir for\u00e7as com a \u00c1S, Hit Makers, Chiaroscuro e Casel\u00fadico para proporcionar aos f\u00e3s da DC e do universo dos super-her\u00f3is essa experi\u00eancia in\u00e9dita no Brasil e no mundo. Temos certeza de que esta exposi\u00e7\u00e3o ir\u00e1 dar a oportunidade de o p\u00fablico ter uma experi\u00eancia \u00fanica e inesquec\u00edvel junto aos her\u00f3is da DC. Os f\u00e3s da DC no Brasil, sendo uma das maiores comunidades do mundo inteiro, merecem um presente como este. Tenho certeza de que ser\u00e1 uma viagem verdadeiramente \u00e9pica&#8217;, diz Marcos Mello, diretor-geral da <strong>Warner Bros<\/strong>. Discovery Global Consumer Products (WBDGCP).<\/p>\n<p>O p\u00fablico poder\u00e1 adquirir seus ingressos atrav\u00e9s da plataforma <a rel=\"follow noopener\" target='_blank' href='https:\/\/feverup.com\/pt\/sao-paulo' data-mce-target='_blank' data-mce-selected='inline-boundary'>FEVER<\/a> a partir de <strong>22 de maio<\/strong>. Clientes <strong>Bradesco<\/strong> ter\u00e3o direito \u00e0 pr\u00e9-venda no dia 20 de maio e descontos durante a temporada.<\/p>\n<p>&#8216;Her\u00f3is DC foi criada para toda a fam\u00edlia e \u00e9 um convite para conhecer o mundo desses personagens incr\u00edveis. Os visitantes de todas as idades poder\u00e3o se sentir em Metr\u00f3polis, na Batcaverna, e irem \u00e0 Ilha Para\u00edso no jato invis\u00edvel da Mulher-Maravilha. \u00c9 uma experi\u00eancia imersiva para gerar mem\u00f3rias e fotos incr\u00edveis para todo o p\u00fablico&#8217;, diz Ivan Costa, curador da exposi\u00e7\u00e3o e de outros sucessos como Quadrinhos (MIS-SP, 2018-2019) e Batman Experience (2019-2022). Ele tamb\u00e9m \u00e9 cofundador da CCXP.<\/p>\n<p>Os her\u00f3is nunca deixar\u00e3o a humanidade desprotegida e quem estiver perto deles, estar\u00e1 a salvo. A exposi\u00e7\u00e3o <strong>Her\u00f3is DC<\/strong> \u00e9 um programa para toda a fam\u00edlia e para f\u00e3s de todas as partes e idades.<\/p>\n<p>MorumbiShopping &#8211; Av. Roque Petroni J\u00fanior, 1089 &#8211; Jardim das Ac\u00e1cias, S\u00e3o Paulo<br \/>\nDe 20 de junho a 23 de setembro, das 10h \u00e0s 22h<\/p>\n<p>Pre\u00e7os:<br \/>\nSegunda a sexta-feira das 10h \u00e0s 17h45 &#8211; R$80,00 (inteira)&nbsp;&#8211; R$40,00&nbsp;(meia-entrada)<br \/>\nSegunda a sexta-feira das 18h \u00e0s 22h &#8211; R$90,00&nbsp;(inteira) &#8211; R$45,00&nbsp;(meia-entrada)<br \/>\nS\u00e1bado e domingo &#8211; R$110,00&nbsp;(inteira) &#8211; R$55,00&nbsp;(meia-entrada)<\/p>\n<p>Pr\u00e9-venda para clientes Bradesco com 20% de desconto: a partir de 20 de maio, \u00e0s 10h<br \/>\nVenda geral: a partir de 22 de maio, \u00e0s 10h<br \/>\nPlataforma de vendas: <a rel=\"follow noopener\" target='_blank' href='https:\/\/feverup.com\/pt\/sao-paulo' data-mce-target='_blank'>FEVER<\/a><\/p>\n<p>Website: <a target='_blank' href='https:\/\/www.instagram.com\/dcofficial\/' rel=\"follow noopener\">https:\/\/www.instagram.com\/dcofficial\/<\/a><img src='https:\/\/api.dino.com.br\/v2\/news\/tr\/302115' alt='' style='border:0px;width:1px;height:1px' \/><br \/>\nA <b>OESP<\/b> n\u00e3o \u00e9(s\u00e3o) respons\u00e1vel(is) por erros, incorre\u00e7\u00f5es, atrasos ou quaisquer decis\u00f5es tomadas por seus clientes com base nos Conte\u00fados ora disponibilizados, bem como tais Conte\u00fados n\u00e3o representam a opini\u00e3o da <b>OESP<\/b> e s\u00e3o de inteira responsabilidade da <b>Dino Divulgador de Noticias Online Ltda<\/b><\/p>\n","protected":false},"excerpt":{"rendered":"S\u00e3o Paulo&#8211;(DINO &#8211; 17 mai, 2024) &#8211;\nA partir do dia 20 de junho, a exposi\u00e7\u00e3o dedicada a homenagear os super-her\u00f3is e supervil\u00f5es da DC vai ocupar uma \u00e1rea de 1.500 metros especialm","protected":false},"author":1,"featured_media":0,"comment_status":"open","ping_status":"closed","sticky":false,"template":"","format":"standard","meta":{"_acf_changed":false,"inline_featured_image":false,"_monsterinsights_skip_tracking":false,"_monsterinsights_sitenote_active":false,"_monsterinsights_sitenote_note":"","_monsterinsights_sitenote_category":0,"footnotes":""},"categories":[34],"tags":[],"class_list":["post-94012","post","type-post","status-publish","format-standard","hentry","category-releases-geral"],"acf":[],"_links":{"self":[{"href":"https:\/\/bluestudio.estadao.com.br\/agencia-de-comunicacao\/wp-json\/wp\/v2\/posts\/94012","targetHints":{"allow":["GET"]}}],"collection":[{"href":"https:\/\/bluestudio.estadao.com.br\/agencia-de-comunicacao\/wp-json\/wp\/v2\/posts"}],"about":[{"href":"https:\/\/bluestudio.estadao.com.br\/agencia-de-comunicacao\/wp-json\/wp\/v2\/types\/post"}],"author":[{"embeddable":true,"href":"https:\/\/bluestudio.estadao.com.br\/agencia-de-comunicacao\/wp-json\/wp\/v2\/users\/1"}],"replies":[{"embeddable":true,"href":"https:\/\/bluestudio.estadao.com.br\/agencia-de-comunicacao\/wp-json\/wp\/v2\/comments?post=94012"}],"version-history":[{"count":0,"href":"https:\/\/bluestudio.estadao.com.br\/agencia-de-comunicacao\/wp-json\/wp\/v2\/posts\/94012\/revisions"}],"wp:attachment":[{"href":"https:\/\/bluestudio.estadao.com.br\/agencia-de-comunicacao\/wp-json\/wp\/v2\/media?parent=94012"}],"wp:term":[{"taxonomy":"category","embeddable":true,"href":"https:\/\/bluestudio.estadao.com.br\/agencia-de-comunicacao\/wp-json\/wp\/v2\/categories?post=94012"},{"taxonomy":"post_tag","embeddable":true,"href":"https:\/\/bluestudio.estadao.com.br\/agencia-de-comunicacao\/wp-json\/wp\/v2\/tags?post=94012"}],"curies":[{"name":"wp","href":"https:\/\/api.w.org\/{rel}","templated":true}]}}