{"id":93874,"date":"2024-05-15T14:20:00","date_gmt":"2024-05-15T17:20:00","guid":{"rendered":"https:\/\/bluestudio.estadao.com.br\/agencia-de-comunicacao\/releases\/releases-geral\/novo-metodo-de-harmonizacao-facial-prioriza-beleza-natural\/"},"modified":"2024-05-15T14:20:00","modified_gmt":"2024-05-15T17:20:00","slug":"novo-metodo-de-harmonizacao-facial-prioriza-beleza-natural","status":"publish","type":"post","link":"https:\/\/bluestudio.estadao.com.br\/agencia-de-comunicacao\/releases\/releases-geral\/novo-metodo-de-harmonizacao-facial-prioriza-beleza-natural\/","title":{"rendered":"Novo m\u00e9todo de harmoniza\u00e7\u00e3o facial prioriza beleza natural"},"content":{"rendered":"<p><b>DINO DIVULGADOR DE NOT\u00cdCIAS<\/b><\/p>\n<p>(<a target='_blank' href='http:\/\/www.dino.com.br' rel=\"noopener\">DINO<\/a> &#8211; 15 mai, 2024) &#8211;<br \/>\nNa hora de se submeter a uma harmoniza&ccedil;&atilde;o facial, &eacute; comum que muitos pacientes tenham preocupa&ccedil;&atilde;o com a naturalidade. Isto &eacute;, o desejo de obter um resultado que n&atilde;o d&ecirc; a impress&atilde;o de algo &ldquo;exagerado&rdquo;, que destoe da sua apar&ecirc;ncia ou fique muito evidente que passou por um procedimento. A <a rel=\"follow noopener\" target='_blank' href='https:\/\/revistamarieclaire.globo.com\/beleza\/noticia\/2024\/02\/reversao-de-procedimentos-esteticos-por-que-busca-pelo-padrao-natural-virou-tendencia.ghtml'>busca por uma beleza mais natural<\/a> &eacute; cada vez mais procurada e j&aacute; &eacute; uma tend&ecirc;ncia mundial.<\/p>\n<p>Foi pensando em atender essa necessidade que a m&eacute;dica dermatologista Nat&aacute;lia Venturelli, fundadora da Cl&iacute;nica Venturelli, localizada em Santos (SP) e que atende pacientes de todo o Brasil, desenvolveu um m&eacute;todo pr&oacute;prio, que tem como premissa a beleza baseada na naturalidade.&nbsp;<\/p>\n<p>&ldquo;O m&eacute;todo Venturelli foi desenvolvido para ensinar aos m&eacute;dicos os procedimentos est&eacute;ticos injet&aacute;veis que entregam resultados naturais. Quando equilibramos os pontos de sombra e luz de uma face, real&ccedil;amos a beleza e isso &eacute; muito importante. Se exageramos na luz ou retiramos demais as sombras, acaba resultando em desarmonia&rdquo;, esclarece a m&eacute;dica. &ldquo;Sa&iacute;mos da era dos exageros para o momento em que costumo dizer: nem menos, nem mais, o correto &eacute; na medida&rdquo;.&nbsp;<\/p>\n<p>Dra. Nat&aacute;lia Venturelli afirma que o m&eacute;todo prioriza a seguran&ccedil;a do paciente em todos os procedimentos, utilizando t&eacute;cnicas que minimizam riscos e &ldquo;trazem luminosidade &agrave; face por meio do uso de toxina botul&iacute;nica, preenchedores, bioestimuladores e skinbooster&rdquo;, promovendo uma apar&ecirc;ncia rejuvenescida.<\/p>\n<p>Na vis&atilde;o da m&eacute;dica, s&atilde;o tr&ecirc;s pilares fundamentais para uma harmoniza&ccedil;&atilde;o facial bem sucedida: conhecimento sobre processo do envelhecimento, dom&iacute;nio de pontos anat&ocirc;micos e excel&ecirc;ncia na t&eacute;cnica.&nbsp;<\/p>\n<p>&ldquo;O m&eacute;todo oferece um conhecimento profundo sobre a sele&ccedil;&atilde;o de materiais, t&eacute;cnicas de aplica&ccedil;&atilde;o e manejo de complica&ccedil;&otilde;es, elevando o n&iacute;vel de compet&ecirc;ncia do profissional&rdquo;, diz. Ela acrescenta que, entre os principais benef&iacute;cios, est&aacute; a possibilidade de se diferenciar no competitivo mercado de est&eacute;tica e ainda aprimorar habilidades interpessoais, como comunica&ccedil;&atilde;o e empatia.<\/p>\n<p>&ldquo;Isso n&atilde;o s&oacute; melhora a rela&ccedil;&atilde;o com os pacientes, mas tamb&eacute;m contribui para o crescimento pessoal do profissional. Promovemos uma comunidade de aprendizado cont&iacute;nuo, na qual profissionais podem compartilhar experi&ecirc;ncias, desafios e sucessos&rdquo;, acrescenta Dra. Nat&aacute;lia Venturelli.<\/p>\n<p>A m&eacute;dica ressalta a import&acirc;ncia de ter uma abordagem humanizada, acompanhando o paciente n&atilde;o apenas antes e durante o procedimento, mas tamb&eacute;m ap&oacute;s, de modo a oferecer suporte e orienta&ccedil;&otilde;es no per&iacute;odo de recupera&ccedil;&atilde;o. &ldquo;Se temos hoje recursos para envelhecermos melhor, devemos utiliz&aacute;-los da melhor maneira, entregando o que h&aacute; de melhor em cada procedimento&rdquo;, sintetiza Dra. Nat&aacute;lia Venturelli.&nbsp;<\/p>\n<p>Para saber mais, basta acessar: <a rel=\"follow noopener\" target='_blank' href='https:\/\/clinicaventurelli.com.br\/'>https:\/\/www.clinicaventurelli.com.br&nbsp;<\/a><\/p>\n<p>A <b>OESP<\/b> n\u00e3o \u00e9(s\u00e3o) respons\u00e1vel(is) por erros, incorre\u00e7\u00f5es, atrasos ou quaisquer decis\u00f5es tomadas por seus clientes com base nos Conte\u00fados ora disponibilizados, bem como tais Conte\u00fados n\u00e3o representam a opini\u00e3o da <b>OESP<\/b> e s\u00e3o de inteira responsabilidade da <b>Dino Divulgador de Noticias Online Ltda<\/b><\/p>\n","protected":false},"excerpt":{"rendered":"(DINO &#8211; 15 mai, 2024) &#8211;\nNa hora de se submeter a uma harmoniza&ccedil;&atilde;o facial, &eacute; comum que muitos pacientes tenham preocupa&ccedil;&atilde;o com a naturalidade. Is","protected":false},"author":1,"featured_media":0,"comment_status":"open","ping_status":"closed","sticky":false,"template":"","format":"standard","meta":{"_acf_changed":false,"inline_featured_image":false,"_monsterinsights_skip_tracking":false,"_monsterinsights_sitenote_active":false,"_monsterinsights_sitenote_note":"","_monsterinsights_sitenote_category":0,"footnotes":""},"categories":[34],"tags":[],"class_list":["post-93874","post","type-post","status-publish","format-standard","hentry","category-releases-geral"],"acf":[],"_links":{"self":[{"href":"https:\/\/bluestudio.estadao.com.br\/agencia-de-comunicacao\/wp-json\/wp\/v2\/posts\/93874","targetHints":{"allow":["GET"]}}],"collection":[{"href":"https:\/\/bluestudio.estadao.com.br\/agencia-de-comunicacao\/wp-json\/wp\/v2\/posts"}],"about":[{"href":"https:\/\/bluestudio.estadao.com.br\/agencia-de-comunicacao\/wp-json\/wp\/v2\/types\/post"}],"author":[{"embeddable":true,"href":"https:\/\/bluestudio.estadao.com.br\/agencia-de-comunicacao\/wp-json\/wp\/v2\/users\/1"}],"replies":[{"embeddable":true,"href":"https:\/\/bluestudio.estadao.com.br\/agencia-de-comunicacao\/wp-json\/wp\/v2\/comments?post=93874"}],"version-history":[{"count":0,"href":"https:\/\/bluestudio.estadao.com.br\/agencia-de-comunicacao\/wp-json\/wp\/v2\/posts\/93874\/revisions"}],"wp:attachment":[{"href":"https:\/\/bluestudio.estadao.com.br\/agencia-de-comunicacao\/wp-json\/wp\/v2\/media?parent=93874"}],"wp:term":[{"taxonomy":"category","embeddable":true,"href":"https:\/\/bluestudio.estadao.com.br\/agencia-de-comunicacao\/wp-json\/wp\/v2\/categories?post=93874"},{"taxonomy":"post_tag","embeddable":true,"href":"https:\/\/bluestudio.estadao.com.br\/agencia-de-comunicacao\/wp-json\/wp\/v2\/tags?post=93874"}],"curies":[{"name":"wp","href":"https:\/\/api.w.org\/{rel}","templated":true}]}}