{"id":93709,"date":"2024-05-13T16:05:00","date_gmt":"2024-05-13T19:05:00","guid":{"rendered":"https:\/\/bluestudio.estadao.com.br\/agencia-de-comunicacao\/releases\/releases-geral\/uso-consciente-do-celular-na-pauta-literaria-da-16a-flist\/"},"modified":"2024-05-13T16:05:00","modified_gmt":"2024-05-13T19:05:00","slug":"uso-consciente-do-celular-na-pauta-literaria-da-16a-flist","status":"publish","type":"post","link":"https:\/\/bluestudio.estadao.com.br\/agencia-de-comunicacao\/releases\/releases-geral\/uso-consciente-do-celular-na-pauta-literaria-da-16a-flist\/","title":{"rendered":"Uso consciente do celular na pauta liter\u00e1ria da 16\u00aa Flist"},"content":{"rendered":"<p><b>DINO DIVULGADOR DE NOT\u00cdCIAS<\/b><\/p>\n<p>Rio de Janeiro, RJ.&#8211;(<a target='_blank' href='http:\/\/www.dino.com.br' rel=\"noopener\">DINO<\/a> &#8211; 13 mai, 2024) &#8211;<br \/>\nUm dos maiores desafios da gera&ccedil;&atilde;o atual &eacute; o uso saud&aacute;vel dos smartphones. Mas como abordar esse assunto com crian&ccedil;as e adolescentes? Para conversar sobre essa quest&atilde;o, a escritora Viviane Viana, que acaba de lan&ccedil;ar o livro infantojuvenil &#8216;Ah, se Graham Bell falasse!&#8217; (Franco Editora), participar&aacute;, no dia 18 de maio, da Festa Liter&aacute;ria de Santa Teresa (Flist), no Museu Hist&oacute;rico da Cidade do Rio de Janeiro.<\/p>\n<p>A autora, que &eacute; Mestre em Educa&ccedil;&atilde;o e estudou, h&aacute; 15 anos, as contribui&ccedil;&otilde;es da tecnologia para o aprendizado, agora, em seu novo livro infantojuvenil, trata dos excessos no uso das telas. &#8216;O que se discute &eacute; a modera&ccedil;&atilde;o. Os smartphones s&atilde;o ferramentas multifuncionais incr&iacute;veis, por&eacute;m, a depend&ecirc;ncia nociva causa problemas &agrave; sa&uacute;de f&iacute;sica e mental&#8217;, explica Viviane Viana.<\/p>\n<p>O livro utiliza o recurso da rima para descrever situa&ccedil;&otilde;es em que algu&eacute;m exagera no uso do celular, enquanto o t&iacute;tulo &#8216;Ah, se Graham Bell falasse!&#8217; funciona como um refr&atilde;o, que se repete cena ap&oacute;s cena at&eacute; o inventor, a quem se atribui o desenvolvimento do telefone, dar sua opini&atilde;o sobre a situa&ccedil;&atilde;o atual, em que o celular se tornou quase uma extens&atilde;o do pr&oacute;prio corpo.<\/p>\n<p>A ideia &eacute; que as crian&ccedil;as e os adolescentes se divirtam com a leitura, se lembrem de experi&ecirc;ncias parecidas e reflitam sobre a necessidade de se estabelecer limites &agrave;s tecnologias, al&eacute;m de respeitar o espa&ccedil;o do outro. E nesse ambiente em que o prop&oacute;sito &eacute; fornecer elementos para que a garotada fa&ccedil;a escolhas de forma consciente, a escritora defende a import&acirc;ncia da forma&ccedil;&atilde;o de leitores. &#8216;&Eacute; preciso estimular o h&aacute;bito da leitura desde cedo. A literatura desempenha um papel fundamental para que possamos compreender melhor o mundo e suas transforma&ccedil;&otilde;es, ampliar repert&oacute;rios e formar sujeitos mais emp&aacute;ticos&#8217;, afirma Viviane Viana.<\/p>\n<p><strong>Servi&ccedil;o<\/strong><\/p>\n<p>A Festa Liter&aacute;ria de Santa Teresa, organizada pelo Centro Educacional An&iacute;sio Teixeira (Ceat) com curadoria da escritora Ninfa Parreiras, acontece nos dias 18 e 19 de maio, das 9h &agrave;s 18h, com atividades gratuitas para p&uacute;blicos de diversas faixas et&aacute;rias. Esta &eacute; a 16&ordf; edi&ccedil;&atilde;o da Flist, que ocorre pela primeira vez fora do bairro carioca que d&aacute; nome ao evento, em fun&ccedil;&atilde;o da reforma do Parque Gl&oacute;ria Maria, antigo Parque das Ru&iacute;nas.<\/p>\n<p>Viviane Viana estar&aacute; no dia 18 de maio, &agrave;s 14h30, no sal&atilde;o do Palacete do Museu Hist&oacute;rico da Cidade. A autora participa da Flist a partir de uma parceria do Ceat com a&nbsp;Associa&ccedil;&atilde;o de Escritores e Ilustradores de Literatura Infantil e Juvenil (AEILIJ), da qual ela faz parte, e que celebrar&aacute; 25 anos de exist&ecirc;ncia em evento na Festa Liter&aacute;ria.<\/p>\n<p>Website: <a target='_blank' href='https:\/\/flist.org.br\/' rel=\"follow noopener\">https:\/\/flist.org.br\/<\/a><img src='https:\/\/api.dino.com.br\/v2\/news\/tr\/304282' alt='' style='border:0px;width:1px;height:1px' \/><br \/>\nA <b>OESP<\/b> n\u00e3o \u00e9(s\u00e3o) respons\u00e1vel(is) por erros, incorre\u00e7\u00f5es, atrasos ou quaisquer decis\u00f5es tomadas por seus clientes com base nos Conte\u00fados ora disponibilizados, bem como tais Conte\u00fados n\u00e3o representam a opini\u00e3o da <b>OESP<\/b> e s\u00e3o de inteira responsabilidade da <b>Dino Divulgador de Noticias Online Ltda<\/b><\/p>\n","protected":false},"excerpt":{"rendered":"Rio de Janeiro, RJ.&#8211;(DINO &#8211; 13 mai, 2024) &#8211;\nUm dos maiores desafios da gera&ccedil;&atilde;o atual &eacute; o uso saud&aacute;vel dos smartphones. Mas como abordar esse assunto c","protected":false},"author":1,"featured_media":0,"comment_status":"open","ping_status":"closed","sticky":false,"template":"","format":"standard","meta":{"_acf_changed":false,"inline_featured_image":false,"_monsterinsights_skip_tracking":false,"_monsterinsights_sitenote_active":false,"_monsterinsights_sitenote_note":"","_monsterinsights_sitenote_category":0,"footnotes":""},"categories":[34],"tags":[],"class_list":["post-93709","post","type-post","status-publish","format-standard","hentry","category-releases-geral"],"acf":[],"_links":{"self":[{"href":"https:\/\/bluestudio.estadao.com.br\/agencia-de-comunicacao\/wp-json\/wp\/v2\/posts\/93709","targetHints":{"allow":["GET"]}}],"collection":[{"href":"https:\/\/bluestudio.estadao.com.br\/agencia-de-comunicacao\/wp-json\/wp\/v2\/posts"}],"about":[{"href":"https:\/\/bluestudio.estadao.com.br\/agencia-de-comunicacao\/wp-json\/wp\/v2\/types\/post"}],"author":[{"embeddable":true,"href":"https:\/\/bluestudio.estadao.com.br\/agencia-de-comunicacao\/wp-json\/wp\/v2\/users\/1"}],"replies":[{"embeddable":true,"href":"https:\/\/bluestudio.estadao.com.br\/agencia-de-comunicacao\/wp-json\/wp\/v2\/comments?post=93709"}],"version-history":[{"count":0,"href":"https:\/\/bluestudio.estadao.com.br\/agencia-de-comunicacao\/wp-json\/wp\/v2\/posts\/93709\/revisions"}],"wp:attachment":[{"href":"https:\/\/bluestudio.estadao.com.br\/agencia-de-comunicacao\/wp-json\/wp\/v2\/media?parent=93709"}],"wp:term":[{"taxonomy":"category","embeddable":true,"href":"https:\/\/bluestudio.estadao.com.br\/agencia-de-comunicacao\/wp-json\/wp\/v2\/categories?post=93709"},{"taxonomy":"post_tag","embeddable":true,"href":"https:\/\/bluestudio.estadao.com.br\/agencia-de-comunicacao\/wp-json\/wp\/v2\/tags?post=93709"}],"curies":[{"name":"wp","href":"https:\/\/api.w.org\/{rel}","templated":true}]}}