{"id":93534,"date":"2024-05-08T19:13:00","date_gmt":"2024-05-08T22:13:00","guid":{"rendered":"https:\/\/bluestudio.estadao.com.br\/agencia-de-comunicacao\/prnewswire\/prnewsbrasil\/agribusiness-global-anuncia-a-programacao-do-evento-de-2024-conectando-lideres-de-insumos-agricolas-de-todas-as-partes-do-mundo\/"},"modified":"2024-05-08T19:13:00","modified_gmt":"2024-05-08T22:13:00","slug":"agribusiness-global-anuncia-a-programacao-do-evento-de-2024-conectando-lideres-de-insumos-agricolas-de-todas-as-partes-do-mundo","status":"publish","type":"post","link":"https:\/\/bluestudio.estadao.com.br\/agencia-de-comunicacao\/prnewswire\/prnewsbrasil\/agribusiness-global-anuncia-a-programacao-do-evento-de-2024-conectando-lideres-de-insumos-agricolas-de-todas-as-partes-do-mundo\/","title":{"rendered":"AgriBusiness Global&trade; anuncia a programa\u00e7\u00e3o do evento de 2024: Conectando l\u00edderes de insumos agr\u00edcolas de todas as partes do mundo"},"content":{"rendered":"<p><b>PR NEWSWIRE<\/b><\/p>\n<div class=\"xn-content\">\n<span class=\"legendSpanClass\"><span class=\"xn-location\">WILLOUGHBY, Ohio<\/span><\/span>, <span class=\"legendSpanClass\">8 de maio de 2024<\/span> \/PRNewswire\/ &#8212; A <i>AgriBusiness Global<\/i>, a principal fonte de neg\u00f3cios para l\u00edderes da cadeia de valor global de insumos agr\u00edcolas, tem o prazer de anunciar sua programa\u00e7\u00e3o de eventos para 2024. Por 37 anos, a <i>AgriBusiness Global<\/i> tem sido o recurso de refer\u00eancia para informa\u00e7\u00f5es e an\u00e1lises confi\u00e1veis e de qualidade, liderando o setor no fornecimento da pr\u00f3xima gera\u00e7\u00e3o de solu\u00e7\u00f5es para culturas, abrangendo prote\u00e7\u00e3o sint\u00e9tica de culturas, produtos biol\u00f3gicos e sa\u00fade vegetal.<\/p>\n<div id=\"prni_dvprnejpg5672left\" dir=\"ltr\" style=\"width: 100%;text-align: left\"><img decoding=\"async\" id=\"prnejpg5672left\" title=\"Meister Media Worldwide - Empowering Global Agriculture\" src=\"https:\/\/mma.prnewswire.com\/media\/2080421\/4694823\/Meister_Media_Worldwide_Logo.jpg\" alt=\"Meister Media Worldwide - Empowering Global Agriculture\" align=\"middle\" \/><\/div>\n<p>Em 2024, a <i>AgriBusiness Global<\/i> realizar\u00e1 tr\u00eas eventos, cada um pensado para conectar l\u00edderes do setor, promover a inova\u00e7\u00e3o e impulsionar o crescimento dos neg\u00f3cios:<\/p>\n<p><b><i>AgriBusiness Global<\/i><\/b>\u00a0?\u00a0<b>LATAM Conference<\/b><br \/>Data: De 14 a 15 de maio<br \/>Local: Cidade do Panam\u00e1, Panam\u00e1<\/p>\n<p><b><i>Capitalizando as tecnologias emergentes na Am\u00e9rica Latina<\/i><\/b>\u00a0<\/p>\n<p>A Confer\u00eancia LATAM ABG reunir\u00e1 especialistas e influenciadores do setor para discutir as \u00faltimas tend\u00eancias e desenvolvimentos em prote\u00e7\u00e3o de cultivos, sa\u00fade vegetal, produtos biol\u00f3gicos e tecnologia agr\u00edcola espec\u00edfica para a regi\u00e3o da Am\u00e9rica Latina. O mercado latino-americano oferece novas oportunidades para o crescimento dos neg\u00f3cios e parcerias com os principais intervenientes da regi\u00e3o. <a href=\"https:\/\/c212.net\/c\/link\/?t=0&amp;l=pt&amp;o=4161758-1&amp;h=3755830811&amp;u=https%3A%2F%2Fc212.net%2Fc%2Flink%2F%3Ft%3D0%26l%3Den%26o%3D4161758-1%26h%3D808272601%26u%3Dhttps%253A%252F%252Fabglatam.com%252F%26a%3DLearn%2BMore%253E&amp;a=Saiba+mais%3E\" target=\"_blank\" rel=\"nofollow noopener\">Saiba mais&gt;<\/a><\/p>\n<p><b><i>AgriBusiness Global<\/i><\/b>\u00a0?<b>\u00a0Trade Summit<\/b><br \/>Data: De 7 a 8 de agosto<br \/>Local: <span class=\"xn-location\">Orlando<\/span>, Fl\u00f3rida, EUA<\/p>\n<p><b><i>O principal evento global do agroneg\u00f3cio &#8211; dedicado ao networking mundial e ao desenvolvimento de novos neg\u00f3cios\u00a0 <\/i><\/b><\/p>\n<p>A C\u00fapula Comercial ABG \u00e9 o f\u00f3rum confi\u00e1vel para o avan\u00e7o do desenvolvimento nos setores globais emergentes de prote\u00e7\u00e3o de cultivos, tecnologia agr\u00edcola, sa\u00fade vegetal e biol\u00f3gicos. Os participantes podem se reunir com os principais fabricantes, exportadores, empresas comerciais, vendedores, formuladores e consultores do mundo.\u00a0 A C\u00fapula Comercial facilita o com\u00e9rcio global ao oferecer sess\u00f5es educacionais, uma \u00e1rea de exposi\u00e7\u00e3o robusta, salas de reuni\u00e3o privadas e oportunidades de networking dedicadas para que o mercado mundial se conecte, se envolva e crie neg\u00f3cios. <a href=\"https:\/\/c212.net\/c\/link\/?t=0&amp;l=pt&amp;o=4161758-1&amp;h=1962441814&amp;u=https%3A%2F%2Fc212.net%2Fc%2Flink%2F%3Ft%3D0%26l%3Den%26o%3D4161758-1%26h%3D1228203953%26u%3Dhttps%253A%252F%252Fwww.tradesummit.com%252Fglobal%252F%26a%3DLearn%2BMore%253E&amp;a=Saiba+mais%3E\" target=\"_blank\" rel=\"nofollow noopener\">Saiba mais&gt;<\/a><\/p>\n<p><b><i>AgriBusiness Global<\/i><\/b>\u00a0?<b>\u00a0SE Asia Conference<br \/><\/b>Data: De 6 a 7 de novembro<br \/>Local: <span class=\"xn-location\">Jakarta<\/span>, Indon\u00e9sia<\/p>\n<p><b><i>Capacitando o\u00a0agroneg\u00f3cio do Sudeste Asi\u00e1tico para um impacto global<\/i><\/b>\u00a0<\/p>\n<p>A Confer\u00eancia do Sudeste Asi\u00e1tico ABG, produzida em coopera\u00e7\u00e3o com a Indonesian CropCare Association, apresentar\u00e1 tecnologias de ponta e inova\u00e7\u00f5es na produ\u00e7\u00e3o agr\u00edcola, abordando os desafios e as oportunidades exclusivas do mercado do Sudeste Asi\u00e1tico. Os participantes obter\u00e3o insights exclusivos para se preparar para o futuro e navegar pelo presente no mercado agr\u00edcola em r\u00e1pida evolu\u00e7\u00e3o. <a href=\"https:\/\/c212.net\/c\/link\/?t=0&amp;l=pt&amp;o=4161758-1&amp;h=3413805848&amp;u=https%3A%2F%2Fc212.net%2Fc%2Flink%2F%3Ft%3D0%26l%3Den%26o%3D4161758-1%26h%3D3970600912%26u%3Dhttps%253A%252F%252Fabgseasia.com%252F%26a%3DLearn%2BMore%253E&amp;a=Saiba+mais%3E\" target=\"_blank\" rel=\"nofollow noopener\">Saiba mais&gt;<\/a><\/p>\n<p>&#8220;Nossos eventos s\u00e3o plataformas din\u00e2micas para os l\u00edderes do setor se conectarem, colaborarem e impulsionarem a inova\u00e7\u00e3o&#8221;, disse <span class=\"xn-person\">Eric Davis<\/span>, diretor de grupo da <i>AgriBusiness Global<\/i>. &#8220;Estamos entusiasmados em reunir as mentes mais brilhantes do setor para explorar novas ideias, promover parcerias e moldar o futuro da agricultura&#8221;.<\/p>\n<p>Para obter informa\u00e7\u00f5es sobre os eventos de 2024 e sobre como participar, acesse <a href=\"https:\/\/c212.net\/c\/link\/?t=0&amp;l=pt&amp;o=4161758-1&amp;h=2711429702&amp;u=https%3A%2F%2Fc212.net%2Fc%2Flink%2F%3Ft%3D0%26l%3Den%26o%3D4161758-1%26h%3D1942530326%26u%3Dhttps%253A%252F%252Fwww.agribusinessglobal.com%252F%26a%3DAgriBusinessGlobal.com&amp;a=AgriBusinessGlobal.com\" target=\"_blank\" rel=\"nofollow noopener\">AgriBusinessGlobal.com<\/a>.<\/p>\n<p><a href=\"https:\/\/c212.net\/c\/link\/?t=0&amp;l=pt&amp;o=4161758-1&amp;h=2074093933&amp;u=https%3A%2F%2Fc212.net%2Fc%2Flink%2F%3Ft%3D0%26l%3Den%26o%3D4161758-1%26h%3D1180581381%26u%3Dhttps%253A%252F%252Fwww.meistermedia.com%252F%26a%3DAbout%2BMeister%2BMedia%2BWorldwide&amp;a=Sobre+a+Meister+Media+Worldwide\" target=\"_blank\" rel=\"nofollow noopener\">Sobre a Meister Media Worldwide<\/a>\u00a0<\/p>\n<p>Para consultas da m\u00eddia, entre em contato com:<br \/><a href=\"mailto:areddington@meistermedia.com?subject=AgriBusiness%20Global%202024%20Events\" target=\"_blank\" rel=\"nofollow noopener\"><span class=\"xn-person\">Amy Reddington<\/span><\/a>, diretora do programa<\/p>\n<p>Logotipo &#8211; <a href=\"https:\/\/c212.net\/c\/link\/?t=0&amp;l=pt&amp;o=4161758-1&amp;h=1749213421&amp;u=https%3A%2F%2Fc212.net%2Fc%2Flink%2F%3Ft%3D0%26l%3Den%26o%3D4161758-1%26h%3D1216640484%26u%3Dhttps%253A%252F%252Fmma.prnewswire.com%252Fmedia%252F2080421%252F4694823%252FMeister_Media_Worldwide_Logo.jpg%26a%3Dhttps%253A%252F%252Fmma.prnewswire.com%252Fmedia%252F2080421%252F4694823%252FMeister_Media_Worldwide_Logo.jpg&amp;a=https%3A%2F%2Fmma.prnewswire.com%2Fmedia%2F2080421%2F4694823%2FMeister_Media_Worldwide_Logo.jpg\" target=\"_blank\" rel=\"nofollow noopener\">https:\/\/mma.prnewswire.com\/media\/2080421\/4694823\/Meister_Media_Worldwide_Logo.jpg<\/a><\/p>\n<p id=\"PURL\"><img loading=\"lazy\" decoding=\"async\" title=\"Cision\" width=\"12\" height=\"12\" alt=\"Cision\" src=\"https:\/\/c212.net\/c\/img\/favicon.png?sn=PT09138&amp;sd=2024-05-08\" \/> View original content:<a id=\"PRNURL\" rel=\"nofollow noopener\" href=\"https:\/\/www.prnewswire.com\/br\/comunicados-para-a-imprensa\/agribusiness-global-anuncia-a-programacao-do-evento-de-2024-conectando-lideres-de-insumos-agricolas-de-todas-as-partes-do-mundo-302140513.html\" target=\"_blank\">https:\/\/www.prnewswire.com\/br\/comunicados-para-a-imprensa\/agribusiness-global-anuncia-a-programacao-do-evento-de-2024-conectando-lideres-de-insumos-agricolas-de-todas-as-partes-do-mundo-302140513.html<\/a><\/p>\n<p>FONTE  Meister Media Worldwide<\/p>\n<\/div>\n<p><img decoding=\"async\" alt=\"\" src=\"https:\/\/rt.prnewswire.com\/rt.gif?NewsItemId=PT09138&amp;Transmission_Id=202405081800PR_NEWS_LATAM____PT09138&amp;DateId=20240508\" style=\"border:0px;width:1px;height:1px\" \/><\/p>\n<p>A <b>OESP<\/b> n\u00e3o \u00e9(s\u00e3o) respons\u00e1vel(is) por erros, incorre\u00e7\u00f5es, atrasos ou quaisquer decis\u00f5es tomadas por seus clientes com base nos Conte\u00fados ora disponibilizados, bem como tais Conte\u00fados n\u00e3o representam a opini\u00e3o da <b>OESP<\/b> e s\u00e3o de inteira responsabilidade da <b>PR Newswire Ltda<\/b><\/p>\n","protected":false},"excerpt":{"rendered":"A AgriBusiness Global, a principal fonte de neg\u00f3cios para l\u00edderes da cadeia de valor global de insumos agr\u00edcolas, tem o prazer de anunciar sua programa\u00e7\u00e3o de eventos para 2","protected":false},"author":1,"featured_media":0,"comment_status":"open","ping_status":"closed","sticky":false,"template":"","format":"standard","meta":{"_acf_changed":false,"inline_featured_image":false,"_monsterinsights_skip_tracking":false,"_monsterinsights_sitenote_active":false,"_monsterinsights_sitenote_note":"","_monsterinsights_sitenote_category":0,"footnotes":""},"categories":[28],"tags":[],"class_list":["post-93534","post","type-post","status-publish","format-standard","hentry","category-prnewsbrasil"],"acf":[],"_links":{"self":[{"href":"https:\/\/bluestudio.estadao.com.br\/agencia-de-comunicacao\/wp-json\/wp\/v2\/posts\/93534","targetHints":{"allow":["GET"]}}],"collection":[{"href":"https:\/\/bluestudio.estadao.com.br\/agencia-de-comunicacao\/wp-json\/wp\/v2\/posts"}],"about":[{"href":"https:\/\/bluestudio.estadao.com.br\/agencia-de-comunicacao\/wp-json\/wp\/v2\/types\/post"}],"author":[{"embeddable":true,"href":"https:\/\/bluestudio.estadao.com.br\/agencia-de-comunicacao\/wp-json\/wp\/v2\/users\/1"}],"replies":[{"embeddable":true,"href":"https:\/\/bluestudio.estadao.com.br\/agencia-de-comunicacao\/wp-json\/wp\/v2\/comments?post=93534"}],"version-history":[{"count":0,"href":"https:\/\/bluestudio.estadao.com.br\/agencia-de-comunicacao\/wp-json\/wp\/v2\/posts\/93534\/revisions"}],"wp:attachment":[{"href":"https:\/\/bluestudio.estadao.com.br\/agencia-de-comunicacao\/wp-json\/wp\/v2\/media?parent=93534"}],"wp:term":[{"taxonomy":"category","embeddable":true,"href":"https:\/\/bluestudio.estadao.com.br\/agencia-de-comunicacao\/wp-json\/wp\/v2\/categories?post=93534"},{"taxonomy":"post_tag","embeddable":true,"href":"https:\/\/bluestudio.estadao.com.br\/agencia-de-comunicacao\/wp-json\/wp\/v2\/tags?post=93534"}],"curies":[{"name":"wp","href":"https:\/\/api.w.org\/{rel}","templated":true}]}}