{"id":93522,"date":"2024-05-08T18:10:00","date_gmt":"2024-05-08T21:10:00","guid":{"rendered":"https:\/\/bluestudio.estadao.com.br\/agencia-de-comunicacao\/releases\/releases-geral\/relatorio-aponta-dados-de-desempenho-da-pequena-industria\/"},"modified":"2024-05-08T18:10:00","modified_gmt":"2024-05-08T21:10:00","slug":"relatorio-aponta-dados-de-desempenho-da-pequena-industria","status":"publish","type":"post","link":"https:\/\/bluestudio.estadao.com.br\/agencia-de-comunicacao\/releases\/releases-geral\/relatorio-aponta-dados-de-desempenho-da-pequena-industria\/","title":{"rendered":"Relat\u00f3rio aponta dados de desempenho da pequena ind\u00fastria"},"content":{"rendered":"<p><b>DINO DIVULGADOR DE NOT\u00cdCIAS<\/b><\/p>\n<p>Brasil&#8211;(<a target='_blank' href='http:\/\/www.dino.com.br' rel=\"noopener\">DINO<\/a> &#8211; 02 mai, 2024) &#8211;<br \/>\nSegundo os dados apresentados no <a rel=\"follow noopener\" target='_blank' href='https:\/\/static.portaldaindustria.com.br\/media\/filer_public\/d9\/b9\/d9b93f6d-7890-4362-a8b7-ee9534a01c53\/panorama_da_pequena_industria_jan-mar2024.pdf'>Panorama da Pequena Ind&uacute;stria<\/a> de abril de 2024, publicado no Portal da Ind&uacute;stria, houve um desempenho mais favor&aacute;vel da atividade para os empres&aacute;rios industriais de pequeno porte no in&iacute;cio do ano, melhorando as expectativas. O estudo informou que o &Iacute;ndice de Desempenho das ind&uacute;strias de pequeno porte apresentou oscila&ccedil;&otilde;es ao longo do primeiro trimestre do ano. O relat&oacute;rio aponta que na transi&ccedil;&atilde;o de dezembro para janeiro, houve um aumento de 0,4 ponto no &iacute;ndice, seguido por uma queda de 0,4 ponto na passagem de janeiro para fevereiro. Contudo, na passagem de fevereiro para mar&ccedil;o, o &iacute;ndice subiu 0,7 ponto, impulsionado por mar&ccedil;o, que registrou 44,6 pontos.<\/p>\n<p>Dados sobre o &Iacute;ndice de Situa&ccedil;&atilde;o Financeira das pequenas ind&uacute;strias apontam que houve um decl&iacute;nio durante o primeiro trimestre de 2024. Baseado em crit&eacute;rios como margem de lucro operacional, situa&ccedil;&atilde;o financeira e acesso ao cr&eacute;dito, o &iacute;ndice recuou 1,7 ponto na transi&ccedil;&atilde;o do quarto trimestre de 2023 para o primeiro trimestre de 2024, atingindo 40,5 pontos, conforme apontado pelo relat&oacute;rio. De forma espec&iacute;fica, o documento mostra que a Ind&uacute;stria Extrativa liderou o decl&iacute;nio, com uma queda de 2,7 pontos, resultando em um &iacute;ndice de 44,4 pontos no trimestre. Em seguida, a Ind&uacute;stria de Transforma&ccedil;&atilde;o registrou um recuo de 2,0 pontos, alcan&ccedil;ando 40,1 pontos, enquanto o &Iacute;ndice da Constru&ccedil;&atilde;o apresentou a menor queda, com -0,5 ponto, situando-se em 41,7 pontos.<\/p>\n<p>Sobre os principais problemas que a ind&uacute;stria de pequeno porte enfrentou no primeiro trimestre de 2024, com foco para o setor de transforma&ccedil;&atilde;o e constru&ccedil;&atilde;o, a elevada carga tribut&aacute;ria aparece como o principal problema. O documento informa que com 38,7% e 32,0% de cita&ccedil;&otilde;es, respectivamente, essa quest&atilde;o reafirma a percep&ccedil;&atilde;o dos industriais sobre a complexidade e o &ocirc;nus do sistema tribut&aacute;rio brasileiro. Al&eacute;m da carga tribut&aacute;ria, o estudo mostra que a falta ou o alto custo de trabalhador qualificado emergiu como uma preocupa&ccedil;&atilde;o significativa durante o per&iacute;odo analisado. O relat&oacute;rio ainda aponta que enquanto na Constru&ccedil;&atilde;o essa quest&atilde;o ocupou o segundo lugar, mencionada por 28,2% dos empres&aacute;rios, representando um aumento de 1,2 ponto percentual em rela&ccedil;&atilde;o ao trimestre anterior, na Ind&uacute;stria de Transforma&ccedil;&atilde;o, ela ficou em terceiro lugar, assinalada por 25,6% dos pequenos empres&aacute;rios, tamb&eacute;m com um aumento de 1,2 ponto percentual.<\/p>\n<p>Jos&eacute; Ant&ocirc;nio Valente, diretor da <a rel=\"follow noopener\" target='_blank' href='https:\/\/www.transobra.com.br\/'>empresa de loca&ccedil;&atilde;o de m&aacute;quinas e equipamentos<\/a> Trans Obra, afirmou que &eacute; interessante notar como a elevada carga tribut&aacute;ria continua sendo um ponto cr&iacute;tico para a ind&uacute;stria de pequeno porte, refletindo uma necessidade urgente de reformas e pol&iacute;ticas que possam aliviar esse &ocirc;nus sobre os empres&aacute;rios. Jos&eacute; Ant&ocirc;nio continuou dizendo que a preocupa&ccedil;&atilde;o com a falta ou alto custo de trabalhador qualificado ressalta a import&acirc;ncia de investimentos em educa&ccedil;&atilde;o e capacita&ccedil;&atilde;o profissional para impulsionar a competitividade do setor. &ldquo;Olhando para o futuro, &eacute; fundamental que os empres&aacute;rios busquem solu&ccedil;&otilde;es criativas para enfrentar esses desafios, aproveitando tecnologias emergentes e modelos de neg&oacute;cios inovadores. Nesse sentido, buscar parcerias estrat&eacute;gicas e estudar a explora&ccedil;&atilde;o de novos mercados, como a loca&ccedil;&atilde;o de m&aacute;quinas e equipamentos por redu&ccedil;&atilde;o de custos de aquisi&ccedil;&atilde;o e manuten&ccedil;&atilde;o como o <a rel=\"follow noopener\" target='_blank' href='https:\/\/www.transobra.com.br\/martelete\/'>aluguel de martelete<\/a>, andaimes e betoneiras, por exemplo, podem oferecer alternativas vi&aacute;veis para impulsionar o crescimento e a resili&ecirc;ncia das pequenas ind&uacute;strias diante das adversidades do ambiente econ&ocirc;mico&rdquo;.<\/p>\n<p>Website: <a target='_blank' href='https:\/\/www.transobra.com.br\/' rel=\"follow noopener\">https:\/\/www.transobra.com.br\/<\/a><img src='https:\/\/api.dino.com.br\/v2\/news\/tr\/303479' alt='' style='border:0px;width:1px;height:1px' \/><br \/>\nA <b>OESP<\/b> n\u00e3o \u00e9(s\u00e3o) respons\u00e1vel(is) por erros, incorre\u00e7\u00f5es, atrasos ou quaisquer decis\u00f5es tomadas por seus clientes com base nos Conte\u00fados ora disponibilizados, bem como tais Conte\u00fados n\u00e3o representam a opini\u00e3o da <b>OESP<\/b> e s\u00e3o de inteira responsabilidade da <b>Dino Divulgador de Noticias Online Ltda<\/b><\/p>\n","protected":false},"excerpt":{"rendered":"Brasil&#8211;(DINO &#8211; 02 mai, 2024) &#8211;\nSegundo os dados apresentados no Panorama da Pequena Ind&uacute;stria de abril de 2024, publicado no Portal da Ind&uacute;stria, houve um desempenh","protected":false},"author":1,"featured_media":0,"comment_status":"open","ping_status":"closed","sticky":false,"template":"","format":"standard","meta":{"_acf_changed":false,"inline_featured_image":false,"_monsterinsights_skip_tracking":false,"_monsterinsights_sitenote_active":false,"_monsterinsights_sitenote_note":"","_monsterinsights_sitenote_category":0,"footnotes":""},"categories":[34],"tags":[],"class_list":["post-93522","post","type-post","status-publish","format-standard","hentry","category-releases-geral"],"acf":[],"_links":{"self":[{"href":"https:\/\/bluestudio.estadao.com.br\/agencia-de-comunicacao\/wp-json\/wp\/v2\/posts\/93522","targetHints":{"allow":["GET"]}}],"collection":[{"href":"https:\/\/bluestudio.estadao.com.br\/agencia-de-comunicacao\/wp-json\/wp\/v2\/posts"}],"about":[{"href":"https:\/\/bluestudio.estadao.com.br\/agencia-de-comunicacao\/wp-json\/wp\/v2\/types\/post"}],"author":[{"embeddable":true,"href":"https:\/\/bluestudio.estadao.com.br\/agencia-de-comunicacao\/wp-json\/wp\/v2\/users\/1"}],"replies":[{"embeddable":true,"href":"https:\/\/bluestudio.estadao.com.br\/agencia-de-comunicacao\/wp-json\/wp\/v2\/comments?post=93522"}],"version-history":[{"count":0,"href":"https:\/\/bluestudio.estadao.com.br\/agencia-de-comunicacao\/wp-json\/wp\/v2\/posts\/93522\/revisions"}],"wp:attachment":[{"href":"https:\/\/bluestudio.estadao.com.br\/agencia-de-comunicacao\/wp-json\/wp\/v2\/media?parent=93522"}],"wp:term":[{"taxonomy":"category","embeddable":true,"href":"https:\/\/bluestudio.estadao.com.br\/agencia-de-comunicacao\/wp-json\/wp\/v2\/categories?post=93522"},{"taxonomy":"post_tag","embeddable":true,"href":"https:\/\/bluestudio.estadao.com.br\/agencia-de-comunicacao\/wp-json\/wp\/v2\/tags?post=93522"}],"curies":[{"name":"wp","href":"https:\/\/api.w.org\/{rel}","templated":true}]}}