{"id":93514,"date":"2024-05-08T18:18:00","date_gmt":"2024-05-08T21:18:00","guid":{"rendered":"https:\/\/bluestudio.estadao.com.br\/agencia-de-comunicacao\/releases\/releases-geral\/pessoas-com-tea-tem-direito-a-cotas-em-concursos-publicos\/"},"modified":"2024-05-08T18:18:00","modified_gmt":"2024-05-08T21:18:00","slug":"pessoas-com-tea-tem-direito-a-cotas-em-concursos-publicos","status":"publish","type":"post","link":"https:\/\/bluestudio.estadao.com.br\/agencia-de-comunicacao\/releases\/releases-geral\/pessoas-com-tea-tem-direito-a-cotas-em-concursos-publicos\/","title":{"rendered":"Pessoas com TEA t\u00eam direito \u00e0 cotas em concursos p\u00fablicos"},"content":{"rendered":"<p><b>DINO DIVULGADOR DE NOT\u00cdCIAS<\/b><\/p>\n<p>(<a target='_blank' href='http:\/\/www.dino.com.br' rel=\"noopener\">DINO<\/a> &#8211; 29 abr, 2024) &#8211;<br \/>\nPessoas que possuem Transtorno do Espectro Autista (TEA) t&ecirc;m assegurado pela&nbsp;<a rel=\"follow noopener\" target='_blank' href='https:\/\/www.planalto.gov.br\/ccivil_03\/_ato2011-2014\/2012\/lei\/l12764.htm'>Lei Berenice Seabra (lei 12.764)<\/a>, de 2012, o direito de concorrer em concursos p&uacute;blicos no sistema de cotas para Pessoas com Defici&ecirc;ncia (PCDs). Essa legisla&ccedil;&atilde;o instituiu a Pol&iacute;tica Nacional de Prote&ccedil;&atilde;o dos Direitos da Pessoa com Transtorno do Espectro Autista e passou a considerar, para fins legais, o autista como pessoa com defici&ecirc;ncia.<\/p>\n<p>O TEA &eacute; uma neurodiverg&ecirc;ncia caracterizado pela defici&ecirc;ncia persistente e clinicamente significativa da comunica&ccedil;&atilde;o e da intera&ccedil;&atilde;o social e tamb&eacute;m por padr&otilde;es restritivos e repetitivos de comportamentos.<\/p>\n<p>A s&oacute;cia do escrit&oacute;rio Via Advocacia, Juliane Vieira de Souza, explica que os principais direitos das pessoas com TEA em concursos p&uacute;blicos incluem garantias e benef&iacute;cios previstos em legisla&ccedil;&otilde;es espec&iacute;ficas, como o Estatuto da Pessoa com Defici&ecirc;ncia &#8211; Lei n&ordm; 13.146\/2015 e o Decreto n&ordm; 9.546\/2018, que regulamenta a reserva de vagas para pessoas com defici&ecirc;ncia nos certames.&nbsp;<\/p>\n<p>&ldquo;As pessoas com TEA t&ecirc;m direito &agrave; reserva de vagas em concursos p&uacute;blicos, de acordo com a legisla&ccedil;&atilde;o vigente. Al&eacute;m de terem a prerrogativa de ter a aplica&ccedil;&atilde;o de provas adaptadas, que atendam &agrave;s necessidades espec&iacute;ficas como tempo adicional, salas com menos est&iacute;mulos sensoriais, entre outros&rdquo;.<\/p>\n<p>A especialista lembra que a acessibilidade tamb&eacute;m &eacute; assegurada para os autistas que desejam ingressar na carreira p&uacute;blica, o que exige que os locais de prova e demais etapas do concurso devem ser planejados para a participa&ccedil;&atilde;o plena das pessoas com TEA.<\/p>\n<p>Segundo estimativa do estudo <a rel=\"follow noopener\" target='_blank' href='https:\/\/www.canalautismo.com.br\/noticia\/retratos-do-autismo-no-brasil-em-2023\/'>&ldquo;Retratos do Autismo no Brasil em 2023&rdquo;<\/a>, existem cerca de 6 milh&otilde;es de pessoas com TEA no pa&iacute;s. No entanto, dados da pesquisa <a rel=\"follow noopener\" target='_blank' href='https:\/\/www.canalautismo.com.br\/noticia\/86-das-pessoas-nunca-receberam-treinamento-sobre-neurodiversidade-no-trabalho\/'>&ldquo;Neurodiversidade no Mercado de Trabalho&rdquo;<\/a>, feita pela Consultoria Maya com 12 mil estudantes e profissionais ligados &agrave; Universidade Corporativa Kor&uacute; apontam que 86% das pessoas nunca receberam treinamento sobre neurodiversidade no trabalho.<\/p>\n<p><strong>Direitos garantidos pelo STF<\/strong><\/p>\n<p>A advogada ressalta que os direitos das pessoas com Transtorno do Espectro Autista (TEA) em concursos p&uacute;blicos no Brasil t&ecirc;m amparo da legisla&ccedil;&atilde;o e jurisprud&ecirc;ncia do Supremo Tribunal Federal (STF). &ldquo;&Eacute; fundamental que os &oacute;rg&atilde;os p&uacute;blicos e institui&ccedil;&otilde;es respeitem e cumpram as determina&ccedil;&otilde;es legais e jurisprudenciais relacionadas &agrave; inclus&atilde;o das pessoas com TEA em concursos p&uacute;blicos&rdquo;, afirma Vieira.<\/p>\n<p>A corte reconheceu a necessidade de garantir a inclus&atilde;o e a acessibilidade das pessoas com TEA em concursos p&uacute;blicos, assegurando o cumprimento da legisla&ccedil;&atilde;o vigente e dos princ&iacute;pios constitucionais de igualdade e n&atilde;o discrimina&ccedil;&atilde;o.<\/p>\n<p><strong>Necessidade de judicializa&ccedil;&atilde;o<\/strong><\/p>\n<p>Vieira destaca que o autista que for prestar concursos p&uacute;blicos n&atilde;o &eacute; obrigado a seguir um processo judicial para comprovar a condi&ccedil;&atilde;o de PCD, mas &eacute; importante se atentar &agrave;s orienta&ccedil;&otilde;es e aos requisitos estabelecidos nos editais. &ldquo;Geralmente, as pessoas com TEA precisam apresentar laudos m&eacute;dicos recentes e documentos que comprovem a defici&ecirc;ncia para solicitar os benef&iacute;cios e garantias previstos em lei&rdquo;.<\/p>\n<p>A especialista afirma que somente devem ser judicializados os casos em que as bancas examinadoras negam a condi&ccedil;&atilde;o daquele candidato com defici&ecirc;ncia, tanto na aplica&ccedil;&atilde;o da prova, quanto no enquadramento nas vagas destinadas a PCDs, mesmo com a devida apresenta&ccedil;&atilde;o de laudo pelo candidato.&nbsp;<\/p>\n<p>&ldquo;Nesses casos de negativa de laudos que causem danos aos candidatos &eacute; necess&aacute;rio propor a&ccedil;&atilde;o judicial, com o suporte de uma advocacia especializada, para enquadrar esse candidato dentro das vagas de PCDs e lhe garantir o direito na aplica&ccedil;&atilde;o da prova&rdquo;.<\/p>\n<p>Para saber mais, basta acessar:&nbsp;<a rel=\"follow noopener\" target='_blank' href='https:\/\/www.instagram.com\/viaadvocacia\/'>@viaadvocacia<\/a><\/p>\n<p>A <b>OESP<\/b> n\u00e3o \u00e9(s\u00e3o) respons\u00e1vel(is) por erros, incorre\u00e7\u00f5es, atrasos ou quaisquer decis\u00f5es tomadas por seus clientes com base nos Conte\u00fados ora disponibilizados, bem como tais Conte\u00fados n\u00e3o representam a opini\u00e3o da <b>OESP<\/b> e s\u00e3o de inteira responsabilidade da <b>Dino Divulgador de Noticias Online Ltda<\/b><\/p>\n","protected":false},"excerpt":{"rendered":"(DINO &#8211; 29 abr, 2024) &#8211;\nPessoas que possuem Transtorno do Espectro Autista (TEA) t&ecirc;m assegurado pela&nbsp;Lei Berenice Seabra (lei 12.764), de 2012, o direito de concorrer e","protected":false},"author":1,"featured_media":0,"comment_status":"open","ping_status":"closed","sticky":false,"template":"","format":"standard","meta":{"_acf_changed":false,"inline_featured_image":false,"_monsterinsights_skip_tracking":false,"_monsterinsights_sitenote_active":false,"_monsterinsights_sitenote_note":"","_monsterinsights_sitenote_category":0,"footnotes":""},"categories":[34],"tags":[],"class_list":["post-93514","post","type-post","status-publish","format-standard","hentry","category-releases-geral"],"acf":[],"_links":{"self":[{"href":"https:\/\/bluestudio.estadao.com.br\/agencia-de-comunicacao\/wp-json\/wp\/v2\/posts\/93514","targetHints":{"allow":["GET"]}}],"collection":[{"href":"https:\/\/bluestudio.estadao.com.br\/agencia-de-comunicacao\/wp-json\/wp\/v2\/posts"}],"about":[{"href":"https:\/\/bluestudio.estadao.com.br\/agencia-de-comunicacao\/wp-json\/wp\/v2\/types\/post"}],"author":[{"embeddable":true,"href":"https:\/\/bluestudio.estadao.com.br\/agencia-de-comunicacao\/wp-json\/wp\/v2\/users\/1"}],"replies":[{"embeddable":true,"href":"https:\/\/bluestudio.estadao.com.br\/agencia-de-comunicacao\/wp-json\/wp\/v2\/comments?post=93514"}],"version-history":[{"count":0,"href":"https:\/\/bluestudio.estadao.com.br\/agencia-de-comunicacao\/wp-json\/wp\/v2\/posts\/93514\/revisions"}],"wp:attachment":[{"href":"https:\/\/bluestudio.estadao.com.br\/agencia-de-comunicacao\/wp-json\/wp\/v2\/media?parent=93514"}],"wp:term":[{"taxonomy":"category","embeddable":true,"href":"https:\/\/bluestudio.estadao.com.br\/agencia-de-comunicacao\/wp-json\/wp\/v2\/categories?post=93514"},{"taxonomy":"post_tag","embeddable":true,"href":"https:\/\/bluestudio.estadao.com.br\/agencia-de-comunicacao\/wp-json\/wp\/v2\/tags?post=93514"}],"curies":[{"name":"wp","href":"https:\/\/api.w.org\/{rel}","templated":true}]}}