{"id":93501,"date":"2024-05-08T17:36:00","date_gmt":"2024-05-08T20:36:00","guid":{"rendered":"https:\/\/bluestudio.estadao.com.br\/agencia-de-comunicacao\/releases\/releases-geral\/minimercado-de-condominio-segue-como-tendencia-em-2024\/"},"modified":"2024-05-08T17:36:00","modified_gmt":"2024-05-08T20:36:00","slug":"minimercado-de-condominio-segue-como-tendencia-em-2024","status":"publish","type":"post","link":"https:\/\/bluestudio.estadao.com.br\/agencia-de-comunicacao\/releases\/releases-geral\/minimercado-de-condominio-segue-como-tendencia-em-2024\/","title":{"rendered":"Minimercado de condom\u00ednio segue como tend\u00eancia em 2024"},"content":{"rendered":"<p><b>DINO DIVULGADOR DE NOT\u00cdCIAS<\/b><\/p>\n<p>S\u00e3o Jos\u00e9 do Rio Preto\/SP&#8211;(<a target='_blank' href='http:\/\/www.dino.com.br' rel=\"noopener\">DINO<\/a> &#8211; 06 mai, 2024) &#8211;<br \/>\nNos &uacute;ltimos anos, especialmente no per&iacute;odo de restri&ccedil;&otilde;es severas de circula&ccedil;&atilde;o de pessoas na pandemia de covid-19, os minimercados aut&ocirc;nomos antes vistos em poucos pr&eacute;dios residenciais ganharam for&ccedil;a e se instalaram em condom&iacute;nios de todo o pa&iacute;s. Com as mudan&ccedil;as no comportamento do consumidor, que agora valoriza ainda mais a conveni&ecirc;ncia de obter itens de mercado sem &ldquo;sair de casa&rdquo;, esse modelo de neg&oacute;cio segue com f&ocirc;lego e deve crescer aceleradamente nos pr&oacute;ximos meses.<\/p>\n<p>De olho nessa tend&ecirc;ncia no ramo imobili&aacute;rio, algumas construtoras j&aacute; est&atilde;o incluindo em seus novos empreendimentos os espa&ccedil;os exclusivos para a implanta&ccedil;&atilde;o desse tipo de loja, oferecendo infraestrutura e praticidade para as redes de franquias do setor.<\/p>\n<p><strong>Edif&iacute;cios ganham op&ccedil;&atilde;o de franquia de minimercado com a Merkon<\/strong><\/p>\n<p>A Merkon, rede de minimercados aut&ocirc;nomos para condom&iacute;nios residenciais e comerciais, nasceu em Bady Bassit, interior de S&atilde;o Paulo, em 2021. A marca chega a esse nicho com o objetivo de oferecer comodidade aos consumidores por meio do autoatendimento, ou seja, o cliente escolhe suas compras e paga diretamente no toten do estabelecimento ou pelo aplicativo instalado no pr&oacute;prio celular.<\/p>\n<p>Al&eacute;m de vender alimentos, bebidas e insumos de limpeza e higiene, as franquias podem acrescentar em seu mix de produtos algumas op&ccedil;&otilde;es como fones de ouvido ou outras categorias de interesse dos moradores. &ldquo;Com a correria do dia a dia, as marcas que ajudam a otimizar o tempo e apresentam solu&ccedil;&otilde;es r&aacute;pidas se destacam. Por socorrer os clientes em momentos de aperto como a compra de algum ingrediente para finalizar uma receita ou carne para completar o churrasco, por exemplo, conseguimos fidelizar o p&uacute;blico&rdquo;, explica Thalita Caporazzo, dona da Merkon.<\/p>\n<p>Sob o guarda-chuva da Acelerando Franquias &ndash; empresa com mais de 10 anos de experi&ecirc;ncia em formata&ccedil;&atilde;o e expans&atilde;o de franquias &#8211; a marca inicia sua expans&atilde;o por meio do franchising em 2024 e quer finalizar o ano com 50 contratos assinados. Em meados de junho, a primeira unidade franqueada deve ser inaugurada na cidade de S&atilde;o Jos&eacute; do Rio Preto (SP). Outras negocia&ccedil;&otilde;es est&atilde;o em andamento em v&aacute;rias cidades do Brasil, como Salvador (BA), Recife (PE) e Cuiab&aacute; (MT).<\/p>\n<p>Com investimento inicial a partir de R$69,8 mil (sem container) e R$108,6 mil (com container), os formatos s&atilde;o op&ccedil;&otilde;es rent&aacute;veis para diferentes perfis de investidores, desde aquele empreendedor interessado em realizar o sonho de abrir um neg&oacute;cio pr&oacute;prio como quem quer diversificar sua atua&ccedil;&atilde;o em uma &aacute;rea bastante promissora. &ldquo;A gest&atilde;o &eacute; de baixa complexidade e funcionamento 24 horas por dia, sete dias por semana, sem a necessidade de atendentes. O franqueado consegue acompanhar em tempo real todo o movimento da unidade por meio do sistema de c&acirc;meras de seguran&ccedil;a, fica respons&aacute;vel pelo controle, compra e reposi&ccedil;&atilde;o de estoque, assim como o contato com os clientes&rdquo;, finaliza Thalita Caporazzo.<\/p>\n<p>Website: <a target='_blank' href='https:\/\/merkon.incluahost.com.br\/' rel=\"follow noopener\">https:\/\/merkon.incluahost.com.br\/<\/a><img src='https:\/\/api.dino.com.br\/v2\/news\/tr\/303825' alt='' style='border:0px;width:1px;height:1px' \/><br \/>\nA <b>OESP<\/b> n\u00e3o \u00e9(s\u00e3o) respons\u00e1vel(is) por erros, incorre\u00e7\u00f5es, atrasos ou quaisquer decis\u00f5es tomadas por seus clientes com base nos Conte\u00fados ora disponibilizados, bem como tais Conte\u00fados n\u00e3o representam a opini\u00e3o da <b>OESP<\/b> e s\u00e3o de inteira responsabilidade da <b>Dino Divulgador de Noticias Online Ltda<\/b><\/p>\n","protected":false},"excerpt":{"rendered":"S\u00e3o Jos\u00e9 do Rio Preto\/SP&#8211;(DINO &#8211; 06 mai, 2024) &#8211;\nNos &uacute;ltimos anos, especialmente no per&iacute;odo de restri&ccedil;&otilde;es severas de circula&ccedil;&atilde;o de pesso","protected":false},"author":1,"featured_media":0,"comment_status":"open","ping_status":"closed","sticky":false,"template":"","format":"standard","meta":{"_acf_changed":false,"inline_featured_image":false,"_monsterinsights_skip_tracking":false,"_monsterinsights_sitenote_active":false,"_monsterinsights_sitenote_note":"","_monsterinsights_sitenote_category":0,"footnotes":""},"categories":[34],"tags":[],"class_list":["post-93501","post","type-post","status-publish","format-standard","hentry","category-releases-geral"],"acf":[],"_links":{"self":[{"href":"https:\/\/bluestudio.estadao.com.br\/agencia-de-comunicacao\/wp-json\/wp\/v2\/posts\/93501","targetHints":{"allow":["GET"]}}],"collection":[{"href":"https:\/\/bluestudio.estadao.com.br\/agencia-de-comunicacao\/wp-json\/wp\/v2\/posts"}],"about":[{"href":"https:\/\/bluestudio.estadao.com.br\/agencia-de-comunicacao\/wp-json\/wp\/v2\/types\/post"}],"author":[{"embeddable":true,"href":"https:\/\/bluestudio.estadao.com.br\/agencia-de-comunicacao\/wp-json\/wp\/v2\/users\/1"}],"replies":[{"embeddable":true,"href":"https:\/\/bluestudio.estadao.com.br\/agencia-de-comunicacao\/wp-json\/wp\/v2\/comments?post=93501"}],"version-history":[{"count":0,"href":"https:\/\/bluestudio.estadao.com.br\/agencia-de-comunicacao\/wp-json\/wp\/v2\/posts\/93501\/revisions"}],"wp:attachment":[{"href":"https:\/\/bluestudio.estadao.com.br\/agencia-de-comunicacao\/wp-json\/wp\/v2\/media?parent=93501"}],"wp:term":[{"taxonomy":"category","embeddable":true,"href":"https:\/\/bluestudio.estadao.com.br\/agencia-de-comunicacao\/wp-json\/wp\/v2\/categories?post=93501"},{"taxonomy":"post_tag","embeddable":true,"href":"https:\/\/bluestudio.estadao.com.br\/agencia-de-comunicacao\/wp-json\/wp\/v2\/tags?post=93501"}],"curies":[{"name":"wp","href":"https:\/\/api.w.org\/{rel}","templated":true}]}}