{"id":93449,"date":"2024-05-08T17:28:00","date_gmt":"2024-05-08T20:28:00","guid":{"rendered":"https:\/\/bluestudio.estadao.com.br\/agencia-de-comunicacao\/releases\/releases-geral\/autor-victor-s-coelho-lanca-livro-de-ficcao-warp-portals\/"},"modified":"2024-05-08T17:28:00","modified_gmt":"2024-05-08T20:28:00","slug":"autor-victor-s-coelho-lanca-livro-de-ficcao-warp-portals","status":"publish","type":"post","link":"https:\/\/bluestudio.estadao.com.br\/agencia-de-comunicacao\/releases\/releases-geral\/autor-victor-s-coelho-lanca-livro-de-ficcao-warp-portals\/","title":{"rendered":"Autor Victor S. Coelho lan\u00e7a livro de fic\u00e7\u00e3o &#8216;Warp: Portals&#8217;"},"content":{"rendered":"<p><b>DINO DIVULGADOR DE NOT\u00cdCIAS<\/b><\/p>\n<p>Maring\u00e1\/PR&#8211;(<a target='_blank' href='http:\/\/www.dino.com.br' rel=\"noopener\">DINO<\/a> &#8211; 06 mai, 2024) &#8211;<br \/>\nO livro &ldquo;Warp: Portals&rdquo; &eacute; o novo lan&ccedil;amento do autor Victor S. Coelho. Publicado pela <a rel=\"follow noopener\" target='_blank' href='https:\/\/editoraviseu.com\/'>Editora Viseu<\/a>, a narrativa conduz os leitores por dimens&otilde;es para al&eacute;m da realidade. A hist&oacute;ria conta a trajet&oacute;ria de Noah Collins, um jovem que, ap&oacute;s um incidente surreal, descobre portais que alteram sua percep&ccedil;&atilde;o de mundo e de si mesmo.&nbsp;<\/p>\n<p>O livro se desdobra em uma narrativa de autoconhecimento, aventura e ci&ecirc;ncia ficcional, que explora temas de transforma&ccedil;&atilde;o pessoal e as consequ&ecirc;ncias de descobertas que transcendem a compreens&atilde;o humana.&nbsp;<\/p>\n<p>O lan&ccedil;amento de &ldquo;Warp&rdquo; marca uma obra que mistura elementos de fantasia com questionamentos sobre identidade e realidade, por isso, o livro pode ser visto como um passo al&eacute;m da narrativa de her&oacute;is versus vil&otilde;es.<\/p>\n<p>&ldquo;Minha inten&ccedil;&atilde;o n&atilde;o era apenas criar uma hist&oacute;ria de entretenimento, mas tamb&eacute;m provocar uma reflex&atilde;o sobre as lutas internas que enfrentamos ao tentarmos encontrar nosso lugar no mundo&rdquo;, diz o autor.<\/p>\n<p>O livro &eacute; resultado da paix&atilde;o manifesta do autor por hist&oacute;rias de super-her&oacute;is desde a inf&acirc;ncia. Assim, a inspira&ccedil;&atilde;o para &#8216;Warp&#8217; surgiu da interse&ccedil;&atilde;o entre a imagina&ccedil;&atilde;o e o amor pelos cl&aacute;ssicos quadrinhos de her&oacute;is.&nbsp;<\/p>\n<p>A primeira edi&ccedil;&atilde;o de &#8216;Warp: Portals&#8217; j&aacute; est&aacute; dispon&iacute;vel em livrarias de todo o pa&iacute;s. O livro tamb&eacute;m cont&eacute;m elementos que apelam a um p&uacute;blico mais amplo, interessado em teorias sobre dimens&otilde;es paralelas e o impacto das escolhas individuais em universos infinitamente complexos.<\/p>\n<p>Para mais informa&ccedil;&otilde;es sobre o livro e futuros eventos de lan&ccedil;amento, os interessados podem visitar o site da Editora Viseu ou seguir as redes sociais do autor.<\/p>\n<p>A <b>OESP<\/b> n\u00e3o \u00e9(s\u00e3o) respons\u00e1vel(is) por erros, incorre\u00e7\u00f5es, atrasos ou quaisquer decis\u00f5es tomadas por seus clientes com base nos Conte\u00fados ora disponibilizados, bem como tais Conte\u00fados n\u00e3o representam a opini\u00e3o da <b>OESP<\/b> e s\u00e3o de inteira responsabilidade da <b>Dino Divulgador de Noticias Online Ltda<\/b><\/p>\n","protected":false},"excerpt":{"rendered":"Maring\u00e1\/PR&#8211;(DINO &#8211; 06 mai, 2024) &#8211;\nO livro &ldquo;Warp: Portals&rdquo; &eacute; o novo lan&ccedil;amento do autor Victor S. Coelho. Publicado pela Editora Viseu, a narrativa cond","protected":false},"author":1,"featured_media":0,"comment_status":"open","ping_status":"closed","sticky":false,"template":"","format":"standard","meta":{"_acf_changed":false,"inline_featured_image":false,"_monsterinsights_skip_tracking":false,"_monsterinsights_sitenote_active":false,"_monsterinsights_sitenote_note":"","_monsterinsights_sitenote_category":0,"footnotes":""},"categories":[34],"tags":[],"class_list":["post-93449","post","type-post","status-publish","format-standard","hentry","category-releases-geral"],"acf":[],"_links":{"self":[{"href":"https:\/\/bluestudio.estadao.com.br\/agencia-de-comunicacao\/wp-json\/wp\/v2\/posts\/93449","targetHints":{"allow":["GET"]}}],"collection":[{"href":"https:\/\/bluestudio.estadao.com.br\/agencia-de-comunicacao\/wp-json\/wp\/v2\/posts"}],"about":[{"href":"https:\/\/bluestudio.estadao.com.br\/agencia-de-comunicacao\/wp-json\/wp\/v2\/types\/post"}],"author":[{"embeddable":true,"href":"https:\/\/bluestudio.estadao.com.br\/agencia-de-comunicacao\/wp-json\/wp\/v2\/users\/1"}],"replies":[{"embeddable":true,"href":"https:\/\/bluestudio.estadao.com.br\/agencia-de-comunicacao\/wp-json\/wp\/v2\/comments?post=93449"}],"version-history":[{"count":0,"href":"https:\/\/bluestudio.estadao.com.br\/agencia-de-comunicacao\/wp-json\/wp\/v2\/posts\/93449\/revisions"}],"wp:attachment":[{"href":"https:\/\/bluestudio.estadao.com.br\/agencia-de-comunicacao\/wp-json\/wp\/v2\/media?parent=93449"}],"wp:term":[{"taxonomy":"category","embeddable":true,"href":"https:\/\/bluestudio.estadao.com.br\/agencia-de-comunicacao\/wp-json\/wp\/v2\/categories?post=93449"},{"taxonomy":"post_tag","embeddable":true,"href":"https:\/\/bluestudio.estadao.com.br\/agencia-de-comunicacao\/wp-json\/wp\/v2\/tags?post=93449"}],"curies":[{"name":"wp","href":"https:\/\/api.w.org\/{rel}","templated":true}]}}