{"id":93348,"date":"2024-05-07T10:27:00","date_gmt":"2024-05-07T13:27:00","guid":{"rendered":"https:\/\/bluestudio.estadao.com.br\/agencia-de-comunicacao\/prnewswire\/prnewseconomia\/nova-campanha-meu-selinho-de-desconto-verdemar-traz-para-o-consumidor-mineiro-ceramicas-europeias-exclusivas-2\/"},"modified":"2024-05-07T10:27:00","modified_gmt":"2024-05-07T13:27:00","slug":"nova-campanha-meu-selinho-de-desconto-verdemar-traz-para-o-consumidor-mineiro-ceramicas-europeias-exclusivas-2","status":"publish","type":"post","link":"https:\/\/bluestudio.estadao.com.br\/agencia-de-comunicacao\/prnewswire\/prnewseconomia\/nova-campanha-meu-selinho-de-desconto-verdemar-traz-para-o-consumidor-mineiro-ceramicas-europeias-exclusivas-2\/","title":{"rendered":"NOVA CAMPANHA MEU SELINHO DE DESCONTO VERDEMAR TRAZ PARA O CONSUMIDOR MINEIRO CER\u00c2MICAS EUROPEIAS EXCLUSIVAS"},"content":{"rendered":"<p><b>PR NEWSWIRE<\/b><\/p>\n<div class=\"xn-content\">\n<ul type=\"disc\">\n<li><b><i>L-founders of loyalty<\/i><\/b><i>, empresa global l\u00edder em fideliza\u00e7\u00e3o e engajamento de clientes dos mais diferentes setores, desenvolve a campanha, em parceria com Verdemar, que vai at\u00e9 1\u00ba. de setembro<\/i><\/li>\n<li><i>Depois do sucesso da campanha de facas e panelas, a Rede Verdemar de Supermercados leva agora aos clientes as cer\u00e2micas Nachtmann em oito vers\u00f5es, incluindo bowls de diferentes tamanhos, pratos e cesto para p\u00e3o <\/i><\/li>\n<li><i>O chef Leo Paix\u00e3o \u00e9 o embaixador da nova campanha Meu Selinho de Desconto Verdemar<\/i><\/li>\n<\/ul>\n<p><span class=\"legendSpanClass\">S\u00c3O PAULO<\/span>, <span class=\"legendSpanClass\">7 de maio de 2024<\/span> \/PRNewswire\/ &#8212; Produzidas em <span class=\"xn-location\">Portugal<\/span>, seguindo design alem\u00e3o, as cer\u00e2micas Nachtmann come\u00e7aram a ser vendidas nas 16 lojas Verdemar (15 em <span class=\"xn-location\">Belo Horizonte<\/span> e 01 em Nova Lima) da rede, na nova campanha <i>Meu Selinho de Desconto Verdemar,<\/i> que vai at\u00e9 1\u00ba de setembro, em parceria com <b>L-founders of loyalty<\/b>, empresa global l\u00edder em fideliza\u00e7\u00e3o e engajamento de clientes dos mais diferentes setores. \u00a0Para adquirir as cer\u00e2micas, que t\u00eam o chef Leo Paix\u00e3o como embaixador, \u00e9 simples: nas compras a partir de <span class=\"xn-money\">R$30,00<\/span> em compras em um mesmo cupom fiscal, os consumidores cadastrados no programa <i>Meu Verdemar<\/i> receber\u00e3o um selo de desconto. Ao juntar os selos, o cliente tem o direito de adquirir as cer\u00e2micas com desconto, podendo chegar at\u00e9 98%.\u00a0 Os <i>selos tamb\u00e9m <\/i>s\u00e3o v\u00e1lidos para compras online e pelo app Verdemar.<\/p>\n<div class=\"PRN_ImbeddedAssetReference\" id=\"DivAssetPlaceHolder1\">\n<a href=\"https:\/\/mma.prnewswire.com\/media\/2401681\/Cer_micas_Verdemar_02.html\" target=\"_blank\" rel=\"nofollow noopener\">  <img decoding=\"async\" src=\"https:\/\/mma.prnewswire.com\/media\/2401681\/Cer_micas_Verdemar_02.jpg\" title=\"Conjunto de cer\u00e2micas europeias da campanha do Verdemar (Foto:Divulga\u00e7\u00e3o)\" alt=\"Conjunto de cer\u00e2micas europeias da campanha do Verdemar (Foto:Divulga\u00e7\u00e3o)\" \/><\/a>\n <\/p>\n<\/p><\/div>\n<p class=\"prntaj\">As pe\u00e7as, que levam a marca centen\u00e1ria Nachtmann, s\u00e3o produzidas \u00e0 m\u00e3o em <span class=\"xn-location\">Portugal<\/span>, com design alem\u00e3o, em cer\u00e2mica cinza, e s\u00e3o seguras para uso em micro-ondas, forno convencional (at\u00e9 180\u00ba.) e lava loucas.<\/p>\n<p class=\"prntaj\">&#8220;O sucesso de nossa campanha no ano passado entregou mais de 9 milh\u00f5es de selos e movimentou mais de 200 mil clientes em nossas 16 lojas, nos motivou a criar uma nova edi\u00e7\u00e3o, atendendo as altas expectativas de nosso consumidor por produtos inovadores, que ampliam sua experi\u00eancia de preparar em casa receitas inspiradas em grandes chefs, como Leo Paix\u00e3o&#8221;, afirma <i><span class=\"xn-person\">Alexandre Poni<\/span>, Diretor Comercial<\/i>, da rede Verdemar.\u00a0<\/p>\n<p class=\"prntaj\">&#8220;A criatividade e empenho da rede Verdemar em atender e antecipar o desejo de seus consumidores por produtos <i>premium<\/i>, em combina\u00e7\u00e3o com a facilidade de participa\u00e7\u00e3o e de engajamento de toda a fam\u00edlia em juntar os selos para adquirir pe\u00e7as exclusivas com desconto, fazem desta nova campanha j\u00e1 um sucesso, que chega \u00e0 sua segunda edi\u00e7\u00e3o. Agradecemos a rede Verdemar por nos permitir fazer parte desta hist\u00f3ria&#8221;, completa <span class=\"xn-person\">Beatriz Ramos<\/span>, CEO <b>da L-founders of Loyalty.<\/b><\/p>\n<p class=\"prntaj\"><b>Como participar &#8211; <\/b>A cada <span class=\"xn-money\">R$30,00<\/span> em compras, em um mesmo cupom fiscal, nas lojas participantes, os clientes do programa <i>Meu Verdemar<\/i> ter\u00e3o direito a um selo da campanha para juntar e adquirir com descontos as cer\u00e2micas Nachtmann. Os selos ser\u00e3o v\u00e1lidos para compras realizadas nas lojas f\u00edsicas, no site e no aplicativo do Verdemar. Ao fazer parte da campanha, o cliente recebe uma cartela para colar at\u00e9 100 selos, que de acordo com as normas da campanha e a quantidade de selos necess\u00e1ria e os descontos obtidos, poder\u00e1 adquirir os itens desejados.<\/p>\n<p class=\"prntaj\">A campanha <i>Meu Selinho de Desconto Verdemar<\/i> \u00e9 v\u00e1lida de <b>29 de abril a 18 de agosto,<\/b> para acumular os selos e comprar os itens Nachtmann com desconto. De <b>19 de agosto a 1\u00ba de setembro<\/b> \u00e9 exclusivo para compras com descontos da campanha utilizando os selos acumulados. Para saber mais sobre as normas de participa\u00e7\u00e3o, basta acessar o site da rede, <a href=\"https:\/\/www.loja.verdemaratevoce.com.br\/\" target=\"_blank\" rel=\"nofollow noopener\">https:\/\/www.loja.verdemaratevoce.com.br<\/a>, ou no app <i>Verdemar At\u00e9 Voc\u00ea.<\/i><\/p>\n<p class=\"prntaj\"><b>Sobre o Verdemar &#8211; <\/b>A rede supermercadista mineira tem 30 anos de hist\u00f3ria, focada na oferta de produtos exclusivos e servi\u00e7os gastron\u00f4micos. Reconhecida pelo atendimento diferenciado, variedade e sofistica\u00e7\u00e3o do mix de produtos, amplo potencial de importa\u00e7\u00e3o e pelos itens de produ\u00e7\u00e3o ou de marca pr\u00f3pria, a rede Verdemar apresenta, tamb\u00e9m, diversas opera\u00e7\u00f5es exclusivas em suas lojas que, encantam seus clientes, como pizzaria, cafeteria, sushi e temakeria, creperia, grill, parrilla, saladas e muito mais.<\/p>\n<p class=\"prntaj\"><b>Sobre a L-founders &#8211; <\/b>Com opera\u00e7\u00e3o em todos os continentes e presente em 37 pa\u00edses e em 2022 j\u00e1 beneficiou 100 milh\u00f5es de consumidores, em parceria com mais de 43 mil estabelecimentos. A L-founders of loyalty foi fundada pelo criador das campanhas dos selinhos &#8211; que lan\u00e7ou sua primeira campanha de fidelidade h\u00e1 mais de 30 anos, e por um grupo de colaboradores, que, juntos, somam mais de 1.800 anos de experi\u00eancia no segmento. A empresa \u00e9 parceira das principais empresas varejistas do mundo. Uma de suas miss\u00f5es \u00e9 auxiliar os varejistas a atingirem um alto \u00edndice de engajamento de seus consumidores, com o uso dos selinhos como ferramenta potencializadora de vendas em programas de fidelidade. \u00c9 detentora da marca Fidelidade com Prop\u00f3sito&reg;, reafirmando a inten\u00e7\u00e3o de incorporar prop\u00f3sitos de responsabilidade social \u00e0s campanhas desenvolvidas.<\/p>\n<p>Foto &#8211;\u00a0<a href=\"https:\/\/mma.prnewswire.com\/media\/2401681\/Cer_micas_Verdemar_02.jpg\" target=\"_blank\" rel=\"nofollow noopener\">https:\/\/mma.prnewswire.com\/media\/2401681\/Cer_micas_Verdemar_02.jpg<\/a><\/p>\n<p id=\"PURL\"><img loading=\"lazy\" decoding=\"async\" title=\"Cision\" width=\"12\" height=\"12\" alt=\"Cision\" src=\"https:\/\/c212.net\/c\/img\/favicon.png?sn=PT01559&amp;sd=2024-05-07\" \/> View original content to download multimedia:<a id=\"PRNURL\" rel=\"nofollow noopener\" href=\"https:\/\/www.prnewswire.com\/br\/comunicados-para-a-imprensa\/nova-campanha-meu-selinho-de-desconto-verdemar-traz-para-o-consumidor-mineiro-ceramicas-europeias-exclusivas-302138249.html\" target=\"_blank\">https:\/\/www.prnewswire.com\/br\/comunicados-para-a-imprensa\/nova-campanha-meu-selinho-de-desconto-verdemar-traz-para-o-consumidor-mineiro-ceramicas-europeias-exclusivas-302138249.html<\/a><\/p>\n<p>FONTE  L-founders of Loyalty<\/p>\n<\/div>\n<p><img decoding=\"async\" alt=\"\" src=\"https:\/\/rt.prnewswire.com\/rt.gif?NewsItemId=PT01559&amp;Transmission_Id=202405070925PR_NEWS_LATAM____PT01559&amp;DateId=20240507\" style=\"border:0px;width:1px;height:1px\" \/><\/p>\n<p>A <b>OESP<\/b> n\u00e3o \u00e9(s\u00e3o) respons\u00e1vel(is) por erros, incorre\u00e7\u00f5es, atrasos ou quaisquer decis\u00f5es tomadas por seus clientes com base nos Conte\u00fados ora disponibilizados, bem como tais Conte\u00fados n\u00e3o representam a opini\u00e3o da <b>OESP<\/b> e s\u00e3o de inteira responsabilidade da <b>PR Newswire Ltda<\/b><\/p>\n","protected":false},"excerpt":{"rendered":"Produzidas em Portugal, seguindo design alem\u00e3o, as cer\u00e2micas Nachtmann come\u00e7aram a ser vendidas nas 16 lojas Verdemar (15 em Belo Horizonte e 01 em Nova Lima) da rede, na nova cam","protected":false},"author":1,"featured_media":0,"comment_status":"open","ping_status":"closed","sticky":false,"template":"","format":"standard","meta":{"_acf_changed":false,"inline_featured_image":false,"_monsterinsights_skip_tracking":false,"_monsterinsights_sitenote_active":false,"_monsterinsights_sitenote_note":"","_monsterinsights_sitenote_category":0,"footnotes":""},"categories":[29],"tags":[],"class_list":["post-93348","post","type-post","status-publish","format-standard","hentry","category-prnewseconomia"],"acf":[],"_links":{"self":[{"href":"https:\/\/bluestudio.estadao.com.br\/agencia-de-comunicacao\/wp-json\/wp\/v2\/posts\/93348","targetHints":{"allow":["GET"]}}],"collection":[{"href":"https:\/\/bluestudio.estadao.com.br\/agencia-de-comunicacao\/wp-json\/wp\/v2\/posts"}],"about":[{"href":"https:\/\/bluestudio.estadao.com.br\/agencia-de-comunicacao\/wp-json\/wp\/v2\/types\/post"}],"author":[{"embeddable":true,"href":"https:\/\/bluestudio.estadao.com.br\/agencia-de-comunicacao\/wp-json\/wp\/v2\/users\/1"}],"replies":[{"embeddable":true,"href":"https:\/\/bluestudio.estadao.com.br\/agencia-de-comunicacao\/wp-json\/wp\/v2\/comments?post=93348"}],"version-history":[{"count":0,"href":"https:\/\/bluestudio.estadao.com.br\/agencia-de-comunicacao\/wp-json\/wp\/v2\/posts\/93348\/revisions"}],"wp:attachment":[{"href":"https:\/\/bluestudio.estadao.com.br\/agencia-de-comunicacao\/wp-json\/wp\/v2\/media?parent=93348"}],"wp:term":[{"taxonomy":"category","embeddable":true,"href":"https:\/\/bluestudio.estadao.com.br\/agencia-de-comunicacao\/wp-json\/wp\/v2\/categories?post=93348"},{"taxonomy":"post_tag","embeddable":true,"href":"https:\/\/bluestudio.estadao.com.br\/agencia-de-comunicacao\/wp-json\/wp\/v2\/tags?post=93348"}],"curies":[{"name":"wp","href":"https:\/\/api.w.org\/{rel}","templated":true}]}}