{"id":93143,"date":"2024-05-02T06:12:00","date_gmt":"2024-05-02T09:12:00","guid":{"rendered":"https:\/\/bluestudio.estadao.com.br\/agencia-de-comunicacao\/prnewswire\/prnewsinternacional\/vwco-marca-presenca-na-agrishow-2024\/"},"modified":"2024-05-02T06:12:00","modified_gmt":"2024-05-02T09:12:00","slug":"vwco-marca-presenca-na-agrishow-2024","status":"publish","type":"post","link":"https:\/\/bluestudio.estadao.com.br\/agencia-de-comunicacao\/prnewswire\/prnewsinternacional\/vwco-marca-presenca-na-agrishow-2024\/","title":{"rendered":"VWCO marca presen\u00e7a na Agrishow 2024"},"content":{"rendered":"<p><b>PR NEWSWIRE<\/b><\/p>\n<div class=\"xn-content\">\n<ul type=\"disc\">\n<li><i>Portf\u00f3lio completo de solu\u00e7\u00f5es de transporte <\/i><\/li>\n<li><i>Planos de manuten\u00e7\u00e3o com redu\u00e7\u00e3o de at\u00e9 20% nos pre\u00e7os<\/i><\/li>\n<li><i>Novos acess\u00f3rios para os cavalos\u00a0mec\u00e2nicos Meteor<\/i><\/li>\n<\/ul>\n<p><span class=\"legendSpanClass\"><span class=\"xn-location\">SAO PAULO<\/span><\/span>, <span class=\"legendSpanClass\">30 de abril de 2024<\/span> \/PRNewswire\/ &#8212; A Volkswagen Caminh\u00f5es e \u00d4nibus marca presen\u00e7a na\u00a0Agrishow, maior feira de tecnologia agr\u00edcola do Brasil e uma das maiores do mundo. No evento, a montadora apresenta seu portf\u00f3lio de solu\u00e7\u00f5es de transporte para o agroneg\u00f3cio, com uma oferta que vai desde a linha de ve\u00edculos leves at\u00e9 os extrapesados e oferece condi\u00e7\u00f5es especiais para os neg\u00f3cios fechados no evento, como a economia de at\u00e9 20% na mensalidade do contrato de manuten\u00e7\u00e3o manuten\u00e7\u00e3o e a garantia estendida com tr\u00eas anos para o trem de for\u00e7a.<\/p>\n<div class=\"PRN_ImbeddedAssetReference\" id=\"DivAssetPlaceHolder1040\">\n<a href=\"https:\/\/mma.prnewswire.com\/media\/2402091\/MG_8396.html\" target=\"_blank\" rel=\"nofollow noopener\"><img decoding=\"async\" src=\"https:\/\/mma.prnewswire.com\/media\/2402091\/MG_8396.jpg\" title=\"\" alt=\"\" \/><\/a><\/p>\n<\/div>\n<p>O destaque desta edi\u00e7\u00e3o s\u00e3o os cavalos mec\u00e2nicos VW Meteor, os maiores Volkswagen do mundo, exibidos nos modelos 28.480 6X2 e 29.530 6&#215;4. A fam\u00edlia de gigantes chega \u00e0 feira para demonstrar toda sua for\u00e7a e potencial para atender ao escoamento rodovi\u00e1rio da produ\u00e7\u00e3o no campo. Al\u00e9m da robustez, os ve\u00edculos entregam conforto, seguran\u00e7a e muita tecnologia ao motorista. Tamb\u00e9m apresentam o novo conjunto de defletores de ar para teto e laterais da cabine e do chassi, que passam a ser vendidos como opcionais de f\u00e1brica, para favorecer a aerodin\u00e2mica e gerar mais economia de combust\u00edvel.<\/p>\n<p>Al\u00e9m dos modelos Meteor, a Volkswagen Caminh\u00f5es e \u00d4nibus apresenta mais op\u00e7\u00f5es para atender ao agroneg\u00f3cio. Entre elas, os extrapesados VW Constellation 33.480 6&#215;4, 25.480 6&#215;2 e 19.380 4&#215;2. Representando o caminh\u00e3o m\u00e9dio mais vendido no mercado brasileiro, VW Delivery 11.180 tamb\u00e9m \u00e9 exibido em sua vers\u00e3o 4&#215;4. Completando o portf\u00f3lio, a marca leva a Ribeir\u00e3o Preto o VW e-Delivery 11 toneladas, primeiro caminh\u00e3o el\u00e9trico 100% desenvolvido e produzido no Brasil.<\/p>\n<p>Pensando na experi\u00eancia completa do cliente com a marca, a Volkswagen Caminh\u00f5es e \u00d4nibus oferecer\u00e1 at\u00e9 20% de redu\u00e7\u00e3o no custo do plano de manuten\u00e7\u00e3o VolksTotal Max para os clientes que garantirem seu caminh\u00e3o VW na feira. Em paralelo, a Volkswagen Caminh\u00f5es e \u00d4nibus investe em servi\u00e7os digitais para gest\u00e3o e controle de frota.<\/p>\n<p>O Uptime Center, torre de controle da VWCO, entra em opera\u00e7\u00e3o\u00a0 com o objetivo de simplificar a gest\u00e3o da opera\u00e7\u00e3o de transporte dos clientes ao integrar v\u00e1rios servi\u00e7os e dados de ve\u00edculos conectados. O servi\u00e7o oferece uma leitura inteligente com foco em maior otimiza\u00e7\u00e3o da opera\u00e7\u00e3o e manuten\u00e7\u00e3o, economia e efici\u00eancia no consumo, controle de cargas e performance.<\/p>\n<p class=\"prntac\"><b>Um membro do GRUPO TRATON<\/b><\/p>\n<p><b>Sobre a VW Caminh\u00f5es e \u00d4nibus<\/b><\/p>\n<p>Com um portf\u00f3lio completo de solu\u00e7\u00f5es para o transporte de cargas e de passageiros, a Volkswagen Caminh\u00f5es e \u00d4nibus \u00e9 uma das maiores montadoras da Am\u00e9rica Latina e integra o Grupo TRATON. O Brasil sedia o centro mundial de pesquisa e desenvolvimento da marca VWCO, com expertise em mercados emergentes para ve\u00edculos sob medida, de acordo com as demandas espec\u00edficas de seus clientes. Desde 1981, quando iniciou suas opera\u00e7\u00f5es, chegar ao topo do mercado, respeitando e satisfazendo as necessidades dos clientes com a melhor rela\u00e7\u00e3o custo-benef\u00edcio, sempre foi o foco da montadora. E \u00e9 exatamente isso que oferece a seus clientes: caminh\u00f5es e \u00f4nibus sob medida, um excelente servi\u00e7o de p\u00f3s-vendas e uma extensa variedade de servi\u00e7os.<\/p>\n<p><b>Sobre o GRUPO\u00a0TRATON<\/b><\/p>\n<p>Com suas marcas Volkswagen Caminh\u00f5es e \u00d4nibus, Scania, MAN e Navistar, a TRATON SE \u00e9 controladora do GRUPO TRATON e um dos principais fabricantes de ve\u00edculos comerciais do mundo. Seu portf\u00f3lio de produtos inclui caminh\u00f5es, \u00f4nibus e ve\u00edculos comerciais leves. &#8220;Transformando o Transporte Juntos. Para um mundo sustent\u00e1vel&#8221;: esta inten\u00e7\u00e3o refor\u00e7a a ambi\u00e7\u00e3o da empresa de ter um impacto duradouro e sustent\u00e1vel no neg\u00f3cio de ve\u00edculos comerciais e no crescimento comercial do Grupo.\u00a0<\/p>\n<p><b>Volkswagen Caminh\u00f5es e \u00d4nibus<\/b><br \/><b>Comunica\u00e7\u00e3o\u00a0<\/b><br \/>(11) 5582-5335 \/ (24) 3381-1063<br \/><a href=\"mailto:comunicacao@volkswagen.com.br\" target=\"_blank\" rel=\"nofollow noopener\">comunicacao@volkswagen.com.br<\/a><\/p>\n<p>Foto &#8211; <a href=\"https:\/\/mma.prnewswire.com\/media\/2402091\/MG_8396.jpg\" target=\"_blank\" rel=\"nofollow noopener\">https:\/\/mma.prnewswire.com\/media\/2402091\/MG_8396.jpg<\/a><\/p>\n<div class=\"PRN_ImbeddedAssetReference\" id=\"DivAssetPlaceHolder0\"><\/div>\n<p id=\"PURL\"><img loading=\"lazy\" decoding=\"async\" title=\"Cision\" width=\"12\" height=\"12\" alt=\"Cision\" src=\"https:\/\/c212.net\/c\/img\/favicon.png?sn=PT02124&amp;sd=2024-05-02\" \/> View original content to download multimedia:<a id=\"PRNURL\" rel=\"nofollow noopener\" href=\"https:\/\/www.prnewswire.com\/br\/comunicados-para-a-imprensa\/vwco-marca-presenca-na-agrishow-2024-302134297.html\" target=\"_blank\">https:\/\/www.prnewswire.com\/br\/comunicados-para-a-imprensa\/vwco-marca-presenca-na-agrishow-2024-302134297.html<\/a><\/p>\n<p>FONTE  Volkswagen Caminh\u00f5es e \u00d4nibus<\/p>\n<\/div>\n<p><img decoding=\"async\" alt=\"\" src=\"https:\/\/rt.prnewswire.com\/rt.gif?NewsItemId=PT02124&amp;Transmission_Id=202405020501PR_NEWS_LATAM____PT02124&amp;DateId=20240502\" style=\"border:0px;width:1px;height:1px\" \/><\/p>\n<p>A <b>OESP<\/b> n\u00e3o \u00e9(s\u00e3o) respons\u00e1vel(is) por erros, incorre\u00e7\u00f5es, atrasos ou quaisquer decis\u00f5es tomadas por seus clientes com base nos Conte\u00fados ora disponibilizados, bem como tais Conte\u00fados n\u00e3o representam a opini\u00e3o da <b>OESP<\/b> e s\u00e3o de inteira responsabilidade da <b>PR Newswire Ltda<\/b><\/p>\n","protected":false},"excerpt":{"rendered":"Um membro do GRUPO TRATON","protected":false},"author":1,"featured_media":0,"comment_status":"open","ping_status":"closed","sticky":false,"template":"","format":"standard","meta":{"_acf_changed":false,"inline_featured_image":false,"_monsterinsights_skip_tracking":false,"_monsterinsights_sitenote_active":false,"_monsterinsights_sitenote_note":"","_monsterinsights_sitenote_category":0,"footnotes":""},"categories":[31],"tags":[],"class_list":["post-93143","post","type-post","status-publish","format-standard","hentry","category-prnewsinternacional"],"acf":[],"_links":{"self":[{"href":"https:\/\/bluestudio.estadao.com.br\/agencia-de-comunicacao\/wp-json\/wp\/v2\/posts\/93143","targetHints":{"allow":["GET"]}}],"collection":[{"href":"https:\/\/bluestudio.estadao.com.br\/agencia-de-comunicacao\/wp-json\/wp\/v2\/posts"}],"about":[{"href":"https:\/\/bluestudio.estadao.com.br\/agencia-de-comunicacao\/wp-json\/wp\/v2\/types\/post"}],"author":[{"embeddable":true,"href":"https:\/\/bluestudio.estadao.com.br\/agencia-de-comunicacao\/wp-json\/wp\/v2\/users\/1"}],"replies":[{"embeddable":true,"href":"https:\/\/bluestudio.estadao.com.br\/agencia-de-comunicacao\/wp-json\/wp\/v2\/comments?post=93143"}],"version-history":[{"count":0,"href":"https:\/\/bluestudio.estadao.com.br\/agencia-de-comunicacao\/wp-json\/wp\/v2\/posts\/93143\/revisions"}],"wp:attachment":[{"href":"https:\/\/bluestudio.estadao.com.br\/agencia-de-comunicacao\/wp-json\/wp\/v2\/media?parent=93143"}],"wp:term":[{"taxonomy":"category","embeddable":true,"href":"https:\/\/bluestudio.estadao.com.br\/agencia-de-comunicacao\/wp-json\/wp\/v2\/categories?post=93143"},{"taxonomy":"post_tag","embeddable":true,"href":"https:\/\/bluestudio.estadao.com.br\/agencia-de-comunicacao\/wp-json\/wp\/v2\/tags?post=93143"}],"curies":[{"name":"wp","href":"https:\/\/api.w.org\/{rel}","templated":true}]}}