{"id":92938,"date":"2024-04-25T19:53:00","date_gmt":"2024-04-25T22:53:00","guid":{"rendered":"https:\/\/bluestudio.estadao.com.br\/agencia-de-comunicacao\/releases\/releases-geral\/ingerencia-politica-nas-estatais-pode-impactar-acionistas-e-economia\/"},"modified":"2024-04-25T19:53:00","modified_gmt":"2024-04-25T22:53:00","slug":"ingerencia-politica-nas-estatais-pode-impactar-acionistas-e-economia","status":"publish","type":"post","link":"https:\/\/bluestudio.estadao.com.br\/agencia-de-comunicacao\/releases\/releases-geral\/ingerencia-politica-nas-estatais-pode-impactar-acionistas-e-economia\/","title":{"rendered":"Inger\u00eancia pol\u00edtica nas estatais pode impactar acionistas e economia"},"content":{"rendered":"<p><b>DINO DIVULGADOR DE NOT\u00cdCIAS<\/b><\/p>\n<p>Rio de Janeiro &#8211; RJ&#8211;(<a target='_blank' href='http:\/\/www.dino.com.br' rel=\"noopener\">DINO<\/a> &#8211; 25 abr, 2024) &#8211;<br \/>\nListadas entre as tr&ecirc;s empresas brasileiras que mais sofreram com <a rel=\"follow noopener\" target='_blank' href='https:\/\/einvestidor.estadao.com.br\/colunas\/einar-rivero\/top-3-bolsa-queda-historica-jbs-jbss3-surpreende\/'>desvaloriza&ccedil;&atilde;o na Bolsa em 2024,<\/a> Vale e Petrobras enfrentam problemas de mercado como diversas companhias. De acordo com <a rel=\"follow noopener\" target='_blank' href='https:\/\/www.metropoles.com\/negocios\/ingerencia-politica-derruba-valor-de-mercado-de-vale-e-petrobras'>mat&eacute;ria <\/a>recente, veiculada pelo jornal Metr&oacute;poles, o baque sofrido com a desvaloriza&ccedil;&atilde;o das a&ccedil;&otilde;es da mineradora foi de R$ 48,3 bilh&otilde;es e o da petroleira, de R$ 23,8 milh&otilde;es, mostrando um desafio n&atilde;o apenas para elas, mas para investidores e para a economia nacional como um todo.<\/p>\n<p>Ainda de acordo com a publica&ccedil;&atilde;o, a maior parte desse tombo &eacute; explicada pelas tentativas de inger&ecirc;ncia pol&iacute;tica na gest&atilde;o das companhias. Para Marcello Guimar&atilde;es, S&oacute;cio Fundador &amp; Managing Partner da Swot Global Consulting, especialista no setor de petr&oacute;leo e g&aacute;s, os impactos negativos que a interfer&ecirc;ncia pol&iacute;tica podem ter sobre os direitos dos acionistas minorit&aacute;rios, bem como sobre a transpar&ecirc;ncia e a governan&ccedil;a corporativa das empresas s&atilde;o muito grandes.<\/p>\n<p>Em sua obra <a rel=\"follow noopener\" target='_blank' href='https:\/\/www.dropbox.com\/scl\/fi\/knggtlyb75uxv6l1mqxj2\/Livro-Uso-Politico-de-Estatais-pelo-acionista-controlador.pdf?rlkey=9l6uck63jr1ka158x23vjjcve&amp;dl=0'>&#8216;Uso Pol&iacute;tico de Estatais pelo Acionista Controlador: Em Preju&iacute;zo dos Direitos dos Acionistas Minorit&aacute;rios&#8217;<\/a>, o profissional traz uma vis&atilde;o sobre os desafios enfrentados pelos investidores em um ambiente onde os interesses pol&iacute;ticos muitas vezes prevalecem sobre os econ&ocirc;micos.&nbsp; &ldquo;Em meio aos meandros complexos do uso pol&iacute;tico das estatais, &eacute; sempre importante ter em vista os riscos inerentes &agrave;s pr&aacute;ticas, principalmente pelos minorit&aacute;rios&rdquo;, explica.<\/p>\n<p>Ainda de acordo com Marcelo, &agrave; medida que o debate sobre o futuro dessas empresas continua, &eacute; imperativo que os interesses dos acionistas minorit&aacute;rios sejam protegidos e que a integridade do mercado seja preservada. &ldquo;As not&iacute;cias destacam a urg&ecirc;ncia de uma abordagem mais rigorosa por parte das autoridades reguladoras para proteger os investidores e garantir a integridade do mercado. Assim ser&aacute; poss&iacute;vel construir uma economia mais justa, sustent&aacute;vel e resiliente para todos os envolvidos&rdquo;, finaliza o autor.<\/p>\n<p>&nbsp;<\/p>\n<p>&nbsp;<\/p>\n<p>&nbsp;<\/p>\n<p>Website: <a target='_blank' href='https:\/\/www.instagram.com\/swotglobal\/' rel=\"follow noopener\">https:\/\/www.instagram.com\/swotglobal\/<\/a><img src='https:\/\/api.dino.com.br\/v2\/news\/tr\/302651' alt='' style='border:0px;width:1px;height:1px' \/><br \/>\nA <b>OESP<\/b> n\u00e3o \u00e9(s\u00e3o) respons\u00e1vel(is) por erros, incorre\u00e7\u00f5es, atrasos ou quaisquer decis\u00f5es tomadas por seus clientes com base nos Conte\u00fados ora disponibilizados, bem como tais Conte\u00fados n\u00e3o representam a opini\u00e3o da <b>OESP<\/b> e s\u00e3o de inteira responsabilidade da <b>Dino Divulgador de Noticias Online Ltda<\/b><\/p>\n","protected":false},"excerpt":{"rendered":"Rio de Janeiro &#8211; RJ&#8211;(DINO &#8211; 25 abr, 2024) &#8211;\nListadas entre as tr&ecirc;s empresas brasileiras que mais sofreram com desvaloriza&ccedil;&atilde;o na Bolsa em 2024, Vale e Petrobra","protected":false},"author":1,"featured_media":0,"comment_status":"open","ping_status":"closed","sticky":false,"template":"","format":"standard","meta":{"_acf_changed":false,"inline_featured_image":false,"_monsterinsights_skip_tracking":false,"_monsterinsights_sitenote_active":false,"_monsterinsights_sitenote_note":"","_monsterinsights_sitenote_category":0,"footnotes":""},"categories":[34],"tags":[],"class_list":["post-92938","post","type-post","status-publish","format-standard","hentry","category-releases-geral"],"acf":[],"_links":{"self":[{"href":"https:\/\/bluestudio.estadao.com.br\/agencia-de-comunicacao\/wp-json\/wp\/v2\/posts\/92938","targetHints":{"allow":["GET"]}}],"collection":[{"href":"https:\/\/bluestudio.estadao.com.br\/agencia-de-comunicacao\/wp-json\/wp\/v2\/posts"}],"about":[{"href":"https:\/\/bluestudio.estadao.com.br\/agencia-de-comunicacao\/wp-json\/wp\/v2\/types\/post"}],"author":[{"embeddable":true,"href":"https:\/\/bluestudio.estadao.com.br\/agencia-de-comunicacao\/wp-json\/wp\/v2\/users\/1"}],"replies":[{"embeddable":true,"href":"https:\/\/bluestudio.estadao.com.br\/agencia-de-comunicacao\/wp-json\/wp\/v2\/comments?post=92938"}],"version-history":[{"count":0,"href":"https:\/\/bluestudio.estadao.com.br\/agencia-de-comunicacao\/wp-json\/wp\/v2\/posts\/92938\/revisions"}],"wp:attachment":[{"href":"https:\/\/bluestudio.estadao.com.br\/agencia-de-comunicacao\/wp-json\/wp\/v2\/media?parent=92938"}],"wp:term":[{"taxonomy":"category","embeddable":true,"href":"https:\/\/bluestudio.estadao.com.br\/agencia-de-comunicacao\/wp-json\/wp\/v2\/categories?post=92938"},{"taxonomy":"post_tag","embeddable":true,"href":"https:\/\/bluestudio.estadao.com.br\/agencia-de-comunicacao\/wp-json\/wp\/v2\/tags?post=92938"}],"curies":[{"name":"wp","href":"https:\/\/api.w.org\/{rel}","templated":true}]}}