{"id":92810,"date":"2024-04-23T18:09:00","date_gmt":"2024-04-23T21:09:00","guid":{"rendered":"https:\/\/bluestudio.estadao.com.br\/agencia-de-comunicacao\/releases\/releases-geral\/webserie-com-especialistas-discute-gestao-de-reputacao\/"},"modified":"2024-04-23T18:09:00","modified_gmt":"2024-04-23T21:09:00","slug":"webserie-com-especialistas-discute-gestao-de-reputacao","status":"publish","type":"post","link":"https:\/\/bluestudio.estadao.com.br\/agencia-de-comunicacao\/releases\/releases-geral\/webserie-com-especialistas-discute-gestao-de-reputacao\/","title":{"rendered":"Webs\u00e9rie com especialistas discute gest\u00e3o de reputa\u00e7\u00e3o"},"content":{"rendered":"<p><b>DINO DIVULGADOR DE NOT\u00cdCIAS<\/b><\/p>\n<p>S\u00e3o Paulo, SP&#8211;(<a target='_blank' href='http:\/\/www.dino.com.br' rel=\"noopener\">DINO<\/a> &#8211; 23 abr, 2024) &#8211;<br \/>\nA percep&ccedil;&atilde;o positiva do p&uacute;blico &eacute; um objetivo que deve ser comum para qualquer marca; mas, para isso, &eacute; preciso saber como gerir a reputa&ccedil;&atilde;o estrategicamente. Pensando em auxiliar empresas nesta demanda, a Knewin est&aacute; promovendo a primeira edi&ccedil;&atilde;o do Reputation Talks &mdash; s&eacute;rie de webinars com transmiss&atilde;o ao vivo, que contar&aacute; com a participa&ccedil;&atilde;o de especialistas para discutir os principais temas e tend&ecirc;ncias sobre gest&atilde;o de reputa&ccedil;&atilde;o e exposi&ccedil;&atilde;o de marcas.<\/p>\n<p>A estreia ser&aacute; na &uacute;ltima semana de abril, com um novo epis&oacute;dio sendo lan&ccedil;ado semanalmente at&eacute; o in&iacute;cio de junho. Cada convidado abordar&aacute; um tema espec&iacute;fico, proporcionando insights valiosos e pr&aacute;ticos, com o intuito de mostrar como a gest&atilde;o da reputa&ccedil;&atilde;o vai muito al&eacute;m das comunica&ccedil;&otilde;es. Ao final da webs&eacute;rie educativa, os participantes ganhar&atilde;o um certificado por assistir a todo o conte&uacute;do.<\/p>\n<p>Os epis&oacute;dios do Reputation Talks contar&atilde;o com as seguintes datas, temas e convidados:<\/p>\n<p><strong>Epis&oacute;dio 1 &#8211; Ecossistema de solu&ccedil;&otilde;es inteligentes:<\/strong> este epis&oacute;dio apresentar&aacute; o funcionamento de um ecossistema de solu&ccedil;&otilde;es inteligentes, abordando como a tecnologia e a inova&ccedil;&atilde;o moldam o futuro da comunica&ccedil;&atilde;o e da reputa&ccedil;&atilde;o corporativa. O convidado &eacute; Lucas Naz&aacute;rio, CEO da Knewin. Ser&aacute; no dia 24 de abril, &agrave;s 10h30;<\/p>\n<p><strong>Epis&oacute;dio 2 &#8211; ESG na comunica&ccedil;&atilde;o corporativa:<\/strong> o foco &eacute; analisar como as pr&aacute;ticas de ESG est&atilde;o se tornando cada vez mais importantes na constru&ccedil;&atilde;o de uma reputa&ccedil;&atilde;o corporativa s&oacute;lida. A convidada &eacute; Claudia Pitta, especialista em direito, governan&ccedil;a e compliance com insights sobre cultura organizacional, transforma&ccedil;&atilde;o, &eacute;tica comportamental, neuroci&ecirc;ncia e sustentabilidade. Est&aacute; marcado para o dia 2 de maio, &agrave;s 10h30;<\/p>\n<p><strong>Epis&oacute;dio 3 &#8211; Mensura&ccedil;&atilde;o de resultados no mercado de comunica&ccedil;&atilde;o empresarial:<\/strong> o epis&oacute;dio traz a import&acirc;ncia da mensura&ccedil;&atilde;o de resultados no mercado de comunica&ccedil;&atilde;o empresarial e como diferentes m&eacute;tricas podem auxiliar as empresas a avaliar o sucesso de suas estrat&eacute;gias de comunica&ccedil;&atilde;o. O conte&uacute;do ficar&aacute; por conta de Renato Avanzi, que &eacute; jornalista, consultor, palestrante, professor, m&uacute;sico e escritor. Ser&aacute; realizado no dia 8 de maio, &agrave;s 10h30;<\/p>\n<p><strong>Epis&oacute;dio 4 &#8211; A reputa&ccedil;&atilde;o em tempos de intelig&ecirc;ncia artificial:<\/strong> o objetivo &eacute; discutir como a intelig&ecirc;ncia artificial (IA) impacta a reputa&ccedil;&atilde;o das empresas, al&eacute;m de explorar como a imprensa influencia a percep&ccedil;&atilde;o p&uacute;blica sobre as empresas mesmo em tempos de IA. O convidado &eacute; Guga Peccicacco, especialista em estrat&eacute;gia de rela&ccedil;&otilde;es-p&uacute;blicas, marketing de conte&uacute;do, branding e marca empregadora. Est&aacute; marcado para o dia 15\/05, &agrave;s 14h;<\/p>\n<p><strong>Epis&oacute;dio 5 &#8211; O papel da comunica&ccedil;&atilde;o estrat&eacute;gica no gerenciamento de crises:<\/strong> o quinto epis&oacute;dio da nossa s&eacute;rie vai explorar como a comunica&ccedil;&atilde;o estrat&eacute;gica pode ser usada para gerenciar crises e destacar melhorias. A especialista em planejamento e estrat&eacute;gia de branding e reputa&ccedil;&atilde;o, Suelen Yguchi, vai mostrar a import&acirc;ncia de manter uma narrativa positiva durante uma crise e apresentaremos exemplos de empresas que gerenciaram efetivamente crises por meio da comunica&ccedil;&atilde;o estrat&eacute;gica, mostrando como a comunica&ccedil;&atilde;o pode ser usada de forma proativa e positiva. Ser&aacute; no dia 22 de maio, &agrave;s 10h30;<\/p>\n<p><strong>Epis&oacute;dio 6 &#8211; Integrando o planejamento estrat&eacute;gico de marketing com a gest&atilde;o de reputa&ccedil;&atilde;o:<\/strong> o intuito do sexto epis&oacute;dio &eacute; analisar a integra&ccedil;&atilde;o do marketing estrat&eacute;gico, gest&atilde;o de reputa&ccedil;&atilde;o e Net Promoter Score (NPS); para discutir como esses elementos podem trabalhar juntos para fortalecer a marca, identificar &aacute;reas de for&ccedil;a e revelar oportunidades de melhoria.? O conte&uacute;do ficar&aacute; por conta de Vivianne Pelegrini, especialista em posicionamento de imagem, desenvolvimento de estrat&eacute;gias de comunica&ccedil;&atilde;o, treinamento de porta-vozes e gest&atilde;o de crises. Est&aacute; marcado para o dia 29\/05, &agrave;s 14h;<\/p>\n<p><strong>Epis&oacute;dio 7 &#8211; Gest&atilde;o de reputa&ccedil;&atilde;o acion&aacute;vel: transforme indicadores em planos de comunica&ccedil;&atilde;o:<\/strong> o &uacute;ltimo epis&oacute;dio se concentra em como transformar indicadores em planos de comunica&ccedil;&atilde;o acion&aacute;veis. A convidada Tatiana Maia Lins, Consultora em Reputa&ccedil;&atilde;o Corporativa, professora, palestrante e mentora de lideran&ccedil;as C-Level e Board Members, vai mostrar como as empresas podem usar dados e insights para informar suas estrat&eacute;gias de comunica&ccedil;&atilde;o e gest&atilde;o de reputa&ccedil;&atilde;o. Ser&aacute; no dia 4 de junho, &agrave;s 10h30.<\/p>\n<p>Todos os epis&oacute;dios ser&atilde;o apresentados por Leandro Bianchi, Diretor de Marketing e Vendas na Knewin. Para Bianchi, a promo&ccedil;&atilde;o de conte&uacute;do educativo sobre gest&atilde;o de reputa&ccedil;&atilde;o valoriza o mercado brasileiro num todo, afinal, o tema &eacute; importante para qualquer tipo de neg&oacute;cio. &#8216;A Knewin reconhece a relev&acirc;ncia de impulsionar o mercado para abordar temas essenciais como sustentabilidade, gest&atilde;o de crises e reputa&ccedil;&atilde;o. Por entendermos a import&acirc;ncia desses assuntos para todas as empresas, decidimos reunir especialistas para compartilhar conhecimento com o mercado&#8217;, argumenta.<\/p>\n<p><a rel=\"follow noopener\" target='_blank' href='https:\/\/www.knewin.com\/reputation-talks\/'>A inscri&ccedil;&atilde;o no Reputation Talks &eacute; gratuita.<\/a> Certificados ser&atilde;o gerados e fornecidos para os participantes que assistirem a todos os epis&oacute;dios.<\/p>\n<p>Website: <a target='_blank' href='https:\/\/www.knewin.com\/reputation-talks\/' rel=\"follow noopener\">https:\/\/www.knewin.com\/reputation-talks\/<\/a><img src='https:\/\/api.dino.com.br\/v2\/news\/tr\/303735' alt='' style='border:0px;width:1px;height:1px' \/><br \/>\nA <b>OESP<\/b> n\u00e3o \u00e9(s\u00e3o) respons\u00e1vel(is) por erros, incorre\u00e7\u00f5es, atrasos ou quaisquer decis\u00f5es tomadas por seus clientes com base nos Conte\u00fados ora disponibilizados, bem como tais Conte\u00fados n\u00e3o representam a opini\u00e3o da <b>OESP<\/b> e s\u00e3o de inteira responsabilidade da <b>Dino Divulgador de Noticias Online Ltda<\/b><\/p>\n","protected":false},"excerpt":{"rendered":"S\u00e3o Paulo, SP&#8211;(DINO &#8211; 23 abr, 2024) &#8211;\nA percep&ccedil;&atilde;o positiva do p&uacute;blico &eacute; um objetivo que deve ser comum para qualquer marca; mas, para isso, &eacute; p","protected":false},"author":1,"featured_media":0,"comment_status":"open","ping_status":"closed","sticky":false,"template":"","format":"standard","meta":{"_acf_changed":false,"inline_featured_image":false,"_monsterinsights_skip_tracking":false,"_monsterinsights_sitenote_active":false,"_monsterinsights_sitenote_note":"","_monsterinsights_sitenote_category":0,"footnotes":""},"categories":[34],"tags":[],"class_list":["post-92810","post","type-post","status-publish","format-standard","hentry","category-releases-geral"],"acf":[],"_links":{"self":[{"href":"https:\/\/bluestudio.estadao.com.br\/agencia-de-comunicacao\/wp-json\/wp\/v2\/posts\/92810","targetHints":{"allow":["GET"]}}],"collection":[{"href":"https:\/\/bluestudio.estadao.com.br\/agencia-de-comunicacao\/wp-json\/wp\/v2\/posts"}],"about":[{"href":"https:\/\/bluestudio.estadao.com.br\/agencia-de-comunicacao\/wp-json\/wp\/v2\/types\/post"}],"author":[{"embeddable":true,"href":"https:\/\/bluestudio.estadao.com.br\/agencia-de-comunicacao\/wp-json\/wp\/v2\/users\/1"}],"replies":[{"embeddable":true,"href":"https:\/\/bluestudio.estadao.com.br\/agencia-de-comunicacao\/wp-json\/wp\/v2\/comments?post=92810"}],"version-history":[{"count":0,"href":"https:\/\/bluestudio.estadao.com.br\/agencia-de-comunicacao\/wp-json\/wp\/v2\/posts\/92810\/revisions"}],"wp:attachment":[{"href":"https:\/\/bluestudio.estadao.com.br\/agencia-de-comunicacao\/wp-json\/wp\/v2\/media?parent=92810"}],"wp:term":[{"taxonomy":"category","embeddable":true,"href":"https:\/\/bluestudio.estadao.com.br\/agencia-de-comunicacao\/wp-json\/wp\/v2\/categories?post=92810"},{"taxonomy":"post_tag","embeddable":true,"href":"https:\/\/bluestudio.estadao.com.br\/agencia-de-comunicacao\/wp-json\/wp\/v2\/tags?post=92810"}],"curies":[{"name":"wp","href":"https:\/\/api.w.org\/{rel}","templated":true}]}}