{"id":92737,"date":"2024-04-22T12:49:00","date_gmt":"2024-04-22T15:49:00","guid":{"rendered":"https:\/\/bluestudio.estadao.com.br\/agencia-de-comunicacao\/releases\/releases-geral\/tontura-afeta-45-dos-idosos-estimam-especialistas\/"},"modified":"2024-04-22T12:49:00","modified_gmt":"2024-04-22T15:49:00","slug":"tontura-afeta-45-dos-idosos-estimam-especialistas","status":"publish","type":"post","link":"https:\/\/bluestudio.estadao.com.br\/agencia-de-comunicacao\/releases\/releases-geral\/tontura-afeta-45-dos-idosos-estimam-especialistas\/","title":{"rendered":"Tontura afeta 45% dos idosos, estimam especialistas"},"content":{"rendered":"<p><b>DINO DIVULGADOR DE NOT\u00cdCIAS<\/b><\/p>\n<p>S\u00e3o Paulo &#8211; SP&#8211;(<a target='_blank' href='http:\/\/www.dino.com.br' rel=\"noopener\">DINO<\/a> &#8211; 22 abr, 2024) &#8211;<br \/>\nTontura, desequil&iacute;brio e vertigem s&atilde;o queixas de sa&uacute;de comuns da popula&ccedil;&atilde;o idosa, que soma mais de 32 milh&otilde;es de pessoas no Pa&iacute;s, <a rel=\"follow noopener\" target='_blank' href='https:\/\/agenciadenoticias.ibge.gov.br\/agencia-noticias\/2012-agencia-de-noticias\/noticias\/38186-censo-2022-numero-de-pessoas-com-65-anos-ou-mais-de-idade-cresceu-57-4-em-12-anos#:~:text=Considerando%20a%20popula%C3%A7%C3%A3o%20de%20idosos,de%200%20a%2014%20anos'>segundo o IBGE<\/a>. E quanto mais avan&ccedil;ada a idade, maior &eacute; a preval&ecirc;ncia desses sintomas, alerta a Associa&ccedil;&atilde;o Brasileira de Otorrinolaringologia e Cirurgia C&eacute;rvico-Facial (ABORL-CCF). Estudos brasileiros indicam que <a rel=\"follow noopener\" target='_blank' href='https:\/\/www.scielo.br\/j\/bjorl\/a\/FbCvtg3cBWPM9HvhcX5tkbc\/'>45% dos idosos convivem com a tontura<\/a> e que pelo menos <a rel=\"follow noopener\" target='_blank' href='https:\/\/www.scielo.br\/j\/rboto\/a\/6CbY4Cv79FCbQF9dKkqb3GL\/?format=pdf&amp;lang=pt'>80% das pessoas acima de 75 anos j&aacute; tenham vivenciado algum epis&oacute;dio do tipo<\/a>.<\/p>\n<p>Para chamar a aten&ccedil;&atilde;o para a necessidade de idosos investigarem e tratarem o problema, a ABORL-CCF promove, de 22 a 26 de abril, a Semana da Tontura, com o tema &ldquo;Tontura &eacute; coisa s&eacute;ria: equil&iacute;brio na terceira idade&rdquo;. O evento marca o Dia Nacional da Tontura, celebrado dia 22 deste m&ecirc;s.&nbsp;<\/p>\n<p>Dr. M&aacute;rcio Salmito, presidente da Academia Brasileira de Otoneurologia, bra&ccedil;o acad&ecirc;mico da ABORL-CCF, destaca que sensa&ccedil;&otilde;es de desequil&iacute;brio e sentir que se est&aacute; flutuando ou que o ambiente ao redor est&aacute; girando, n&atilde;o devem ser menosprezadas. A altera&ccedil;&atilde;o no equil&iacute;brio corresponde a <a rel=\"follow noopener\" target='_blank' href='http:\/\/seer.upf.br\/index.php\/rbceh\/article\/view\/194'>85% das causas de quedas de pessoas com 65 anos ou mais<\/a>, conforme pesquisas m&eacute;dicas.<\/p>\n<p>&ldquo;A tontura piora a qualidade de vida em qualquer idade, mas o que mais preocupa em rela&ccedil;&atilde;o a esse quadro em idosos &eacute; provocar quedas. Esse tipo de acidente &eacute; a terceira causa de mortalidade entre as pessoas com mais de 65 anos no Brasil, segundo Minist&eacute;rio da Sa&uacute;de. Al&eacute;m disso, o n&uacute;mero de mortes de idosos tendo como consequ&ecirc;ncia a queda praticamente duplicou entre 2013 e 2022&rdquo;, revela o m&eacute;dico.<\/p>\n<p>O <a rel=\"follow noopener\" target='_blank' href='https:\/\/www.gov.br\/saude\/pt-br\/assuntos\/noticias\/2023\/junho\/no-brasil-prevalencia-de-quedas-entre-idosos-em-areas-urbanas-e-de-25'>Estudo Longitudinal da Sa&uacute;de dos Idosos Brasileiros<\/a>, divulgado em 2023 pelo Minist&eacute;rio da Sa&uacute;de, indicou que a preval&ecirc;ncia de quedas na popula&ccedil;&atilde;o idosa brasileira em &aacute;reas urbanas &eacute; de 25%. No mundo, 3 milh&otilde;es de idosos s&atilde;o tratados todos os anos em servi&ccedil;os de emerg&ecirc;ncia devido a les&otilde;es causadas por quedas, de acordo com o <a rel=\"follow noopener\" target='_blank' href='https:\/\/www.cdc.gov\/injury\/features\/older-adult-falls\/index.html'>Centro de Controle e Preven&ccedil;&atilde;o de Doen&ccedil;as<\/a>, ag&ecirc;ncia americana refer&ecirc;ncia na condu&ccedil;&atilde;o de pesquisas e combate a diversas enfermidades.<\/p>\n<p><strong>As causas<\/strong><\/p>\n<p>A tontura pode estar presente em mais de <a rel=\"follow noopener\" target='_blank' href='http:\/\/files.bvs.br\/upload\/S\/1679-1010\/2014\/v12n4\/a4384.pdf'>60 tipos de doen&ccedil;as<\/a> e afeta aproximadamente entre 15% e 20% da popula&ccedil;&atilde;o global, segundo a Organiza&ccedil;&atilde;o Mundial da Sa&uacute;de.<\/p>\n<p>Entre os idosos, o sintoma pode aparecer devido a problemas no sistema vestibular (do labirinto), como a doen&ccedil;a de Meni&egrave;re, doen&ccedil;as emocionais e psicol&oacute;gicas, como a ansiedade e depress&atilde;o, e altera&ccedil;&otilde;es cardiovasculares, como arritmias e at&eacute; mesmo infarto, segundo a Academia Brasileira de Otoneurologia.<\/p>\n<p>Ainda podem provocar tontura: altera&ccedil;&otilde;es da vis&atilde;o, como o glaucoma; problemas metab&oacute;licos, como diabetes; e doen&ccedil;as neurol&oacute;gicas, a exemplo de traumatismo craniano, Parkinson e esclerose m&uacute;ltipla.&nbsp; &ldquo;A tontura tamb&eacute;m pode ser um efeito colateral devido ao uso excessivo de f&aacute;rmacos, principalmente em quem faz uso de v&aacute;rias classes de medicamento e de forma cont&iacute;nua&rdquo;, complementa Salmito.<\/p>\n<p><strong>Diagn&oacute;stico e tratamento<\/strong><\/p>\n<p>Entender a origem da tontura nem sempre &eacute; uma tarefa simples e depender&aacute; de uma ampla avalia&ccedil;&atilde;o do hist&oacute;rico cl&iacute;nico do paciente para descobrir o fator principal por tr&aacute;s das crises. At&eacute; mesmo o significado da palavra tontura, para diferentes pacientes, pode ser dif&iacute;cil de descrever, conforme relatam os m&eacute;dicos.&nbsp; &nbsp; &nbsp; &nbsp; &nbsp; &nbsp;&nbsp;<\/p>\n<p> &nbsp;&ldquo;Muitas pessoas erroneamente chamam o sintoma tontura de labirintite, sem perceber que existem diversas outras doen&ccedil;as poss&iacute;veis. Por esse motivo, &eacute; crucial consultar um especialista, pois ele possui a expertise necess&aacute;ria para avaliar detalhadamente e solicitar exames apropriados,&rdquo; esclareceu o especialista.<\/p>\n<p>De acordo com o profissional, em algumas situa&ccedil;&otilde;es, &eacute; necess&aacute;ria a realiza&ccedil;&atilde;o de exames de sangue, de imagem e testes vestibulares (do labirinto) e auditivos, entre outros recursos. O tratamento pode incluir medica&ccedil;&otilde;es, mudan&ccedil;as de h&aacute;bitos, terapias de reabilita&ccedil;&atilde;o e manobras espec&iacute;ficas.<\/p>\n<p>&ldquo;A popula&ccedil;&atilde;o idosa est&aacute; crescendo e vivendo mais. Por isso, &eacute; fundamental uma melhor compreens&atilde;o dos dist&uacute;rbios de equil&iacute;brio desse grupo, garantindo conhecimento, acessibilidade e tratamento para que se obtenha qualidade de vida, independ&ecirc;ncia e autonomia a este que tende a se tornar majorit&aacute;rio em nosso pa&iacute;s,&rdquo; finaliza o presidente da Academia Brasileira de Otoneurologia da ABORL-CCF, M&aacute;rcio Salmito.<\/p>\n<p>Website: <a target='_blank' href='https:\/\/www.instagram.com\/abon_otoneuro\/' rel=\"follow noopener\">https:\/\/www.instagram.com\/abon_otoneuro\/<\/a><img src='https:\/\/api.dino.com.br\/v2\/news\/tr\/303001' alt='' style='border:0px;width:1px;height:1px' \/><br \/>\nA <b>OESP<\/b> n\u00e3o \u00e9(s\u00e3o) respons\u00e1vel(is) por erros, incorre\u00e7\u00f5es, atrasos ou quaisquer decis\u00f5es tomadas por seus clientes com base nos Conte\u00fados ora disponibilizados, bem como tais Conte\u00fados n\u00e3o representam a opini\u00e3o da <b>OESP<\/b> e s\u00e3o de inteira responsabilidade da <b>Dino Divulgador de Noticias Online Ltda<\/b><\/p>\n","protected":false},"excerpt":{"rendered":"S\u00e3o Paulo &#8211; SP&#8211;(DINO &#8211; 22 abr, 2024) &#8211;\nTontura, desequil&iacute;brio e vertigem s&atilde;o queixas de sa&uacute;de comuns da popula&ccedil;&atilde;o idosa, que soma mais de 32 mi","protected":false},"author":1,"featured_media":0,"comment_status":"open","ping_status":"closed","sticky":false,"template":"","format":"standard","meta":{"_acf_changed":false,"inline_featured_image":false,"_monsterinsights_skip_tracking":false,"_monsterinsights_sitenote_active":false,"_monsterinsights_sitenote_note":"","_monsterinsights_sitenote_category":0,"footnotes":""},"categories":[34],"tags":[],"class_list":["post-92737","post","type-post","status-publish","format-standard","hentry","category-releases-geral"],"acf":[],"_links":{"self":[{"href":"https:\/\/bluestudio.estadao.com.br\/agencia-de-comunicacao\/wp-json\/wp\/v2\/posts\/92737","targetHints":{"allow":["GET"]}}],"collection":[{"href":"https:\/\/bluestudio.estadao.com.br\/agencia-de-comunicacao\/wp-json\/wp\/v2\/posts"}],"about":[{"href":"https:\/\/bluestudio.estadao.com.br\/agencia-de-comunicacao\/wp-json\/wp\/v2\/types\/post"}],"author":[{"embeddable":true,"href":"https:\/\/bluestudio.estadao.com.br\/agencia-de-comunicacao\/wp-json\/wp\/v2\/users\/1"}],"replies":[{"embeddable":true,"href":"https:\/\/bluestudio.estadao.com.br\/agencia-de-comunicacao\/wp-json\/wp\/v2\/comments?post=92737"}],"version-history":[{"count":0,"href":"https:\/\/bluestudio.estadao.com.br\/agencia-de-comunicacao\/wp-json\/wp\/v2\/posts\/92737\/revisions"}],"wp:attachment":[{"href":"https:\/\/bluestudio.estadao.com.br\/agencia-de-comunicacao\/wp-json\/wp\/v2\/media?parent=92737"}],"wp:term":[{"taxonomy":"category","embeddable":true,"href":"https:\/\/bluestudio.estadao.com.br\/agencia-de-comunicacao\/wp-json\/wp\/v2\/categories?post=92737"},{"taxonomy":"post_tag","embeddable":true,"href":"https:\/\/bluestudio.estadao.com.br\/agencia-de-comunicacao\/wp-json\/wp\/v2\/tags?post=92737"}],"curies":[{"name":"wp","href":"https:\/\/api.w.org\/{rel}","templated":true}]}}