{"id":92733,"date":"2024-04-22T11:14:00","date_gmt":"2024-04-22T14:14:00","guid":{"rendered":"https:\/\/bluestudio.estadao.com.br\/agencia-de-comunicacao\/releases\/releases-geral\/especialista-explica-como-substituir-o-uso-de-dentaduras\/"},"modified":"2024-04-22T11:14:00","modified_gmt":"2024-04-22T14:14:00","slug":"especialista-explica-como-substituir-o-uso-de-dentaduras","status":"publish","type":"post","link":"https:\/\/bluestudio.estadao.com.br\/agencia-de-comunicacao\/releases\/releases-geral\/especialista-explica-como-substituir-o-uso-de-dentaduras\/","title":{"rendered":"Especialista explica como substituir o uso de dentaduras"},"content":{"rendered":"<p><b>DINO DIVULGADOR DE NOT\u00cdCIAS<\/b><\/p>\n<p>Belo Horizonte (MG)&#8211;(<a target='_blank' href='http:\/\/www.dino.com.br' rel=\"noopener\">DINO<\/a> &#8211; 22 abr, 2024) &#8211;<br \/>\nConviver com a falta parcial ou integral dos dentes \u00e9 certamente um pesadelo. Ao menos \u00e9 o que indica o estudo Percep\u00e7\u00f5es Latino-americanas sobre Perda de Dentes e Autoconfian\u00e7a, feito pela Edelman Insights e publicado pela Ag\u00eancia Brasil. Combatendo essa frustra\u00e7\u00e3o, no passado, uma t\u00e9cnica massiva foi o uso da dentadura.<\/p>\n<p>Todavia, em 2024, os recursos evolu\u00edram bastante e existem novas tecnologias que suprem melhor toda a demanda. Ao menos \u00e9 o que orienta o <a rel=\"follow noopener\" target='_blank' href='https:\/\/www.instagram.com\/drpaulocoelhoandrade\/' data-mce-target='_blank'>cirurgi\u00e3o-dentista Paulo Coelho Andrade<\/a>, mestre e especialista em implantodontia que atua h\u00e1 quase 35 anos e j\u00e1 executou mais de 70 mil implantes e facetas.<\/p>\n<p>&#8216;Dentadura \u00e9 coisa do passado. Hoje em dia temos t\u00e9cnicas de implantodontia que s\u00e3o extremamente mais eficazes e saud\u00e1veis quando h\u00e1 a necessidade de substituir um dente. Os implantes Zigom\u00e1ticos s\u00e3o os implantes mais modernos que existem, pois eles evitam o uso de enxertos \u00f3sseos aut\u00f3genos, podendo entregar o trabalho em torno de 5 a 7 dias. Devemos estudar melhor cada caso e apresentar ao paciente um recurso muito mais moderno e confort\u00e1vel&#8217;, diagnostica.<\/p>\n<p>Al\u00edvio para mais de 16 milh\u00f5es de brasileiros que vivem sem nenhum dente, ainda conforme a pesquisa da Edelma Insights. O mesmo estudo tamb\u00e9m destacou que a perda de dentes \u00e9 o segundo fator que mais prejudica a qualidade de vida de pessoas entre 45 e 70 anos, e que, ainda, 41,5% das pessoas com mais de 60 anos j\u00e1 perderam toda denti\u00e7\u00e3o.<\/p>\n<p>&#8216;A m\u00e1 qualidade da arcada dent\u00e1ria, ou at\u00e9 mesmo sua aus\u00eancia, \u00e9 um fator que prejudica muito a qualidade de vida de uma pessoa. Isso sem falar de quest\u00f5es ligadas \u00e0 autoestima e ao bem-estar. Percebo isso n\u00e3o somente pelo estudo de casos, mas tamb\u00e9m pelos depoimentos de pacientes que atendo corriqueiramente. Al\u00e9m de n\u00e3o poder mastigar, n\u00e3o poder sorrir mexe com o emocional das pessoas. Logo, a revitaliza\u00e7\u00e3o do sorriso \u00e9 algo necess\u00e1rio para uma melhor qualidade de vida&#8217;, justifica doutor Paulo Coelho Andrade.<\/p>\n<p>Ainda que o problema tenha solu\u00e7\u00e3o, o cirurgi\u00e3o-dentista ainda orienta que o ideal mesmo \u00e9 manter a higiene oral em dia e cuidar bastante dos dentes para evitar problemas na vida adulta. &#8216;O melhor rem\u00e9dio \u00e9 a preven\u00e7\u00e3o. Se voc\u00ea foi educado para cuidar bem dos dentes, certamente ir\u00e1 evitar problemas no futuro. Logo, fica a recomenda\u00e7\u00e3o para a manuten\u00e7\u00e3o adequada da sa\u00fade oral e, claro, para n\u00e3o deixarem o dentista para apenas momentos de complica\u00e7\u00e3o. A frequ\u00eancia regular no consult\u00f3rio pode salvar o sorriso&#8217;, finaliza.<\/p>\n<p>Website: <a target='_blank' href='https:\/\/www.implantodontia-mg.com.br\/' rel=\"follow noopener\">https:\/\/www.implantodontia-mg.com.br\/<\/a><img src='https:\/\/api.dino.com.br\/v2\/news\/tr\/300551' alt='' style='border:0px;width:1px;height:1px' \/><br \/>\nA <b>OESP<\/b> n\u00e3o \u00e9(s\u00e3o) respons\u00e1vel(is) por erros, incorre\u00e7\u00f5es, atrasos ou quaisquer decis\u00f5es tomadas por seus clientes com base nos Conte\u00fados ora disponibilizados, bem como tais Conte\u00fados n\u00e3o representam a opini\u00e3o da <b>OESP<\/b> e s\u00e3o de inteira responsabilidade da <b>Dino Divulgador de Noticias Online Ltda<\/b><\/p>\n","protected":false},"excerpt":{"rendered":"Belo Horizonte (MG)&#8211;(DINO &#8211; 22 abr, 2024) &#8211;\nConviver com a falta parcial ou integral dos dentes \u00e9 certamente um pesadelo. Ao menos \u00e9 o que indica o estudo Percep\u00e7\u00f5es Latino-ameri","protected":false},"author":1,"featured_media":0,"comment_status":"open","ping_status":"closed","sticky":false,"template":"","format":"standard","meta":{"_acf_changed":false,"inline_featured_image":false,"_monsterinsights_skip_tracking":false,"_monsterinsights_sitenote_active":false,"_monsterinsights_sitenote_note":"","_monsterinsights_sitenote_category":0,"footnotes":""},"categories":[34],"tags":[],"class_list":["post-92733","post","type-post","status-publish","format-standard","hentry","category-releases-geral"],"acf":[],"_links":{"self":[{"href":"https:\/\/bluestudio.estadao.com.br\/agencia-de-comunicacao\/wp-json\/wp\/v2\/posts\/92733","targetHints":{"allow":["GET"]}}],"collection":[{"href":"https:\/\/bluestudio.estadao.com.br\/agencia-de-comunicacao\/wp-json\/wp\/v2\/posts"}],"about":[{"href":"https:\/\/bluestudio.estadao.com.br\/agencia-de-comunicacao\/wp-json\/wp\/v2\/types\/post"}],"author":[{"embeddable":true,"href":"https:\/\/bluestudio.estadao.com.br\/agencia-de-comunicacao\/wp-json\/wp\/v2\/users\/1"}],"replies":[{"embeddable":true,"href":"https:\/\/bluestudio.estadao.com.br\/agencia-de-comunicacao\/wp-json\/wp\/v2\/comments?post=92733"}],"version-history":[{"count":0,"href":"https:\/\/bluestudio.estadao.com.br\/agencia-de-comunicacao\/wp-json\/wp\/v2\/posts\/92733\/revisions"}],"wp:attachment":[{"href":"https:\/\/bluestudio.estadao.com.br\/agencia-de-comunicacao\/wp-json\/wp\/v2\/media?parent=92733"}],"wp:term":[{"taxonomy":"category","embeddable":true,"href":"https:\/\/bluestudio.estadao.com.br\/agencia-de-comunicacao\/wp-json\/wp\/v2\/categories?post=92733"},{"taxonomy":"post_tag","embeddable":true,"href":"https:\/\/bluestudio.estadao.com.br\/agencia-de-comunicacao\/wp-json\/wp\/v2\/tags?post=92733"}],"curies":[{"name":"wp","href":"https:\/\/api.w.org\/{rel}","templated":true}]}}