{"id":92353,"date":"2024-04-15T17:47:00","date_gmt":"2024-04-15T20:47:00","guid":{"rendered":"https:\/\/bluestudio.estadao.com.br\/agencia-de-comunicacao\/releases\/releases-geral\/imoveis-com-vistas-naturais-atraem-mais-os-estrangeiros\/"},"modified":"2024-04-15T17:47:00","modified_gmt":"2024-04-15T20:47:00","slug":"imoveis-com-vistas-naturais-atraem-mais-os-estrangeiros","status":"publish","type":"post","link":"https:\/\/bluestudio.estadao.com.br\/agencia-de-comunicacao\/releases\/releases-geral\/imoveis-com-vistas-naturais-atraem-mais-os-estrangeiros\/","title":{"rendered":"Im\u00f3veis com vistas naturais atraem mais os estrangeiros"},"content":{"rendered":"<p><b>DINO DIVULGADOR DE NOT\u00cdCIAS<\/b><\/p>\n<p>Rio de Janeiro&#8211;(<a target='_blank' href='http:\/\/www.dino.com.br' rel=\"noopener\">DINO<\/a> &#8211; 15 abr, 2024) &#8211;<br \/>\nEleita como principal destino tur&iacute;stico do Brasil pelo pr&ecirc;mio &#8216;O Melhor do Turismo&#8217; e entre as tr&ecirc;s paisagens mais belas do mundo, a cidade do Rio de Janeiro &eacute; a menina dos olhos do mercado imobili&aacute;rio. Com potencial para uso residencial e de lazer, a cidade vem recebendo empreendimentos de alto padr&atilde;o em locais valorizados gra&ccedil;as &agrave; vista para o mar, Lagoa ou montanhas, para atender um p&uacute;blico exigente. As incorporadoras t&ecirc;m olhado para o potencial de venda desses im&oacute;veis para compradores de fora da cidade e estrangeiros, interessados em investir no estilo de vida carioca.<\/p>\n<p><a rel=\"follow noopener\" target='_blank' href='https:\/\/www.cnnbrasil.com.br\/economia\/estrangeiros-aquecem-mercado-imobiliario-de-luxo-no-rio-de-janeiro-veja-fotos\/'>Procura de im&oacute;veis no Rio por investidores estrangeiros subiu 35%, inclusive, de acordo com pesquisa da WhereInRio<\/a>. Por isso, o mercado tem respondido com produtos de alto padr&atilde;o e estrat&eacute;gias de lan&ccedil;amento cada vez mais pensados nesse perfil de consumidor.<\/p>\n<p><strong>Pronto pra morar: empreendimento de frente pra Lagoa tem varanda ampla e vista indevass&aacute;vel<\/strong><\/p>\n<p>Celebrando 21 anos de incorpora&ccedil;&atilde;o, a TAO Empreendimentos finca posi&ccedil;&atilde;o no alto padr&atilde;o da Zona Sul do Rio de Janeiro e atinge R$ 600 milh&otilde;es de VGV nos &uacute;ltimos 10 anos com um destaque para o mercado em 2024.&nbsp;A marca prepara o lan&ccedil;amento do Epit&aacute;cio, com apenas seis unidades e vista para a Lagoa Rodrigo de Freitas. A estrat&eacute;gia de apresenta&ccedil;&atilde;o desse residencial &eacute; diferente. Vai lan&ccedil;ar com o empreendimento pronto.<\/p>\n<p>&ldquo;A vista da Lagoa &eacute; impactante, e num im&oacute;vel com varandas envidra&ccedil;adas, nos fazer sentir como se estiv&eacute;ssemos com a natureza dentro da nossa casa. Decidimos colocar &agrave; venda apenas depois de constru&iacute;do, para que os futuros moradores pudessem sentir de perto a ess&ecirc;ncia dessa experi&ecirc;ncia.&nbsp; Para eles perceberem o valor que h&aacute; nessa viv&ecirc;ncia, que nos traz um conforto e bem-estar muito maior do que o ocorria nas constru&ccedil;&otilde;es mais antigas, sem varandas ou com o espa&ccedil;o muito pequeno. Hoje, integramos salas e varandas por portas de vidro e temos uma transforma&ccedil;&atilde;o, com ilumina&ccedil;&atilde;o e ventila&ccedil;&atilde;o natural ou artificial, se usando tamb&eacute;m cortinas de vidro nas varandas&rdquo;, destaca a CEO da TAO Empreendimentos, Tanit Galdeano.<\/p>\n<p>Esse projeto leva a assinatura da Cit&eacute; Arquitetura e recebeu o pr&ecirc;mio Ademi como Destaque do Ano. As unidades t&ecirc;m at&eacute; 200m&sup2; (um im&oacute;vel por andar, todos com vista) e o produto de alto padr&atilde;o ser&aacute; lan&ccedil;ado para o mercado investidor de todo Brasil com VGV de R$ 30 milh&otilde;es. Fica pronto j&aacute; no final de 2024.&nbsp;<\/p>\n<p>A Cit&eacute;, ali&aacute;s, assina tamb&eacute;m o HUM, cujas siglas significam hist&oacute;rico, &uacute;nico e moderno. Empreendimento no Humait&aacute; que a TAO lan&ccedil;a neste semestre ter&aacute; pista de corrida no rooftop com vista para o Cristo Redentor. Al&eacute;m disso, o residencial de R$ 130 milh&otilde;es de VGV ter&aacute; como diferencial na &aacute;rea comum o casar&atilde;o tombado onde funcionava o Col&eacute;gio Padre Antonio Vieira. Ele ser&aacute; totalmente restaurado.<\/p>\n<p><strong>Visi, da Soter tem unidades com vista para o Cristo Redentor e o Morro do P&atilde;o de A&ccedil;&uacute;car<\/strong><\/p>\n<p>A Soter Engenharia &ndash; tradicional incorporadora de Niter&oacute;i &#8211; estreou no mercado carioca investindo num terreno cujas unidades t&ecirc;m vista para o Cristo Redentor e o Morro do P&atilde;o de A&ccedil;&uacute;car, com localiza&ccedil;&atilde;o no alto Botafogo, onde lan&ccedil;ou o Visi. No rooftop, a vista se une &agrave;s op&ccedil;&otilde;es de lazer como piscina, deck, lounge, brinquedoteca e playground.<\/p>\n<p>&ldquo;&Eacute; um empreendimento pensado para quem deseja apreciar a vista e vida ao mesmo tempo, algo raro ainda na Zona Sul do Rio de Janeiro&rdquo;, destaca Julio Kezem, vice-presidente da Soter.&nbsp; &ldquo;O terreno surgiu como uma oportunidade. Come&ccedil;amos em Niter&oacute;i e estamos prontos para expandir, levando os nossos valores, acabamento e qualidade construtiva para outras cidades&rdquo;, comenta Kezem. O condom&iacute;nio ter&aacute; lazer com vista panor&acirc;mica e tamb&eacute;m conta com itens de sustentabilidade, seguran&ccedil;a e tecnologia, como previs&atilde;o de tomada para carro el&eacute;trico e espa&ccedil;o delivery (com refrigerador e c&acirc;mera de seguran&ccedil;a).<\/p>\n<p><strong>Quem quer tranquilidade e ampla vista verde no Rio de Janeiro, pode optar por condom&iacute;nios de luxo na Regi&atilde;o das Vargens<\/strong><\/p>\n<p><a rel=\"follow noopener\" target='_blank' href='https:\/\/www.google.com\/url?sa=t&amp;source=web&amp;rct=j&amp;opi=89978449&amp;url=https:\/\/imoveis.estadao.com.br\/compra\/mercado-de-loteamentos-preve-alta-puxada-por-novos-estilos-de-vida-e-baixa-de-custos-no-pos-pandemia\/amp\/&amp;ved=2ahUKEwjfm8yh17yFAxUnqJUCHUr1BssQyM8BKAB6BAgNEAI&amp;usg=AOvVaw2cPfKszJDoeA9fxxSp52Yk'>Estudo recente da Brain Intelig&ecirc;ncia<\/a> mostrou que loteamento imobili&aacute;rio se torna uma nova op&ccedil;&atilde;o de moradia e tamb&eacute;m de investimento. Com os espa&ccedil;os cada vez mais escassos nas grandes cidades, quem deseja mais tranquilidade de vida ou procura uma op&ccedil;&atilde;o de investimento em ativos imobili&aacute;rios tem apostado em outras regi&otilde;es. O Estudo &#8216;Term&ocirc;metro do Mercado Imobili&aacute;rio&#8217; mostra que o mercado tem visto os loteamentos como uma das melhores oportunidades (43%), passando o segmento de escrit&oacute;rios, shoppings e de galp&otilde;es.&nbsp;<\/p>\n<p>A&nbsp;Loteadora Origem&nbsp;entendeu esse movimento e j&aacute; contabiliza que 46% do p&uacute;blico interessado em comprar o seu primeiro condom&iacute;nio, o&nbsp;Origem&nbsp;Ciclo, em Vargem Pequena (RJ), s&atilde;o investidores. Praticamente metade dos interessados no empreendimento tem como objetivo a valoriza&ccedil;&atilde;o da &aacute;rea para venda futura.&nbsp;<\/p>\n<p>&ldquo;Buscamos entregar, al&eacute;m de uma estrutura confort&aacute;vel, uma experi&ecirc;ncia do morar para o cliente final. Usamos a l&oacute;gica dos condom&iacute;nios verticais modernos, com muitas &aacute;reas de lazer e conviv&ecirc;ncia, para um projeto horizontal. Em um condom&iacute;nio de casas, o conforto ser&aacute; at&eacute; maior do que aquele de condom&iacute;nios de pr&eacute;dios. Entendemos o potencial deste mercado de loteamento como op&ccedil;&atilde;o de primeira ou segunda moradia&rdquo;, explica Henrique Blecher, empres&aacute;rio, s&oacute;cio-fundador da Origem.<\/p>\n<p>O lan&ccedil;amento Origem Ciclo, localizado em Vargem Pequena, no Rio de Janeiro, tem 194 &aacute;reas privativas em terreno de 64 mil m&sup2;, das quais cerca de 7 mil m&sup2; s&atilde;o de &aacute;rea de lazer. A nova marca foca na cria&ccedil;&atilde;o de loteamentos urbanos com arquitetura, paisagismo, infraestrutura de lazer, bem-estar e seguran&ccedil;a de alto padr&atilde;o. Para o primeiro empreendimento, j&aacute; com aproximadamente 45% dos lotes vendidos, em um terreno de 64 mil m&sup2; e Valor Geral de Vendas (VGV) em torno de R? 100 milh&otilde;es, a Origem trouxe a assinatura de Duda Porto, nos projetos arquitet&ocirc;nicos, e Marcos S&aacute;, no paisagismo.<\/p>\n<p>Website: <a target='_blank' href='https:\/\/www.taoempreendimentos.com.br' rel=\"follow noopener\">https:\/\/www.taoempreendimentos.com.br<\/a><img src='https:\/\/api.dino.com.br\/v2\/news\/tr\/302280' alt='' style='border:0px;width:1px;height:1px' \/><br \/>\nA <b>OESP<\/b> n\u00e3o \u00e9(s\u00e3o) respons\u00e1vel(is) por erros, incorre\u00e7\u00f5es, atrasos ou quaisquer decis\u00f5es tomadas por seus clientes com base nos Conte\u00fados ora disponibilizados, bem como tais Conte\u00fados n\u00e3o representam a opini\u00e3o da <b>OESP<\/b> e s\u00e3o de inteira responsabilidade da <b>Dino Divulgador de Noticias Online Ltda<\/b><\/p>\n","protected":false},"excerpt":{"rendered":"Rio de Janeiro&#8211;(DINO &#8211; 15 abr, 2024) &#8211;\nEleita como principal destino tur&iacute;stico do Brasil pelo pr&ecirc;mio &#8216;O Melhor do Turismo&#8217; e entre as tr&ecirc;s paisagens mais belas","protected":false},"author":1,"featured_media":0,"comment_status":"open","ping_status":"closed","sticky":false,"template":"","format":"standard","meta":{"_acf_changed":false,"inline_featured_image":false,"_monsterinsights_skip_tracking":false,"_monsterinsights_sitenote_active":false,"_monsterinsights_sitenote_note":"","_monsterinsights_sitenote_category":0,"footnotes":""},"categories":[34],"tags":[],"class_list":["post-92353","post","type-post","status-publish","format-standard","hentry","category-releases-geral"],"acf":[],"_links":{"self":[{"href":"https:\/\/bluestudio.estadao.com.br\/agencia-de-comunicacao\/wp-json\/wp\/v2\/posts\/92353","targetHints":{"allow":["GET"]}}],"collection":[{"href":"https:\/\/bluestudio.estadao.com.br\/agencia-de-comunicacao\/wp-json\/wp\/v2\/posts"}],"about":[{"href":"https:\/\/bluestudio.estadao.com.br\/agencia-de-comunicacao\/wp-json\/wp\/v2\/types\/post"}],"author":[{"embeddable":true,"href":"https:\/\/bluestudio.estadao.com.br\/agencia-de-comunicacao\/wp-json\/wp\/v2\/users\/1"}],"replies":[{"embeddable":true,"href":"https:\/\/bluestudio.estadao.com.br\/agencia-de-comunicacao\/wp-json\/wp\/v2\/comments?post=92353"}],"version-history":[{"count":0,"href":"https:\/\/bluestudio.estadao.com.br\/agencia-de-comunicacao\/wp-json\/wp\/v2\/posts\/92353\/revisions"}],"wp:attachment":[{"href":"https:\/\/bluestudio.estadao.com.br\/agencia-de-comunicacao\/wp-json\/wp\/v2\/media?parent=92353"}],"wp:term":[{"taxonomy":"category","embeddable":true,"href":"https:\/\/bluestudio.estadao.com.br\/agencia-de-comunicacao\/wp-json\/wp\/v2\/categories?post=92353"},{"taxonomy":"post_tag","embeddable":true,"href":"https:\/\/bluestudio.estadao.com.br\/agencia-de-comunicacao\/wp-json\/wp\/v2\/tags?post=92353"}],"curies":[{"name":"wp","href":"https:\/\/api.w.org\/{rel}","templated":true}]}}