{"id":92334,"date":"2024-04-15T16:17:00","date_gmt":"2024-04-15T19:17:00","guid":{"rendered":"https:\/\/bluestudio.estadao.com.br\/agencia-de-comunicacao\/releases\/releases-geral\/elas-sao-feras-conta-historias-de-brasileiras-pioneiras\/"},"modified":"2024-04-15T16:17:00","modified_gmt":"2024-04-15T19:17:00","slug":"elas-sao-feras-conta-historias-de-brasileiras-pioneiras","status":"publish","type":"post","link":"https:\/\/bluestudio.estadao.com.br\/agencia-de-comunicacao\/releases\/releases-geral\/elas-sao-feras-conta-historias-de-brasileiras-pioneiras\/","title":{"rendered":"Elas S\u00e3o Feras conta hist\u00f3rias de brasileiras pioneiras"},"content":{"rendered":"<p><b>DINO DIVULGADOR DE NOT\u00cdCIAS<\/b><\/p>\n<p>S\u00e3o Paulo, SP &#8211; &#8211;(<a target='_blank' href='http:\/\/www.dino.com.br' rel=\"noopener\">DINO<\/a> &#8211; 15 abr, 2024) &#8211;<br \/>\nO podcast &#8216;Elas S&atilde;o Feras&rdquo;, que busca desafiar estere&oacute;tipos ao destacar hist&oacute;rias de vida de brasileiras pioneiras, foi lan&ccedil;ado no dia 1&ordm; de abril. Idealizado pelo grupo de pesquisa e produ&ccedil;&atilde;o teatral Companhia Delas, o projeto sem fins lucrativos tem como p&uacute;blico-alvo crian&ccedil;as e jovens de 7 a 12 anos e contar&aacute; as trajet&oacute;rias da engenheira Enedina Alves Marques, da bot&acirc;nica Graziela Maciel Barroso, da psiquiatra Nise da Silveira e da m&eacute;dica sanitarista Zilda Arns. <\/p>\n<p>Cada um dos quatro epis&oacute;dios, com aproximadamente 15 minutos de dura&ccedil;&atilde;o, mergulha na vida e obra de uma mulher not&aacute;vel, e ser&aacute; apresentado por Valentina Sanchez, uma menina de 11 anos, trazendo ainda mais conex&atilde;o com o p&uacute;blico infanto-juvenil. As atrizes Aline Marta, Bianca Machado, Fl&aacute;via Imirene e Vanise Carneiro, foram convidadas para viver as protagonistas de cada epis&oacute;dio. Suas vozes representam as regi&otilde;es, idades e particularidades das mulheres retratadas. O projeto conta, ainda, com a presen&ccedil;a de outros nove atores de diversas faixas et&aacute;rias e de Gabi Nyarai, rapper, poeta e free stylera paulistana, que canta uma faixa em homenagem a cada uma das personagens t&iacute;tulo ao final de cada epis&oacute;dio. <\/p>\n<p>Para ampliar o alcance do projeto e conectar arte, cultura e educa&ccedil;&atilde;o, foram estabelecidas parcerias estrat&eacute;gicas com a Coordenadoria Pedag&oacute;gica (COPED) da Secretaria Municipal de Educa&ccedil;&atilde;o de S&atilde;o Paulo; a Coordena&ccedil;&atilde;o do Sistema Municipal de Bibliotecas da Cidade de S&atilde;o Paulo; e o coletivo paulistano Baderna Liter&aacute;ria. <\/p>\n<p>A COPED levar&aacute; o projeto a 100 grupos da Academia Estudantil de Letras (AEL), fornecendo materiais de divulga&ccedil;&atilde;o e intermediando encontros da Companhia Delas com educadores para discutir formas de incorporar o conte&uacute;do nas salas de aula. O Coletivo paulistano Baderna Liter&aacute;ria, em parceria com os &#8216;Poetas Ambulantes&#8217;, estacionar&aacute; sua kombi em quatro equipamentos culturais, veiculando os epis&oacute;dios do podcast nos alto-falantes e distribuindo adesivos para os frequentadores desses espa&ccedil;os.<\/p>\n<p>Al&eacute;m disso, por meio da parceria com a Central de Bibliotecas Municipais, o projeto ser&aacute; divulgado em mais de 50 bibliotecas espalhadas pela cidade de S&atilde;o Paulo, com cartazes contendo arte e QRCode direcionando para o podcast.<\/p>\n<p>&ldquo;Elas s&atilde;o Feras&rdquo; visa democratizar o acesso ao conhecimento, especialmente nas periferias, conectando o conte&uacute;do com a educa&ccedil;&atilde;o. &ldquo;Com um aspecto educacional significativo, queremos que o podcast possa ser utilizado tamb&eacute;m em salas de aula, instigando o trabalho dos educadores e ampliando o di&aacute;logo entre arte, cultura e educa&ccedil;&atilde;o&rdquo;, compartilha Tha&iacute;s Medeiros, diretora do projeto, que tem patroc&iacute;nio da GAMARO via lei de incentivo do Programa Municipal de Apoio a Projetos Culturais (PROMAC).<\/p>\n<p>As &#8216;Feras&#8217; desta temporada, que estreou no Spotify e Youtube da Companhia Delas, s&atilde;o:&nbsp;<\/p>\n<p><strong>Enedina Alves Marques<\/strong> (1913-1981) &#8211; foi uma professora e engenheira brasileira. Formou-se em Engenharia Civil em 1945 pela Universidade Federal do Paran&aacute;, entrando para a hist&oacute;ria <a rel=\"follow noopener\" target='_blank' href='https:\/\/unifei.edu.br\/personalidades-do-muro\/extensao\/enedina-alves\/#:~:text=Formou%2Dse%20em%20Engenharia%20Civil,primeira%20engenheira%20negra%20do%20Brasil.'>como a primeira mulher a se formar em engenharia no estado e a primeira engenheira negra do Brasil<\/a>.<\/p>\n<p><strong>Graziela Maciel Barroso<\/strong> (1912-2003) &#8211; foi uma naturalista e bot&acirc;nica brasileira. Conhecida como a <a rel=\"follow noopener\" target='_blank' href='https:\/\/www.parquecientec.usp.br\/saiba-mais\/graziela-maciel-barroso'>Primeira Dama da Bot&acirc;nica no Brasil, foi a maior taxonomista de plantas do pa&iacute;s<\/a>.<\/p>\n<p><strong>Nise da Silveira<\/strong> (1905-1999) &#8211; foi uma m&eacute;dica psiquiatra brasileira. <a rel=\"follow noopener\" target='_blank' href='http:\/\/www.ccms.saude.gov.br\/nisedasilveira\/uma-psiquiatra-rebelde.php'>Reconhecida mundialmente por sua contribui&ccedil;&atilde;o &agrave; psiquiatria, foi aluna de Carl Jung e revolucionou o tratamento mental no Brasil<\/a>.&nbsp;<\/p>\n<p><strong>Zilda Arns<\/strong> (1934-2010) &#8211; foi uma m&eacute;dica, pediatra e sanitarista brasileira. Irm&atilde; de Dom Paulo Evaristo Arns, <a rel=\"follow noopener\" target='_blank' href='http:\/\/www.ccs.saude.gov.br\/cns\/zilda-arns.php'>foi tamb&eacute;m fundadora e coordenadora internacional da Pastoral da Crian&ccedil;a e da Pastoral da Pessoa Idosa<\/a>, organismos de a&ccedil;&atilde;o social da Confer&ecirc;ncia Nacional dos Bispos do Brasil.<br \/>&nbsp;<\/p>\n<p>A Companhia Delas, formada por cinco atrizes e atuante desde 2001, tem como miss&atilde;o unir <strong>Cultura, Educa&ccedil;&atilde;o e incr&iacute;veis hist&oacute;rias de vida<\/strong>, oferecendo uma alternativa envolvente de entretenimento e inspirando a pr&oacute;xima gera&ccedil;&atilde;o com novos modelos femininos.<\/p>\n<p><strong>Ficha t&eacute;cnica &#8211; Podcast &ldquo;Elas S&atilde;o Feras!&rdquo;<\/strong><\/p>\n<p>Apresenta: Gamaro<\/p>\n<p>Produ&ccedil;&atilde;o: Companhia Delas e Segunda Casa Produ&ccedil;&otilde;es Art&iacute;sticas<\/p>\n<p>Realiza&ccedil;&atilde;o: Secretaria Municipal de Cultura de S&atilde;o Paulo e Promac.<\/p>\n<p>Vozes: Valentina Sanchez, F&aacute;bio Esp&oacute;sito, Aline Marta, Bianca Machado, Fl&aacute;via Imirene, Vanise Carneiro, Beatriz Bastos, Ernani Sanchez, J&eacute;ssica Lamana, Joaquim Balieiro, Julia Ianina, Mariana Melga&ccedil;o, Paula Weinfeld e Rhena de Faria.<\/p>\n<p>Vozes na can&ccedil;&atilde;o Elas s&atilde;o Feras: Gabi Nyarai, Valentina Sanchez, Beatriz Bastos, Joaquim Balieiro e Bento Balieiro<\/p>\n<p>Dire&ccedil;&atilde;o Geral: Tha&iacute;s Medeiros<\/p>\n<p>Roteiro e pesquisa: Fernanda Castello Branco e Julia Ianina<\/p>\n<p>Produ&ccedil;&atilde;o musical:&nbsp; Morel&nbsp;<\/p>\n<p>Com trilha sonora original, sound design, edi&ccedil;&atilde;o de som e mixagem: Arthur Decloedt e Charles Tixier<\/p>\n<p>Assessoria em M&iacute;dias Sociais: Oh! Servi&ccedil;os Criativos&nbsp;<\/p>\n<p>Promo&ccedil;&atilde;o: Coletivo Baderna Liter&aacute;ria<\/p>\n<p>Produ&ccedil;&atilde;o Executiva: Cec&iacute;lia Magalh&atilde;es<\/p>\n<p>Assistentes de produ&ccedil;&atilde;o: Fernanda Castello Branco e Paula Weinfeld<\/p>\n<p>Administra&ccedil;&atilde;o: Segunda Casa Produ&ccedil;&otilde;es Art&iacute;sticas e Culturais<\/p>\n<p>Idealiza&ccedil;&atilde;o: Companhia Delas<br \/>&nbsp;<\/p>\n<p><strong>Cia Delas:<\/strong><\/p>\n<p><a rel=\"follow noopener\" target='_blank' href='https:\/\/www.instagram.com\/companhia_delas\/'>Link<\/a>&nbsp;&#8211; Instagram<\/p>\n<p>Website: <a target='_blank' href='https:\/\/www.braincomunicacao.com\/' rel=\"follow noopener\">https:\/\/www.braincomunicacao.com\/<\/a><img src='https:\/\/api.dino.com.br\/v2\/news\/tr\/302603' alt='' style='border:0px;width:1px;height:1px' \/><br \/>\nA <b>OESP<\/b> n\u00e3o \u00e9(s\u00e3o) respons\u00e1vel(is) por erros, incorre\u00e7\u00f5es, atrasos ou quaisquer decis\u00f5es tomadas por seus clientes com base nos Conte\u00fados ora disponibilizados, bem como tais Conte\u00fados n\u00e3o representam a opini\u00e3o da <b>OESP<\/b> e s\u00e3o de inteira responsabilidade da <b>Dino Divulgador de Noticias Online Ltda<\/b><\/p>\n","protected":false},"excerpt":{"rendered":"S\u00e3o Paulo, SP &#8211; &#8211;(DINO &#8211; 15 abr, 2024) &#8211;\nO podcast &#8216;Elas S&atilde;o Feras&rdquo;, que busca desafiar estere&oacute;tipos ao destacar hist&oacute;rias de vida de brasileiras pione","protected":false},"author":1,"featured_media":0,"comment_status":"open","ping_status":"closed","sticky":false,"template":"","format":"standard","meta":{"_acf_changed":false,"inline_featured_image":false,"_monsterinsights_skip_tracking":false,"_monsterinsights_sitenote_active":false,"_monsterinsights_sitenote_note":"","_monsterinsights_sitenote_category":0,"footnotes":""},"categories":[34],"tags":[],"class_list":["post-92334","post","type-post","status-publish","format-standard","hentry","category-releases-geral"],"acf":[],"_links":{"self":[{"href":"https:\/\/bluestudio.estadao.com.br\/agencia-de-comunicacao\/wp-json\/wp\/v2\/posts\/92334","targetHints":{"allow":["GET"]}}],"collection":[{"href":"https:\/\/bluestudio.estadao.com.br\/agencia-de-comunicacao\/wp-json\/wp\/v2\/posts"}],"about":[{"href":"https:\/\/bluestudio.estadao.com.br\/agencia-de-comunicacao\/wp-json\/wp\/v2\/types\/post"}],"author":[{"embeddable":true,"href":"https:\/\/bluestudio.estadao.com.br\/agencia-de-comunicacao\/wp-json\/wp\/v2\/users\/1"}],"replies":[{"embeddable":true,"href":"https:\/\/bluestudio.estadao.com.br\/agencia-de-comunicacao\/wp-json\/wp\/v2\/comments?post=92334"}],"version-history":[{"count":0,"href":"https:\/\/bluestudio.estadao.com.br\/agencia-de-comunicacao\/wp-json\/wp\/v2\/posts\/92334\/revisions"}],"wp:attachment":[{"href":"https:\/\/bluestudio.estadao.com.br\/agencia-de-comunicacao\/wp-json\/wp\/v2\/media?parent=92334"}],"wp:term":[{"taxonomy":"category","embeddable":true,"href":"https:\/\/bluestudio.estadao.com.br\/agencia-de-comunicacao\/wp-json\/wp\/v2\/categories?post=92334"},{"taxonomy":"post_tag","embeddable":true,"href":"https:\/\/bluestudio.estadao.com.br\/agencia-de-comunicacao\/wp-json\/wp\/v2\/tags?post=92334"}],"curies":[{"name":"wp","href":"https:\/\/api.w.org\/{rel}","templated":true}]}}