{"id":92331,"date":"2024-04-15T16:28:00","date_gmt":"2024-04-15T19:28:00","guid":{"rendered":"https:\/\/bluestudio.estadao.com.br\/agencia-de-comunicacao\/releases\/releases-geral\/modelo-de-moradia-preve-acessibilidade-para-idosos-e-pcds\/"},"modified":"2024-04-15T16:28:00","modified_gmt":"2024-04-15T19:28:00","slug":"modelo-de-moradia-preve-acessibilidade-para-idosos-e-pcds","status":"publish","type":"post","link":"https:\/\/bluestudio.estadao.com.br\/agencia-de-comunicacao\/releases\/releases-geral\/modelo-de-moradia-preve-acessibilidade-para-idosos-e-pcds\/","title":{"rendered":"Modelo de moradia prev\u00ea acessibilidade para idosos e PCDs"},"content":{"rendered":"<p><b>DINO DIVULGADOR DE NOT\u00cdCIAS<\/b><\/p>\n<p>(<a target='_blank' href='http:\/\/www.dino.com.br' rel=\"noopener\">DINO<\/a> &#8211; 15 abr, 2024) &#8211;<br \/>\nO munic&iacute;pio de Pederneiras, localizado na regi&atilde;o de Bauru (SP), inaugurou a &ldquo;Resid&ecirc;ncia Inclusiva&rdquo; no &uacute;ltimo dia 05 de mar&ccedil;o. A instala&ccedil;&atilde;o tem como objetivo acolher pessoas com defici&ecirc;ncia intelectual e cognitiva em situa&ccedil;&atilde;o de vulnerabilidade social.<\/p>\n<p>O equipamento foi entregue pelo Governo do Estado de S&atilde;o Paulo, por meio da <a rel=\"follow noopener\" target='_blank' href='https:\/\/www.desenvolvimentosocial.sp.gov.br\/governo-de-sp-inaugura-residencia-inclusiva-em-pederneiras\/'>Secretaria Estadual de Desenvolvimento Social<\/a>. O local pode atender at&eacute; 10 residentes e contar&aacute; com o gerenciamento da Apae (Associa&ccedil;&atilde;o de Pais e Amigos dos Excepcionais) de Pederneiras.<\/p>\n<p>Em Caraguatatuba (SP), no litoral paulista, uma iniciativa semelhante completou o seu primeiro ano de inaugura&ccedil;&atilde;o em dezembro de 2023. A &ldquo;Resid&ecirc;ncia Inclusiva para PcDs (Pessoas com Defici&ecirc;ncia) Selma Meyer Fontes&rdquo;, da <a rel=\"follow noopener\" target='_blank' href='https:\/\/www.caraguatatuba.sp.gov.br\/pmc\/2023\/12\/residencia-inclusiva-para-pcd-em-caraguatatuba-completa-um-ano\/'>Prefeitura de Caraguatatuba<\/a>, funciona sob a coordenadoria da Sepedi (Secretaria dos Direitos da Pessoa com Defici&ecirc;ncia), tamb&eacute;m em parceria com a Apae.<\/p>\n<p>O espa&ccedil;o, voltado para atender cidad&atilde;os com necessidades especiais com idade entre 18 e 59 anos sem v&iacute;nculos familiares, foi a primeira institui&ccedil;&atilde;o no Litoral Norte nesse modelo e foi custeada integralmente pela Prefeitura.<\/p>\n<p>Pedro Henrique Barreto Noronha, fundador da empresa NHP Builder Homes com foco na constru&ccedil;&atilde;o de casas na Fl&oacute;rida, explica que, nos Estados Unidos, os im&oacute;veis adaptados para pessoas idosas ou com defici&ecirc;ncia geralmente possuem uma s&eacute;rie de caracter&iacute;sticas projetadas para oferecer acessibilidade e conforto.<\/p>\n<p>Noronha &eacute; especialista em constru&ccedil;&atilde;o de im&oacute;veis comerciais e residenciais no Brasil e nos Estados Unidos, onde atuou na constru&ccedil;&atilde;o e incorpora&ccedil;&atilde;o de im&oacute;veis.<\/p>\n<p>&ldquo;Algumas das principais caracter&iacute;sticas incluem os im&oacute;veis adaptados que, muitas vezes, possuem entradas sem degraus ou rampas suaves para permitir o acesso f&aacute;cil para cadeiras de rodas ou pessoas com dificuldades de locomo&ccedil;&atilde;o&rdquo;, explica. &ldquo;As portas s&atilde;o frequentemente mais largas do que o padr&atilde;o para permitir a passagem de cadeiras de rodas sem dificuldade&rdquo;, complementa.<\/p>\n<p>Ele tamb&eacute;m destaca que, no pa&iacute;s norte-americano, os corredores das casas adaptadas s&atilde;o projetados para serem amplos o suficiente para a circula&ccedil;&atilde;o de cadeiras de rodas ou andadores. Os banheiros, por sua vez, podem ter barras de apoio instaladas ao redor do vaso sanit&aacute;rio e do chuveiro, al&eacute;m de possu&iacute;rem espa&ccedil;o suficiente para a manobra de cadeiras de rodas.<\/p>\n<p>&ldquo;Os im&oacute;veis possuem pisos antiderrapantes para reduzir o risco de quedas, especialmente para pessoas idosas. Interruptores de luz e ma&ccedil;anetas de portas s&atilde;o instalados em alturas acess&iacute;veis para pessoas em cadeiras de rodas ou com mobilidade reduzida&rdquo;, reporta.<\/p>\n<p>Segundo Noronha, &aacute;reas comuns, como salas de estar e cozinhas, s&atilde;o projetadas para facilitar o acesso e a intera&ccedil;&atilde;o para pessoas com diferentes necessidades f&iacute;sicas.<\/p>\n<p>&ldquo;Essas s&atilde;o as principais caracter&iacute;sticas dos im&oacute;veis que constru&iacute;mos adaptados para pessoas idosas ou com defici&ecirc;ncia nos Estados Unidos. Essas adapta&ccedil;&otilde;es visam promover a independ&ecirc;ncia e a qualidade de vida desses indiv&iacute;duos, permitindo que vivam de forma segura e confort&aacute;vel em suas resid&ecirc;ncias&rdquo;, explica.<\/p>\n<p><strong>Movimento &eacute; significativo para cria&ccedil;&atilde;o de comunidades inclusivas<\/strong><\/p>\n<p>Na vis&atilde;o do especialista em constru&ccedil;&atilde;o de im&oacute;veis comerciais e residenciais, o movimento de contemplar pessoas com defici&ecirc;ncia ou aposentadas em im&oacute;veis com as chamadas &ldquo;resid&ecirc;ncias inclusivas&rdquo; no Brasil &eacute; positivo e representa um passo significativo em dire&ccedil;&atilde;o &agrave; cria&ccedil;&atilde;o de comunidades mais inclusivas e acess&iacute;veis.<\/p>\n<p>&ldquo;Nos Estados Unidos, por exemplo, essas resid&ecirc;ncias inclusivas oferecem n&atilde;o apenas acessibilidade f&iacute;sica, como rampas e banheiros adaptados, mas tamb&eacute;m sistemas de automa&ccedil;&atilde;o residencial e um ambiente que promove a inclus&atilde;o social e o apoio m&uacute;tuo entre os residentes&rdquo;, afirma.&nbsp;<\/p>\n<p>No Brasil, o total de habitantes com 65 anos ou mais chegou a 22.169.101 em 2022, cerca de 10,9% da popula&ccedil;&atilde;o, segundo dados do Censo Demogr&aacute;fico 2022, do IBGE (Instituto Brasileiro de Geografia e Estat&iacute;stica), compartilhados pela <a rel=\"follow noopener\" target='_blank' href='https:\/\/www.gov.br\/secom\/pt-br\/assuntos\/noticias\/2023\/10\/censo-2022-numero-de-idosos-na-populacao-do-pais-cresceu-57-4-em-12-anos'>Secretaria de Comunica&ccedil;&atilde;o Social<\/a>. A pesquisa revelou que a popula&ccedil;&atilde;o idosa aumentou 57,4% no per&iacute;odo analisado em rela&ccedil;&atilde;o a 2010, quando o pa&iacute;s somava 14.081.477 idosos, cerca de 7,4% da popula&ccedil;&atilde;o.<\/p>\n<p>A popula&ccedil;&atilde;o brasileira com defici&ecirc;ncia, por sua vez, foi estimada em 18,6 milh&otilde;es de pessoas de 2 anos ou mais em 2022 &#8211; aproximadamente 8,9% da popula&ccedil;&atilde;o dessa faixa et&aacute;ria, conforme indicativos do m&oacute;dulo &ldquo;Pessoas com defici&ecirc;ncia&rdquo;, da Pnad (Pesquisa Nacional por Amostra de Domic&iacute;lios) Cont&iacute;nua 2022, tamb&eacute;m realizada pelo <a rel=\"follow noopener\" target='_blank' href='https:\/\/www.ibge.gov.br\/estatisticas\/sociais\/populacao\/9127-pesquisa-nacional-por-amostra-de-domicilios.html'>IBGE<\/a>.<\/p>\n<p>A <b>OESP<\/b> n\u00e3o \u00e9(s\u00e3o) respons\u00e1vel(is) por erros, incorre\u00e7\u00f5es, atrasos ou quaisquer decis\u00f5es tomadas por seus clientes com base nos Conte\u00fados ora disponibilizados, bem como tais Conte\u00fados n\u00e3o representam a opini\u00e3o da <b>OESP<\/b> e s\u00e3o de inteira responsabilidade da <b>Dino Divulgador de Noticias Online Ltda<\/b><\/p>\n","protected":false},"excerpt":{"rendered":"(DINO &#8211; 15 abr, 2024) &#8211;\nO munic&iacute;pio de Pederneiras, localizado na regi&atilde;o de Bauru (SP), inaugurou a &ldquo;Resid&ecirc;ncia Inclusiva&rdquo; no &uacute;ltimo dia 05","protected":false},"author":1,"featured_media":0,"comment_status":"open","ping_status":"closed","sticky":false,"template":"","format":"standard","meta":{"_acf_changed":false,"inline_featured_image":false,"_monsterinsights_skip_tracking":false,"_monsterinsights_sitenote_active":false,"_monsterinsights_sitenote_note":"","_monsterinsights_sitenote_category":0,"footnotes":""},"categories":[34],"tags":[],"class_list":["post-92331","post","type-post","status-publish","format-standard","hentry","category-releases-geral"],"acf":[],"_links":{"self":[{"href":"https:\/\/bluestudio.estadao.com.br\/agencia-de-comunicacao\/wp-json\/wp\/v2\/posts\/92331","targetHints":{"allow":["GET"]}}],"collection":[{"href":"https:\/\/bluestudio.estadao.com.br\/agencia-de-comunicacao\/wp-json\/wp\/v2\/posts"}],"about":[{"href":"https:\/\/bluestudio.estadao.com.br\/agencia-de-comunicacao\/wp-json\/wp\/v2\/types\/post"}],"author":[{"embeddable":true,"href":"https:\/\/bluestudio.estadao.com.br\/agencia-de-comunicacao\/wp-json\/wp\/v2\/users\/1"}],"replies":[{"embeddable":true,"href":"https:\/\/bluestudio.estadao.com.br\/agencia-de-comunicacao\/wp-json\/wp\/v2\/comments?post=92331"}],"version-history":[{"count":0,"href":"https:\/\/bluestudio.estadao.com.br\/agencia-de-comunicacao\/wp-json\/wp\/v2\/posts\/92331\/revisions"}],"wp:attachment":[{"href":"https:\/\/bluestudio.estadao.com.br\/agencia-de-comunicacao\/wp-json\/wp\/v2\/media?parent=92331"}],"wp:term":[{"taxonomy":"category","embeddable":true,"href":"https:\/\/bluestudio.estadao.com.br\/agencia-de-comunicacao\/wp-json\/wp\/v2\/categories?post=92331"},{"taxonomy":"post_tag","embeddable":true,"href":"https:\/\/bluestudio.estadao.com.br\/agencia-de-comunicacao\/wp-json\/wp\/v2\/tags?post=92331"}],"curies":[{"name":"wp","href":"https:\/\/api.w.org\/{rel}","templated":true}]}}