{"id":92320,"date":"2024-04-15T13:43:00","date_gmt":"2024-04-15T16:43:00","guid":{"rendered":"https:\/\/bluestudio.estadao.com.br\/agencia-de-comunicacao\/prnewswire\/prnewsbrasil\/xinhua-silk-road-festival-de-cultura-folclorica-popular-de-minorias-etnicas-comeca-em-jiangxi-no-leste-da-china\/"},"modified":"2024-04-15T13:43:00","modified_gmt":"2024-04-15T16:43:00","slug":"xinhua-silk-road-festival-de-cultura-folclorica-popular-de-minorias-etnicas-comeca-em-jiangxi-no-leste-da-china","status":"publish","type":"post","link":"https:\/\/bluestudio.estadao.com.br\/agencia-de-comunicacao\/prnewswire\/prnewsbrasil\/xinhua-silk-road-festival-de-cultura-folclorica-popular-de-minorias-etnicas-comeca-em-jiangxi-no-leste-da-china\/","title":{"rendered":"Xinhua Silk Road: festival de cultura folcl\u00f3rica popular de minorias \u00e9tnicas come\u00e7a em Jiangxi, no leste da China"},"content":{"rendered":"<p><b>PR NEWSWIRE<\/b><\/p>\n<div class=\"xn-content\">\n<span class=\"legendSpanClass\"><span class=\"xn-location\">BEIJING<\/span><\/span>, <span class=\"legendSpanClass\">15 de abril de 2024<\/span> \/PRNewswire\/ &#8212; A prov\u00edncia de <span class=\"xn-location\">Jiangxi<\/span>, no leste da <span class=\"xn-location\">China<\/span>, lan\u00e7ou recentemente uma espl\u00eandida variedade de atividades culturais folcl\u00f3ricas, j\u00e1 que um festival de cultura folcl\u00f3rica de minorias \u00e9tnicas foi celebrado com grande fervor.<\/p>\n<p>O vilarejo de Yanglin, localizado no condado de Shanggao, na cidade de Yichun, \u00e9 um belo vilarejo habitado por chineses estrangeiros retornados de v\u00e1rios grupos \u00e9tnicos. Os moradores locais comemoraram o festival de cultura folcl\u00f3rica de minorias \u00e9tnicas com os turistas por meio de atividades folcl\u00f3ricas, como dan\u00e7a com vara de bambu, prepara\u00e7\u00e3o de iguarias especiais e confec\u00e7\u00e3o de artesanato especial.<\/p>\n<div class=\"PRN_ImbeddedAssetReference\" id=\"DivAssetPlaceHolder8954\">\n<a href=\"https:\/\/mma.prnewswire.com\/media\/2386836\/1.html\" target=\"_blank\" rel=\"nofollow noopener\"><img decoding=\"async\" src=\"https:\/\/mma.prnewswire.com\/media\/2386836\/1.jpg\" title=\"Foto tirada em 13 de abril de 2024 mostra que tr\u00eas meninas da vila de Yanglin est\u00e3o dan\u00e7ando em longas varas de bambu. (Foto de Chen Qihai) (PRNewsfoto\/Xinhua Silk Road)\" alt=\"Foto tirada em 13 de abril de 2024 mostra que tr\u00eas meninas da vila de Yanglin est\u00e3o dan\u00e7ando em longas varas de bambu. (Foto de Chen Qihai) (PRNewsfoto\/Xinhua Silk Road)\" \/><\/a><\/p>\n<\/div>\n<p>\u00c9 sabido que a aldeia \u00e9 composta por Yao, Dong, Dai, Zhuang, Jing, Miao e outros grupos \u00e9tnicos. \u00c9 uma das maiores vilas de minorias \u00e9tnicas na regi\u00e3o oeste da prov\u00edncia de <span class=\"xn-location\">Jiangxi<\/span>.<\/p>\n<div class=\"PRN_ImbeddedAssetReference\" id=\"DivAssetPlaceHolder7977\">\n<a href=\"https:\/\/mma.prnewswire.com\/media\/2386837\/2.html\" target=\"_blank\" rel=\"nofollow noopener\"><img decoding=\"async\" src=\"https:\/\/mma.prnewswire.com\/media\/2386837\/2.jpg\" title=\"Foto tirada em 13 de abril de 2024, mostra que um morador do vilarejo de Yanglin est\u00e1 fazendo uma bolsa de perfume chin\u00eas. (Foto de Shi Yu) (PRNewsfoto\/Xinhua Silk Road)\" alt=\"Foto tirada em 13 de abril de 2024, mostra que um morador do vilarejo de Yanglin est\u00e1 fazendo uma bolsa de perfume chin\u00eas. (Foto de Shi Yu) (PRNewsfoto\/Xinhua Silk Road)\" \/><\/a><\/p>\n<\/div>\n<p>Link original: <a href=\"https:\/\/en.imsilkroad.com\/p\/339695.html\" target=\"_blank\" rel=\"nofollow noopener\">https:\/\/en.imsilkroad.com\/p\/339695.html<\/a>\u00a0<\/p>\n<p>Foto &#8211;\u00a0<a href=\"https:\/\/mma.prnewswire.com\/media\/2386836\/1.jpg\" target=\"_blank\" rel=\"nofollow noopener\">https:\/\/mma.prnewswire.com\/media\/2386836\/1.jpg<\/a>\u00a0<br \/>Foto &#8211; <a href=\"https:\/\/mma.prnewswire.com\/media\/2386837\/2.jpg\" target=\"_blank\" rel=\"nofollow noopener\">https:\/\/mma.prnewswire.com\/media\/2386837\/2.jpg<\/a><\/p>\n<div class=\"PRN_ImbeddedAssetReference\" id=\"DivAssetPlaceHolder0\"><\/div>\n<p id=\"PURL\"><img loading=\"lazy\" decoding=\"async\" title=\"Cision\" width=\"12\" height=\"12\" alt=\"Cision\" src=\"https:\/\/c212.net\/c\/img\/favicon.png?sn=PT87536&amp;sd=2024-04-15\" \/> View original content to download multimedia:<a id=\"PRNURL\" rel=\"nofollow noopener\" href=\"https:\/\/www.prnewswire.com\/br\/comunicados-para-a-imprensa\/xinhua-silk-road-festival-de-cultura-folclorica-popular-de-minorias-etnicas-comeca-em-jiangxi-no-leste-da-china-302116966.html\" target=\"_blank\">https:\/\/www.prnewswire.com\/br\/comunicados-para-a-imprensa\/xinhua-silk-road-festival-de-cultura-folclorica-popular-de-minorias-etnicas-comeca-em-jiangxi-no-leste-da-china-302116966.html<\/a><\/p>\n<p>FONTE  Xinhua Silk Road<\/p>\n<\/div>\n<p><img decoding=\"async\" alt=\"\" src=\"https:\/\/rt.prnewswire.com\/rt.gif?NewsItemId=PT87536&amp;Transmission_Id=202404151237PR_NEWS_LATAM____PT87536&amp;DateId=20240415\" style=\"border:0px;width:1px;height:1px\" \/><\/p>\n<p>A <b>OESP<\/b> n\u00e3o \u00e9(s\u00e3o) respons\u00e1vel(is) por erros, incorre\u00e7\u00f5es, atrasos ou quaisquer decis\u00f5es tomadas por seus clientes com base nos Conte\u00fados ora disponibilizados, bem como tais Conte\u00fados n\u00e3o representam a opini\u00e3o da <b>OESP<\/b> e s\u00e3o de inteira responsabilidade da <b>PR Newswire Ltda<\/b><\/p>\n","protected":false},"excerpt":{"rendered":"A prov\u00edncia de Jiangxi, no leste da China, lan\u00e7ou recentemente uma espl\u00eandida variedade de atividades culturais folcl\u00f3ricas, j\u00e1 que um festival de cultura folcl\u00f3rica de minorias \u00e9","protected":false},"author":1,"featured_media":0,"comment_status":"open","ping_status":"closed","sticky":false,"template":"","format":"standard","meta":{"_acf_changed":false,"inline_featured_image":false,"_monsterinsights_skip_tracking":false,"_monsterinsights_sitenote_active":false,"_monsterinsights_sitenote_note":"","_monsterinsights_sitenote_category":0,"footnotes":""},"categories":[28],"tags":[],"class_list":["post-92320","post","type-post","status-publish","format-standard","hentry","category-prnewsbrasil"],"acf":[],"_links":{"self":[{"href":"https:\/\/bluestudio.estadao.com.br\/agencia-de-comunicacao\/wp-json\/wp\/v2\/posts\/92320","targetHints":{"allow":["GET"]}}],"collection":[{"href":"https:\/\/bluestudio.estadao.com.br\/agencia-de-comunicacao\/wp-json\/wp\/v2\/posts"}],"about":[{"href":"https:\/\/bluestudio.estadao.com.br\/agencia-de-comunicacao\/wp-json\/wp\/v2\/types\/post"}],"author":[{"embeddable":true,"href":"https:\/\/bluestudio.estadao.com.br\/agencia-de-comunicacao\/wp-json\/wp\/v2\/users\/1"}],"replies":[{"embeddable":true,"href":"https:\/\/bluestudio.estadao.com.br\/agencia-de-comunicacao\/wp-json\/wp\/v2\/comments?post=92320"}],"version-history":[{"count":0,"href":"https:\/\/bluestudio.estadao.com.br\/agencia-de-comunicacao\/wp-json\/wp\/v2\/posts\/92320\/revisions"}],"wp:attachment":[{"href":"https:\/\/bluestudio.estadao.com.br\/agencia-de-comunicacao\/wp-json\/wp\/v2\/media?parent=92320"}],"wp:term":[{"taxonomy":"category","embeddable":true,"href":"https:\/\/bluestudio.estadao.com.br\/agencia-de-comunicacao\/wp-json\/wp\/v2\/categories?post=92320"},{"taxonomy":"post_tag","embeddable":true,"href":"https:\/\/bluestudio.estadao.com.br\/agencia-de-comunicacao\/wp-json\/wp\/v2\/tags?post=92320"}],"curies":[{"name":"wp","href":"https:\/\/api.w.org\/{rel}","templated":true}]}}