{"id":92183,"date":"2024-04-11T10:02:00","date_gmt":"2024-04-11T13:02:00","guid":{"rendered":"https:\/\/bluestudio.estadao.com.br\/agencia-de-comunicacao\/releases\/releases-geral\/camil-cria-formacao-para-microempreendedores-em-sao-paulo\/"},"modified":"2024-04-11T10:02:00","modified_gmt":"2024-04-11T13:02:00","slug":"camil-cria-formacao-para-microempreendedores-em-sao-paulo","status":"publish","type":"post","link":"https:\/\/bluestudio.estadao.com.br\/agencia-de-comunicacao\/releases\/releases-geral\/camil-cria-formacao-para-microempreendedores-em-sao-paulo\/","title":{"rendered":"Camil cria forma\u00e7\u00e3o para microempreendedores em S\u00e3o Paulo"},"content":{"rendered":"<p><b>DINO DIVULGADOR DE NOT\u00cdCIAS<\/b><\/p>\n<p>S\u00e3o Paulo&#8211;(<a target='_blank' href='http:\/\/www.dino.com.br' rel=\"noopener\">DINO<\/a> &#8211; 11 abr, 2024) &#8211;<br \/>\nA Camil anuncia o lan&ccedil;amento de sua mais recente iniciativa social: a Escola de Neg&oacute;cios Gr&atilde;os da Base Camil. Este programa &eacute; direcionado aos residentes da regi&atilde;o do Campo Limpo, na Zona Sul de S&atilde;o Paulo, com o prop&oacute;sito de fornecer ferramentas essenciais para impulsionar o crescimento de pequenos neg&oacute;cios na &aacute;rea de alimenta&ccedil;&atilde;o.<\/p>\n<p>O programa &eacute; realizado em parceria t&eacute;cnica com o Projeto Arrast&atilde;o, uma organiza&ccedil;&atilde;o sem fins lucrativos com expertise em forma&ccedil;&atilde;o voltada para gastronomia e empreendedorismo na periferia, e consiste em duas turmas com duas aulas semanais. Os participantes t&ecirc;m acesso a conhecimentos em administra&ccedil;&atilde;o, marketing, t&eacute;cnicas culin&aacute;rias e mentorias online individuais, totalizando 140 horas de carga hor&aacute;ria ao longo de mais de quatro meses de forma&ccedil;&atilde;o.<\/p>\n<p>&#8216;O Gr&atilde;os da Base Camil n&atilde;o apenas conscientiza sobre o desperd&iacute;cio, mas tamb&eacute;m oferece conte&uacute;dos fundamentais para a sustentabilidade desses pequenos neg&oacute;cios a longo prazo, promovendo o networking entre os microempreendedores e compartilhando aprendizados valiosos&rdquo;, comenta Fernando Carvalho, gerente de Marketing de Gr&atilde;os da Camil Alimentos.<\/p>\n<p>Esta iniciativa faz parte do compromisso ESG da Camil Alimentos, uma das maiores empresas de alimentos da Am&eacute;rica do Sul, que visa apoiar e promover investimentos sociais nas comunidades ao redor de suas unidades, impactando na redu&ccedil;&atilde;o da fome, do desperd&iacute;cio de alimentos e na educa&ccedil;&atilde;o nutricional. E com a miss&atilde;o de capacitar o maior n&uacute;mero poss&iacute;vel de pequenos e m&eacute;dios empreendedores, a Escola de Neg&oacute;cios Gr&atilde;os da Base Camil tem um plano de expans&atilde;o ambicioso at&eacute; o final de 2024.<\/p>\n<p>Website: <a target='_blank' href='https:\/\/www.camil.com.br\/' rel=\"follow noopener\">https:\/\/www.camil.com.br\/<\/a><img src='https:\/\/api.dino.com.br\/v2\/news\/tr\/303106' alt='' style='border:0px;width:1px;height:1px' \/><br \/>\nA <b>OESP<\/b> n\u00e3o \u00e9(s\u00e3o) respons\u00e1vel(is) por erros, incorre\u00e7\u00f5es, atrasos ou quaisquer decis\u00f5es tomadas por seus clientes com base nos Conte\u00fados ora disponibilizados, bem como tais Conte\u00fados n\u00e3o representam a opini\u00e3o da <b>OESP<\/b> e s\u00e3o de inteira responsabilidade da <b>Dino Divulgador de Noticias Online Ltda<\/b><\/p>\n","protected":false},"excerpt":{"rendered":"S\u00e3o Paulo&#8211;(DINO &#8211; 11 abr, 2024) &#8211;\nA Camil anuncia o lan&ccedil;amento de sua mais recente iniciativa social: a Escola de Neg&oacute;cios Gr&atilde;os da Base Camil. Este programa","protected":false},"author":1,"featured_media":0,"comment_status":"open","ping_status":"closed","sticky":false,"template":"","format":"standard","meta":{"_acf_changed":false,"inline_featured_image":false,"_monsterinsights_skip_tracking":false,"_monsterinsights_sitenote_active":false,"_monsterinsights_sitenote_note":"","_monsterinsights_sitenote_category":0,"footnotes":""},"categories":[34],"tags":[],"class_list":["post-92183","post","type-post","status-publish","format-standard","hentry","category-releases-geral"],"acf":[],"_links":{"self":[{"href":"https:\/\/bluestudio.estadao.com.br\/agencia-de-comunicacao\/wp-json\/wp\/v2\/posts\/92183","targetHints":{"allow":["GET"]}}],"collection":[{"href":"https:\/\/bluestudio.estadao.com.br\/agencia-de-comunicacao\/wp-json\/wp\/v2\/posts"}],"about":[{"href":"https:\/\/bluestudio.estadao.com.br\/agencia-de-comunicacao\/wp-json\/wp\/v2\/types\/post"}],"author":[{"embeddable":true,"href":"https:\/\/bluestudio.estadao.com.br\/agencia-de-comunicacao\/wp-json\/wp\/v2\/users\/1"}],"replies":[{"embeddable":true,"href":"https:\/\/bluestudio.estadao.com.br\/agencia-de-comunicacao\/wp-json\/wp\/v2\/comments?post=92183"}],"version-history":[{"count":0,"href":"https:\/\/bluestudio.estadao.com.br\/agencia-de-comunicacao\/wp-json\/wp\/v2\/posts\/92183\/revisions"}],"wp:attachment":[{"href":"https:\/\/bluestudio.estadao.com.br\/agencia-de-comunicacao\/wp-json\/wp\/v2\/media?parent=92183"}],"wp:term":[{"taxonomy":"category","embeddable":true,"href":"https:\/\/bluestudio.estadao.com.br\/agencia-de-comunicacao\/wp-json\/wp\/v2\/categories?post=92183"},{"taxonomy":"post_tag","embeddable":true,"href":"https:\/\/bluestudio.estadao.com.br\/agencia-de-comunicacao\/wp-json\/wp\/v2\/tags?post=92183"}],"curies":[{"name":"wp","href":"https:\/\/api.w.org\/{rel}","templated":true}]}}