{"id":91978,"date":"2024-04-08T15:33:00","date_gmt":"2024-04-08T18:33:00","guid":{"rendered":"https:\/\/bluestudio.estadao.com.br\/agencia-de-comunicacao\/releases\/releases-geral\/coluna-ceo-da-saude-a-saude-esta-nas-maos-de-todos-nos\/"},"modified":"2024-04-08T15:33:00","modified_gmt":"2024-04-08T18:33:00","slug":"coluna-ceo-da-saude-a-saude-esta-nas-maos-de-todos-nos","status":"publish","type":"post","link":"https:\/\/bluestudio.estadao.com.br\/agencia-de-comunicacao\/releases\/releases-geral\/coluna-ceo-da-saude-a-saude-esta-nas-maos-de-todos-nos\/","title":{"rendered":"Coluna CEO da sa\u00fade: A sa\u00fade est\u00e1 nas m\u00e3os de todos n\u00f3s"},"content":{"rendered":"<p><b><\/b><\/p>\n<p><i>Dr. Victor Piana de Andrade \u00e9 m\u00e9dico patologista e CEO do A.C.Camargo Cancer Center<\/i><\/p>\n<p><b>A SA\u00daDE EST\u00c1 NAS M\u00c3OS DE TODOS N\u00d3S<\/b><\/p>\n<p>Hoje celebramos o Dia Mundial da Sa\u00fade. Atualmente, a data nos remete a uma ambiguidade: falamos muito mais de doen\u00e7a do que de sa\u00fade. Sa\u00fade n\u00e3o se faz s\u00f3 com m\u00e9dicos, rem\u00e9dios e hospitais. Sa\u00fade est\u00e1 nas m\u00e3os de todos e em todos os lugares. Est\u00e1 no saneamento b\u00e1sico, na qualidade do ar e da \u00e1gua, na log\u00edstica da alimenta\u00e7\u00e3o in natura, na pol\u00edtica contra o fumo e os alimentos ultraprocessados, na vacina\u00e7\u00e3o, na transforma\u00e7\u00e3o digital e na coordena\u00e7\u00e3o para colocar o esfor\u00e7o de preven\u00e7\u00e3o muito acima do esfor\u00e7o do tratamento. Sa\u00fade pede o letramento e protagonismo de cada cidad\u00e3o sobre seus h\u00e1bitos e riscos e o convite para ser um agente da pr\u00f3pria transforma\u00e7\u00e3o. <\/p>\n<p>Nossa sociedade est\u00e1 vivendo mais porque resolvemos as doen\u00e7as infecciosas no s\u00e9culo passado. Hoje em dia, o que mais mata s\u00e3o as doen\u00e7as cardiovasculares e o c\u00e2ncer -condi\u00e7\u00f5es associadas a pessoas com mais de 50 anos e aos h\u00e1bitos da vida moderna. O c\u00e2ncer cresce no mundo com previs\u00e3o de 19,3 milh\u00f5es de novos casos e 10 milh\u00f5es de \u00f3bitos at\u00e9 2025. Prevemos, ainda, um aumento de 40% a 60% nos pr\u00f3ximos 20 anos. Os dados s\u00e3o alarmantes e pedem a\u00e7\u00f5es urgentes. <\/p>\n<p>O nosso grande desafio agora \u00e9 de gest\u00e3o. A ci\u00eancia j\u00e1 avan\u00e7ou muito, novas t\u00e9cnicas e terapias surgiram, prolongando a vida dos doentes. Por\u00e9m, a um custo insustent\u00e1vel. Sou m\u00e9dico patologista com 25 anos de dedica\u00e7\u00e3o ao c\u00e2ncer. H\u00e1 8 anos atuo como gestor de sa\u00fade e afirmo: para melhorar a situa\u00e7\u00e3o em rela\u00e7\u00e3o ao c\u00e2ncer no Brasil, falta sair do atual &#8220;EGOsistema&#8221; e formar um ECOsistema com foco no paciente e na sociedade. N\u00e3o h\u00e1 recursos para irrigar a cadeia de desperd\u00edcios atuais. A qualidade, a pertin\u00eancia e o custo precisam ganhar o espa\u00e7o agora ocupado pelo volume de atendimentos. <\/p>\n<p>O governo, as empresas empregadoras, as operadoras, os m\u00e9dicos e demais profissionais da sa\u00fade e at\u00e9 as m\u00eddias sociais devem, de forma coordenada, facilitar o entendimento e incentivar as atitudes preventivas para a sa\u00fade oncol\u00f3gica. O c\u00e2ncer \u00e9 parte da vida dos pacientes, mas s\u00f3 parte e, com acesso ao diagn\u00f3stico precoce e tratamento \u00e1gil e coordenado, nossos cidad\u00e3os continuar\u00e3o produtivos para a sociedade ap\u00f3s o c\u00e2ncer, custando uma fra\u00e7\u00e3o do que custam hoje ao tratarem um caso avan\u00e7ado. <\/p>\n<p>Nestas mais de sete d\u00e9cadas desde a forma\u00e7\u00e3o da Organiza\u00e7\u00e3o Mundial da Sa\u00fade (OMS), criamos medicamentos com a precis\u00e3o molecular, ativamos e desligamos quase qualquer mol\u00e9cula que quisermos, transformamos a vida mesmo daqueles com doen\u00e7a muito avan\u00e7ada. A ci\u00eancia e a ind\u00fastria fi zeram a sua parte, n\u00e3o nos faltam conhecimento nem tecnologia. H\u00e1 tamb\u00e9m conhecimento suficiente para evitar pelo menos 40% dos tumores. Os outros 60% poderiam ser descobertos mais precocemente. Por que, ent\u00e3o, precisamos aguardar o c\u00e2ncer surgir para agir? Por que ficamos t\u00e3o felizes com a descoberta de medicamentos para c\u00e2ncer avan\u00e7ado e pouco se celebra a exist\u00eancia de uma vacina contra o HPV, capaz de acabar com o c\u00e2ncer do colo uterino e diversos outros tumores? <\/p>\n<p>O custo dos medicamentos modernos n\u00e3o deveria ocupar toda a nossa agenda, porque um c\u00e2ncer diagnosticado no in\u00edcio nem precisa deles. Levantamos o custo dos primeiros 12 meses de tratamento, comparando os tumores em est\u00e1gio precoce versus aqueles em est\u00e1gio avan\u00e7ado. Eis os n\u00fameros: o c\u00e2ncer de mama, o de pulm\u00e3o e o colorretal custam entre 470% e 890% mais quando avan\u00e7ados; o melanoma chega a custar 5.400% mais. Em todos os casos, a chance de cura \u00e9 bem menor e o esfor\u00e7o e o sofrimento para se tratar, bem maiores &#8211; mama em est\u00e1gio inicial, sobrevida de 97% e, em est\u00e1gio avan\u00e7ado, 42%. Para pulm\u00e3o, a m\u00e9dia \u00e9 de 80% e cai para 12%, e colorretal, de 90% para 32%. <\/p>\n<p>Os avan\u00e7os cient\u00edficos dos \u00faltimos 30 anos permitiram in\u00fameras novas abordagens. A necessidade de UTI caiu para menos da metade, assim como as interna\u00e7\u00f5es e as transfus\u00f5es de sangue. Em 2023, somente 0,9% dos casos de cirurgia da mama foram para UTI ao sair do centro cir\u00fargico, 0,06% de tireoide e 0% das prostatectomias rob\u00f3ticas. De t\u00e3o pouco invasivas e altamente seguras, j\u00e1 h\u00e1 exemplos de cirurgias com alta no mesmo dia. O tratamento do c\u00e2ncer \u00e9 cada vez menos hospitalar e n\u00e3o vai demorar muito para podermos cuidar do paciente em sua casa. Sa\u00fade oncol\u00f3gica significa prevenir, com cada cidad\u00e3o tomando as r\u00e9deas da sua sa\u00fade e conhecendo seu risco individual para desenvolver c\u00e2ncer. Preven\u00e7\u00e3o de c\u00e2ncer se faz todo dia. Os exames de rastreamento detectam o c\u00e2ncer que j\u00e1 est\u00e1 l\u00e1 e, se realizados na frequ\u00eancia correta para cada indiv\u00edduo, v\u00e3o ajudar a descobrir a tempo de uma solu\u00e7\u00e3o f\u00e1cil e acess\u00edvel.<\/p>\n<p><b>Preven\u00e7\u00e3o: o rem\u00e9dio mais eficaz contra o C\u00e2ncer<\/b><\/p>\n<p><b>Saiba como evitar os principais tipos da doen\u00e7a com um guia preparado pelo A.C.Camargo Cancer Center<\/b><\/p>\n<p>O Instituto Nacional de C\u00e2ncer estima que surgir\u00e3o mais de 704 mil novos casos de c\u00e2ncer no Brasil para cada ano do tri\u00eanio 2023-2025. Esse n\u00famero seria muito menor se a preven\u00e7\u00e3o da doen\u00e7a fosse realizada corretamente, por meio do monitoramento do hist\u00f3rico de c\u00e2ncer familiar<br \/>\ne da exposi\u00e7\u00e3o aos fatores de risco &#8211; alimenta\u00e7\u00e3o, sedentarismo, tabagismo, etilismo e sol em excesso, entre outros. &#8220;Apenas 10% dos pacientes t\u00eam tumores relacionados a quest\u00f5es heredit\u00e1rias; 90% dos casos ocorrem devido \u00e0 exposi\u00e7\u00e3o a algum fator de risco. Por isso, podemos atuar em grande parte de forma preventiva, evitando que os tumores malignos surjam. \u00c9 a chamada preven\u00e7\u00e3o prim\u00e1ria&#8221;, diz o Dr. Thiago Celestino Chulam, l\u00edder do Departamento de Preven\u00e7\u00e3o e Diagn\u00f3stico Precoce do A.C.Camargo.<\/p>\n<p><b>Diagn\u00f3stico precoce<\/b><\/p>\n<p>J\u00e1 a preven\u00e7\u00e3o secund\u00e1ria do c\u00e2ncer \u00e9 baseada nos exames de rastreamento, que identificam a doen\u00e7a em est\u00e1gios iniciais, resultando em maior sobrevida. Veja como se prevenir dos principais tipos tumorais e o impacto, em termos de sobrevida, de diagnostic\u00e1-los na fase inicial.<\/p>\n<p><b>C\u00e2ncer de Mama<\/b><\/p>\n<p>Fatores de risco: obesidade, \u00e1lcool e hist\u00f3rico familiar.<br \/>\nPreven\u00e7\u00e3o: mamografia para mulheres a partir dos 40 anos. <\/p>\n<p><b>TAXAS DE SOBREVIDA* <\/b><\/p>\n<p>Se diagnosticada na fase inicial: 97,4%<br \/>\nSe diagnosticada na fase mais avan\u00e7ada: 41,9%<\/p>\n<p><b>C\u00e2ncer de orofaringe (garganta)<\/b><\/p>\n<p>Fatores de risco: tabagismo, etilismo, sexo oral com n\u00famero elevado de parceiros e HPV.<br \/>\nPreven\u00e7\u00e3o: vacina contra HPV em crian\u00e7as entre 9 e 14 anos.<\/p>\n<p><b>C\u00e2ncer de Pr\u00f3stata<\/b><\/p>\n<p>Fatores de risco: hist\u00f3rico familiar.<br \/>\nPreven\u00e7\u00e3o: PSA e toque retal a partir de 50 anos.<\/p>\n<p><b>TAXAS DE SOBREVIDA* <\/b><br \/>\nFase inicial: 92,3% Fase mais avan\u00e7ada: 56,5%<\/p>\n<p><b>C\u00e2ncer de pulm\u00e3o e t\u00f3rax<\/b><\/p>\n<p>Fator de risco: tabagismo.<br \/>\nPreven\u00e7\u00e3o: tomografias de baixa dose em pessoas de 50 a 80 anos com carga tab\u00e1gica elevada, ex-fumantes e fumantes passivos (que, mesmo n\u00e3o se encaixando em programas de rastreamento nesse tipo de c\u00e2ncer, precisam ser monitorados). <\/p>\n<p><b>TAXAS DE SOBREVIDA* <\/b><\/p>\n<p>Homens Fase inicial: 72,6% Fase mais avan\u00e7ada: 10,4%<br \/>\nMulheres Fase inicial: 84,1% Fase mais avan\u00e7ada: 16,9%<\/p>\n<p><b>C\u00e2ncer de c\u00f3lon e reto<\/b><\/p>\n<p>Fatores de risco: consumo excessivo de alimentos ultraprocessados e carnes vermelhas, sedentarismo, obesidade e hist\u00f3rico familiar.<br \/>\nPreven\u00e7\u00e3o: colonoscopia a partir de 45 anos. <\/p>\n<p><b>TAXAS DE SOBREVIDA*<\/b> <\/p>\n<p>Homens Fase inicial: 88,9% Fase mais avan\u00e7ada: 34,1%<br \/>\nMulheres Fase inicial: 91,5% Fase mais avan\u00e7ada: 31,1%<\/p>\n<p>*Dados baseados no Observat\u00f3rio do C\u00e2ncer do A.C.Camargo Cancer Center, que re\u00fane dados sobre casos de c\u00e2ncer tratados na institui\u00e7\u00e3o entre 2000 e 2020. O \u00edndice de sobrevida \u00e9 a probabilidade de um paciente estar vivo ap\u00f3s cinco anos do diagn\u00f3stico.<\/p>\n","protected":false},"excerpt":{"rendered":"Dr. Victor Piana de Andrade \u00e9 m\u00e9dico patologista e CEO do A.C.Camargo Cancer Center\nA SA\u00daDE EST\u00c1 NAS M\u00c3OS DE TODOS N\u00d3S\nHoje celebramos o Dia Mundial da Sa\u00fade. Atua","protected":false},"author":1,"featured_media":0,"comment_status":"open","ping_status":"closed","sticky":false,"template":"","format":"standard","meta":{"_acf_changed":false,"inline_featured_image":false,"_monsterinsights_skip_tracking":false,"_monsterinsights_sitenote_active":false,"_monsterinsights_sitenote_note":"","_monsterinsights_sitenote_category":0,"footnotes":""},"categories":[34],"tags":[],"class_list":["post-91978","post","type-post","status-publish","format-standard","hentry","category-releases-geral"],"acf":[],"_links":{"self":[{"href":"https:\/\/bluestudio.estadao.com.br\/agencia-de-comunicacao\/wp-json\/wp\/v2\/posts\/91978","targetHints":{"allow":["GET"]}}],"collection":[{"href":"https:\/\/bluestudio.estadao.com.br\/agencia-de-comunicacao\/wp-json\/wp\/v2\/posts"}],"about":[{"href":"https:\/\/bluestudio.estadao.com.br\/agencia-de-comunicacao\/wp-json\/wp\/v2\/types\/post"}],"author":[{"embeddable":true,"href":"https:\/\/bluestudio.estadao.com.br\/agencia-de-comunicacao\/wp-json\/wp\/v2\/users\/1"}],"replies":[{"embeddable":true,"href":"https:\/\/bluestudio.estadao.com.br\/agencia-de-comunicacao\/wp-json\/wp\/v2\/comments?post=91978"}],"version-history":[{"count":0,"href":"https:\/\/bluestudio.estadao.com.br\/agencia-de-comunicacao\/wp-json\/wp\/v2\/posts\/91978\/revisions"}],"wp:attachment":[{"href":"https:\/\/bluestudio.estadao.com.br\/agencia-de-comunicacao\/wp-json\/wp\/v2\/media?parent=91978"}],"wp:term":[{"taxonomy":"category","embeddable":true,"href":"https:\/\/bluestudio.estadao.com.br\/agencia-de-comunicacao\/wp-json\/wp\/v2\/categories?post=91978"},{"taxonomy":"post_tag","embeddable":true,"href":"https:\/\/bluestudio.estadao.com.br\/agencia-de-comunicacao\/wp-json\/wp\/v2\/tags?post=91978"}],"curies":[{"name":"wp","href":"https:\/\/api.w.org\/{rel}","templated":true}]}}