{"id":91923,"date":"2024-04-07T16:42:00","date_gmt":"2024-04-07T19:42:00","guid":{"rendered":"https:\/\/bluestudio.estadao.com.br\/agencia-de-comunicacao\/prnewswire\/prnewsbrasil\/lideres-mundiais-reunem-se-no-ruanda-para-assinalar-o30o-aniversario-do-genocidio-contra-os-tutsi\/"},"modified":"2024-04-07T16:42:00","modified_gmt":"2024-04-07T19:42:00","slug":"lideres-mundiais-reunem-se-no-ruanda-para-assinalar-o30o-aniversario-do-genocidio-contra-os-tutsi","status":"publish","type":"post","link":"https:\/\/bluestudio.estadao.com.br\/agencia-de-comunicacao\/prnewswire\/prnewsbrasil\/lideres-mundiais-reunem-se-no-ruanda-para-assinalar-o30o-aniversario-do-genocidio-contra-os-tutsi\/","title":{"rendered":"L\u00edderes Mundiais Re\u00fanem-se no Ruanda para Assinalar o30\u00ba Anivers\u00e1rio do Genoc\u00eddio contra os Tutsi"},"content":{"rendered":"<p><b>PR NEWSWIRE<\/b><\/p>\n<div class=\"xn-content\">\n<span class=\"legendSpanClass\"><span class=\"xn-location\">KIGALI, Rwanda<\/span><\/span>, <span class=\"legendSpanClass\">7 de abril de 2024<\/span> \/PRNewswire\/ &#8212; Os l\u00edderes mundiais do passado e do presente reuniram-se em\u00a0Kigali, no Ruanda, para recordar as v\u00edtimas do genoc\u00eddio de 1994 contra os Tutsi. Estiveram presentes mais de uma dezena de atuais e antigos Chefes de Estado. Juntaram-se ao Presidente Paul Kagame para depositar coroas de flores e acender a chama comemorativa no Memorial do Genoc\u00eddio de <span class=\"xn-location\">Kigali<\/span> e, em seguida, participaram na cerim\u00f3nia nacional na BK Arena, que assinalou o in\u00edcio oficial do Kwibuka30. Kwibuka significa &#8220;recordar&#8221; em Kinyarwanda (a l\u00edngua nacional do Ruanda).<\/p>\n<p>Para ver a not\u00edcia em multim\u00eddia, clique em:\u00a0<a href=\"https:\/\/www.multivu.com\/players\/uk\/9260351-world-leaders-gather-rwanda-30th-anniversary-genocide-against-tutsi\/\" target=\"_blank\" rel=\"nofollow noopener\">https:\/\/www.multivu.com\/players\/uk\/9260351-world-leaders-gather-rwanda-30th-anniversary-genocide-against-tutsi\/<\/a><\/p>\n<p>A 7\u00a0de abril de 1994, foi desencadeado um genoc\u00eddio contra a minoria tutsi do Ruanda, que causou mais de um milh\u00e3o de mortos em apenas 100 dias, \u00e0 vista de todo o mundo. Uma for\u00e7a m\u00ednima de manuten\u00e7\u00e3o da paz das Na\u00e7\u00f5es Unidas assistiu ao desenrolar do genoc\u00eddio, depois de o Conselho de Seguran\u00e7a ter decidido retirar a maior parte das for\u00e7as de manuten\u00e7\u00e3o da paz.<\/p>\n<p>Quatro memoriais do genoc\u00eddio ruand\u00eas, recentemente inscritos como patrim\u00f3nio mundial da UNESCO, ser\u00e3o iluminados todas as noites durante a semana de comemora\u00e7\u00e3o. Em sinal de solidariedade internacional, monumentos emblem\u00e1ticos de cidades de todo o mundo ser\u00e3o iluminados com as cores da bandeira do Ruanda, no \u00e2mbito de uma iniciativa conjunta do Ruanda e da UNESCO.<\/p>\n<p>O anivers\u00e1rio hist\u00f3rico deste ano \u00e9 uma oportunidade para os ruandeses e o resto do mundo homenagearem as v\u00edtimas, confortarem os sobreviventes e refletirem sobre o percurso de recupera\u00e7\u00e3o, reconcilia\u00e7\u00e3o e resili\u00eancia do Ruanda, com a unidade nacional no centro da estabilidade e do progresso do pa\u00eds.<\/p>\n<p>O Presidente Kagame, falando sobre a experi\u00eancia do Ruanda, afirmou &#8220;No Ruanda, vir\u00e1mos a p\u00e1gina, mas a mesma ideologia que justificou o genoc\u00eddio contra os Tutsi continua viva e de boa sa\u00fade na nossa regi\u00e3o. E assistimos \u00e0 mesma indiferen\u00e7a por parte do mundo em geral que em 1994. \u00c9 como se estas li\u00e7\u00f5es custosas se perdessem sempre e fic\u00e1ssemos a olhar cegamente enquanto o mesmo tipo de situa\u00e7\u00e3o se repete.&#8221;<\/p>\n<p>A semana comemorativa ser\u00e1 encerrada com uma cerim\u00f3nia no Memorial do Genoc\u00eddio de Rebero, que homenageia os corajosos funcion\u00e1rios e pol\u00edticos ruandeses que foram mortos por se oporem ao plano do seu governo de exterminar a popula\u00e7\u00e3o tutsi.\u00a0<\/p>\n<p>Notas para o editor<\/p>\n<p>Saber mais sobre <u><a href=\"https:\/\/kwibuka.rw\/\" target=\"_blank\" rel=\"nofollow noopener\">Kwibuka <\/a><\/u><\/p>\n<p>Photo &#8211; <a href=\"https:\/\/mma.prnewswire.com\/media\/2380911\/Kwibuka_1.jpg\" target=\"_blank\" rel=\"nofollow noopener\">https:\/\/mma.prnewswire.com\/media\/2380911\/Kwibuka_1.jpg<\/a><br \/>Logo &#8211; <a href=\"https:\/\/mma.prnewswire.com\/media\/2379424\/Kwibuka_Logo.jpg\" target=\"_blank\" rel=\"nofollow noopener\">https:\/\/mma.prnewswire.com\/media\/2379424\/Kwibuka_Logo.jpg<\/a><\/p>\n<div id=\"prni_dvprnejpge070left\" dir=\"ltr\" style=\"width: 100%;text-align: left\"><img decoding=\"async\" id=\"prnejpge070left\" title=\"President Paul Kagame and First Lady Jeannette Kagame light the flame of Remembrance at Kigali Genocide Memorial. April 7, 2024 - Kigali, Rwanda\" src=\"https:\/\/mma.prnewswire.com\/media\/2380911\/Kwibuka_1.jpg\" alt=\"President Paul Kagame and First Lady Jeannette Kagame light the flame of Remembrance at Kigali Genocide Memorial. April 7, 2024 - Kigali, Rwanda\" align=\"middle\" \/><\/div>\n<p>\u00a0<\/p>\n<div id=\"prni_dvprnejpg64deleft\" dir=\"ltr\" style=\"width: 100%;text-align: left\"><img decoding=\"async\" id=\"prnejpg64deleft\" title=\"Kwibuka Logo\" src=\"https:\/\/mma.prnewswire.com\/media\/2379424\/Kwibuka_Logo.jpg\" alt=\"Kwibuka Logo\" align=\"middle\" \/><\/div>\n<p>\u00a0<\/p>\n<p id=\"PURL\"><img loading=\"lazy\" decoding=\"async\" title=\"Cision\" width=\"12\" height=\"12\" alt=\"Cision\" src=\"https:\/\/c212.net\/c\/img\/favicon.png?sn=PT78123&amp;sd=2024-04-07\" \/> View original content:<a id=\"PRNURL\" rel=\"nofollow noopener\" href=\"https:\/\/www.prnewswire.com\/br\/comunicados-para-a-imprensa\/lideres-mundiais-reunem-se-no-ruanda-para-assinalar-o30-aniversario-do-genocidio-contra-os-tutsi-302109913.html\" target=\"_blank\">https:\/\/www.prnewswire.com\/br\/comunicados-para-a-imprensa\/lideres-mundiais-reunem-se-no-ruanda-para-assinalar-o30-aniversario-do-genocidio-contra-os-tutsi-302109913.html<\/a><\/p>\n<p>FONTE  Kwibuka<\/p>\n<\/div>\n<p><img decoding=\"async\" alt=\"\" src=\"https:\/\/rt.prnewswire.com\/rt.gif?NewsItemId=PT78123&amp;Transmission_Id=202404071536PR_NEWS_LATAM____PT78123&amp;DateId=20240407\" style=\"border:0px;width:1px;height:1px\" \/><\/p>\n<p>A <b>OESP<\/b> n\u00e3o \u00e9(s\u00e3o) respons\u00e1vel(is) por erros, incorre\u00e7\u00f5es, atrasos ou quaisquer decis\u00f5es tomadas por seus clientes com base nos Conte\u00fados ora disponibilizados, bem como tais Conte\u00fados n\u00e3o representam a opini\u00e3o da <b>OESP<\/b> e s\u00e3o de inteira responsabilidade da <b>PR Newswire Ltda<\/b><\/p>\n","protected":false},"excerpt":{"rendered":"Os l\u00edderes mundiais do passado e do presente reuniram-se em\u00a0Kigali, no Ruanda, para recordar as v\u00edtimas do genoc\u00eddio de 1994 contra os Tutsi. Estiveram presentes mais de uma dezen","protected":false},"author":1,"featured_media":0,"comment_status":"open","ping_status":"closed","sticky":false,"template":"","format":"standard","meta":{"_acf_changed":false,"inline_featured_image":false,"_monsterinsights_skip_tracking":false,"_monsterinsights_sitenote_active":false,"_monsterinsights_sitenote_note":"","_monsterinsights_sitenote_category":0,"footnotes":""},"categories":[28],"tags":[],"class_list":["post-91923","post","type-post","status-publish","format-standard","hentry","category-prnewsbrasil"],"acf":[],"_links":{"self":[{"href":"https:\/\/bluestudio.estadao.com.br\/agencia-de-comunicacao\/wp-json\/wp\/v2\/posts\/91923","targetHints":{"allow":["GET"]}}],"collection":[{"href":"https:\/\/bluestudio.estadao.com.br\/agencia-de-comunicacao\/wp-json\/wp\/v2\/posts"}],"about":[{"href":"https:\/\/bluestudio.estadao.com.br\/agencia-de-comunicacao\/wp-json\/wp\/v2\/types\/post"}],"author":[{"embeddable":true,"href":"https:\/\/bluestudio.estadao.com.br\/agencia-de-comunicacao\/wp-json\/wp\/v2\/users\/1"}],"replies":[{"embeddable":true,"href":"https:\/\/bluestudio.estadao.com.br\/agencia-de-comunicacao\/wp-json\/wp\/v2\/comments?post=91923"}],"version-history":[{"count":0,"href":"https:\/\/bluestudio.estadao.com.br\/agencia-de-comunicacao\/wp-json\/wp\/v2\/posts\/91923\/revisions"}],"wp:attachment":[{"href":"https:\/\/bluestudio.estadao.com.br\/agencia-de-comunicacao\/wp-json\/wp\/v2\/media?parent=91923"}],"wp:term":[{"taxonomy":"category","embeddable":true,"href":"https:\/\/bluestudio.estadao.com.br\/agencia-de-comunicacao\/wp-json\/wp\/v2\/categories?post=91923"},{"taxonomy":"post_tag","embeddable":true,"href":"https:\/\/bluestudio.estadao.com.br\/agencia-de-comunicacao\/wp-json\/wp\/v2\/tags?post=91923"}],"curies":[{"name":"wp","href":"https:\/\/api.w.org\/{rel}","templated":true}]}}