{"id":91699,"date":"2024-04-02T15:51:00","date_gmt":"2024-04-02T18:51:00","guid":{"rendered":"https:\/\/bluestudio.estadao.com.br\/agencia-de-comunicacao\/releases\/releases-geral\/crescem-pedidos-de-recuperacao-judicial-de-produtores-rurais\/"},"modified":"2024-04-02T15:51:00","modified_gmt":"2024-04-02T18:51:00","slug":"crescem-pedidos-de-recuperacao-judicial-de-produtores-rurais","status":"publish","type":"post","link":"https:\/\/bluestudio.estadao.com.br\/agencia-de-comunicacao\/releases\/releases-geral\/crescem-pedidos-de-recuperacao-judicial-de-produtores-rurais\/","title":{"rendered":"Crescem pedidos de recupera\u00e7\u00e3o judicial de produtores rurais"},"content":{"rendered":"<p><b>DINO DIVULGADOR DE NOT\u00cdCIAS<\/b><\/p>\n<p>(<a target='_blank' href='http:\/\/www.dino.com.br' rel=\"noopener\">DINO<\/a> &#8211; 02 abr, 2024) &#8211;<br \/>\nDe acordo com <a rel=\"follow noopener\" target='_blank' href='https:\/\/www.serasaexperian.com.br\/sala-de-imprensa\/agronegocios\/produtores-rurais-que-atuam-como-pessoa-fisica-acumulam-127-pedidos-de-recuperacao-judicial-em-2023-revela-serasa-experian\/' data-mce-target='_blank'>pesquisa da Serasa Experian<\/a> divulgada neste m\u00eas de mar\u00e7o, os produtores rurais que atuam como pessoas f\u00edsicas registraram 127 pedidos de recupera\u00e7\u00e3o judicial em 2023. Isso representou um aumento de 535% em rela\u00e7\u00e3o ao ano anterior, 2022.<\/p>\n<p>Do terceiro para o quarto trimestre, o aumento foi de 62%. Os respons\u00e1veis pela pesquisa atribuem a alta nos pedidos de recupera\u00e7\u00e3o \u00e0 crise clim\u00e1tica e \u00e0s perturba\u00e7\u00f5es no cen\u00e1rio econ\u00f4mico nacional e internacional.&nbsp;<\/p>\n<p>Ainda de acordo com a pesquisa, os maiores solicitadores de recupera\u00e7\u00e3o judicial no agroneg\u00f3cio foram os que tinham as maiores \u00e1reas com plantio de soja com sensoriamento remoto. Em seguida, os produtores de pecu\u00e1ria com \u00e1reas de pastagem e, em terceiro, os produtores de caf\u00e9.<\/p>\n<p>Luciano Bravo, mentor na Cr\u00e9dito Internacional, atribui o crescimento da inadimpl\u00eancia \u00e0 forma como as concess\u00f5es de cr\u00e9dito s\u00e3o feitas atualmente. &#8216;O aumento na inadimpl\u00eancia dos produtores rurais se d\u00e1, principalmente, pelo m\u00e9todo de como \u00e9 realizado o custeio, pois 80% deles s\u00e3o para apenas uma safra. Isso impede um planejamento maior do produtor e reinvestimento de uma safra na outra, pois os produtores precisam pagar os credores e levantar novos cr\u00e9ditos, todo ano&#8217;.<\/p>\n<p>&nbsp;O levantamento feito neste ano \u00e9 in\u00e9dito e usou dados dos processos de recupera\u00e7\u00e3o judicial no agroneg\u00f3cio que s\u00e3o registradas mensalmente na base de dados da Serasa Experian. Foram inclu\u00eddos no levantamento produtores rurais com capital variado, desde que atuassem como pessoas f\u00edsicas. Pela lei 14.112, eles s\u00e3o os \u00fanicos que podem requerer recupera\u00e7\u00e3o judicial.<\/p>\n<p>&#8216;Com aumento dos custos de produ\u00e7\u00e3o agr\u00edcola (insumos, sementes, defensivos e m\u00e1quinas) a margem do produtor est\u00e1 baixa, o que automaticamente gera a falta de capacidade de honrar com suas despesas&#8217; resume Bravo. Ele aponta a abertura do agroneg\u00f3cio para o cr\u00e9dito internacional como uma solu\u00e7\u00e3o para a inadimpl\u00eancia desses produtores, uma vez que isso d\u00e1 acesso a linhas de cr\u00e9dito de longo prazo, com juros baixos.<\/p>\n<p>Para saber mais, basta acessar <a rel=\"follow noopener\" target='_blank' href='http:\/\/www.inteligenciacomercial.com' data-mce-target='_blank'>http:\/\/www.inteligenciacomercial.com<\/a><\/p>\n<p>A <b>OESP<\/b> n\u00e3o \u00e9(s\u00e3o) respons\u00e1vel(is) por erros, incorre\u00e7\u00f5es, atrasos ou quaisquer decis\u00f5es tomadas por seus clientes com base nos Conte\u00fados ora disponibilizados, bem como tais Conte\u00fados n\u00e3o representam a opini\u00e3o da <b>OESP<\/b> e s\u00e3o de inteira responsabilidade da <b>Dino Divulgador de Noticias Online Ltda<\/b><\/p>\n","protected":false},"excerpt":{"rendered":"(DINO &#8211; 02 abr, 2024) &#8211;\nDe acordo com pesquisa da Serasa Experian divulgada neste m\u00eas de mar\u00e7o, os produtores rurais que atuam como pessoas f\u00edsicas registraram 127 pedidos de recu","protected":false},"author":1,"featured_media":0,"comment_status":"open","ping_status":"closed","sticky":false,"template":"","format":"standard","meta":{"_acf_changed":false,"inline_featured_image":false,"_monsterinsights_skip_tracking":false,"_monsterinsights_sitenote_active":false,"_monsterinsights_sitenote_note":"","_monsterinsights_sitenote_category":0,"footnotes":""},"categories":[34],"tags":[],"class_list":["post-91699","post","type-post","status-publish","format-standard","hentry","category-releases-geral"],"acf":[],"_links":{"self":[{"href":"https:\/\/bluestudio.estadao.com.br\/agencia-de-comunicacao\/wp-json\/wp\/v2\/posts\/91699","targetHints":{"allow":["GET"]}}],"collection":[{"href":"https:\/\/bluestudio.estadao.com.br\/agencia-de-comunicacao\/wp-json\/wp\/v2\/posts"}],"about":[{"href":"https:\/\/bluestudio.estadao.com.br\/agencia-de-comunicacao\/wp-json\/wp\/v2\/types\/post"}],"author":[{"embeddable":true,"href":"https:\/\/bluestudio.estadao.com.br\/agencia-de-comunicacao\/wp-json\/wp\/v2\/users\/1"}],"replies":[{"embeddable":true,"href":"https:\/\/bluestudio.estadao.com.br\/agencia-de-comunicacao\/wp-json\/wp\/v2\/comments?post=91699"}],"version-history":[{"count":0,"href":"https:\/\/bluestudio.estadao.com.br\/agencia-de-comunicacao\/wp-json\/wp\/v2\/posts\/91699\/revisions"}],"wp:attachment":[{"href":"https:\/\/bluestudio.estadao.com.br\/agencia-de-comunicacao\/wp-json\/wp\/v2\/media?parent=91699"}],"wp:term":[{"taxonomy":"category","embeddable":true,"href":"https:\/\/bluestudio.estadao.com.br\/agencia-de-comunicacao\/wp-json\/wp\/v2\/categories?post=91699"},{"taxonomy":"post_tag","embeddable":true,"href":"https:\/\/bluestudio.estadao.com.br\/agencia-de-comunicacao\/wp-json\/wp\/v2\/tags?post=91699"}],"curies":[{"name":"wp","href":"https:\/\/api.w.org\/{rel}","templated":true}]}}