{"id":91681,"date":"2024-04-02T11:06:00","date_gmt":"2024-04-02T14:06:00","guid":{"rendered":"https:\/\/bluestudio.estadao.com.br\/agencia-de-comunicacao\/releases\/releases-geral\/varejo-abre-portas-para-resgatado-de-trabalho-escravo\/"},"modified":"2024-04-02T11:06:00","modified_gmt":"2024-04-02T14:06:00","slug":"varejo-abre-portas-para-resgatado-de-trabalho-escravo","status":"publish","type":"post","link":"https:\/\/bluestudio.estadao.com.br\/agencia-de-comunicacao\/releases\/releases-geral\/varejo-abre-portas-para-resgatado-de-trabalho-escravo\/","title":{"rendered":"Varejo abre portas para resgatado de trabalho escravo"},"content":{"rendered":"<p><b>DINO DIVULGADOR DE NOT\u00cdCIAS<\/b><\/p>\n<p>Sao Paulo, SP&#8211;(<a target='_blank' href='http:\/\/www.dino.com.br' rel=\"noopener\">DINO<\/a> &#8211; 02 abr, 2024) &#8211;<br \/>\nA&ccedil;&otilde;es conjuntas entre o Minist&eacute;rio do Trabalho (MTE), o Minist&eacute;rio P&uacute;blico do Trabalho (MPT), Defensoria P&uacute;blica da Uni&atilde;o e Pol&iacute;cia Rodovi&aacute;ria Federal (PRF) t&ecirc;m sido intensificadas em todo o pa&iacute;s, resultando em resgates de milhares de trabalhadores que estavam em situa&ccedil;&atilde;o an&aacute;loga &agrave; escravid&atilde;o. S&oacute; em 2023 foram realizadas 598 opera&ccedil;&otilde;es, com o resgate de 3.190 pessoas, segundo dados do MTE.<\/p>\n<p>Nessas for&ccedil;as-tarefa, cada &oacute;rg&atilde;o tem sua fun&ccedil;&atilde;o e no caso da PRF &eacute; fazer a seguran&ccedil;a das autoridades envolvidas, a exemplo dos Auditores Fiscais do Trabalho. Entre os locais em que s&atilde;o localizados trabalhos em condi&ccedil;&otilde;es prec&aacute;rias e an&aacute;logas &agrave; escravid&atilde;o h&aacute; fazendas no interior de S&atilde;o Paulo e oficinas t&ecirc;xteis na capital paulista, onde &eacute; comum a atua&ccedil;&atilde;o de estrangeiros, muitas vezes de forma irregular.<\/p>\n<p>H&aacute; pouco tempo, durante a&ccedil;&atilde;o no interior de S&atilde;o Paulo, ocorreu o resgate de um trabalhador que havia sofrido um acidente e perdido o bra&ccedil;o. Em virtude da atua&ccedil;&atilde;o em parceria entre o programa <a rel=\"follow noopener\" target='_blank' href='https:\/\/www.coexistir.com.br\/'>Coexistir<\/a> e a Superintend&ecirc;ncia Regional do Trabalho no Estado de S&atilde;o Paulo, um estabelecimento do varejo, com loja na regi&atilde;o, foi contatado e uma vaga foi disponibilizada a ele na cidade de Santa B&aacute;rbara D&rsquo;Oeste (SP). Ele j&aacute; est&aacute; inserido na nova rotina de vida e sendo acompanhado pela equipe de fiscaliza&ccedil;&atilde;o. Inclusive nesse per&iacute;odo j&aacute; foi promovido pelo bom desempenho apresentado.<\/p>\n<p>Recentemente, um grupo de Policiais Rodovi&aacute;rios Federais recebeu um treinamento especial para participar dessas a&ccedil;&otilde;es, que contou com o depoimento desse trabalhador resgatado, o que causou grande impacto nos presentes.<\/p>\n<p>Para Lu&iacute;s Gustavo Ponciano Pereira, Chefe da se&ccedil;&atilde;o de Opera&ccedil;&otilde;es da PRF, os policiais, assim como qualquer outro servidor, s&atilde;o humanos, possuidores de empatia, o que permite que os agentes se coloquem no lugar da pessoa explorada, em raz&atilde;o de sua prec&aacute;ria situa&ccedil;&atilde;o. &ldquo;Ao resgat&aacute;-los, a comunidade tamb&eacute;m percebe que a seguran&ccedil;a p&uacute;blica pode ser exercida de maneira humanizada e respeitosa, promovendo a harmonia e a paz social&rdquo;, avalia.<\/p>\n<p>Website: <a target='_blank' href='https:\/\/www.coexistir.com.br' rel=\"follow noopener\">https:\/\/www.coexistir.com.br<\/a><img src='https:\/\/api.dino.com.br\/v2\/news\/tr\/298736' alt='' style='border:0px;width:1px;height:1px' \/><br \/>\nA <b>OESP<\/b> n\u00e3o \u00e9(s\u00e3o) respons\u00e1vel(is) por erros, incorre\u00e7\u00f5es, atrasos ou quaisquer decis\u00f5es tomadas por seus clientes com base nos Conte\u00fados ora disponibilizados, bem como tais Conte\u00fados n\u00e3o representam a opini\u00e3o da <b>OESP<\/b> e s\u00e3o de inteira responsabilidade da <b>Dino Divulgador de Noticias Online Ltda<\/b><\/p>\n","protected":false},"excerpt":{"rendered":"Sao Paulo, SP&#8211;(DINO &#8211; 02 abr, 2024) &#8211;\nA&ccedil;&otilde;es conjuntas entre o Minist&eacute;rio do Trabalho (MTE), o Minist&eacute;rio P&uacute;blico do Trabalho (MPT), Defensoria","protected":false},"author":1,"featured_media":0,"comment_status":"open","ping_status":"closed","sticky":false,"template":"","format":"standard","meta":{"_acf_changed":false,"inline_featured_image":false,"_monsterinsights_skip_tracking":false,"_monsterinsights_sitenote_active":false,"_monsterinsights_sitenote_note":"","_monsterinsights_sitenote_category":0,"footnotes":""},"categories":[34],"tags":[],"class_list":["post-91681","post","type-post","status-publish","format-standard","hentry","category-releases-geral"],"acf":[],"_links":{"self":[{"href":"https:\/\/bluestudio.estadao.com.br\/agencia-de-comunicacao\/wp-json\/wp\/v2\/posts\/91681","targetHints":{"allow":["GET"]}}],"collection":[{"href":"https:\/\/bluestudio.estadao.com.br\/agencia-de-comunicacao\/wp-json\/wp\/v2\/posts"}],"about":[{"href":"https:\/\/bluestudio.estadao.com.br\/agencia-de-comunicacao\/wp-json\/wp\/v2\/types\/post"}],"author":[{"embeddable":true,"href":"https:\/\/bluestudio.estadao.com.br\/agencia-de-comunicacao\/wp-json\/wp\/v2\/users\/1"}],"replies":[{"embeddable":true,"href":"https:\/\/bluestudio.estadao.com.br\/agencia-de-comunicacao\/wp-json\/wp\/v2\/comments?post=91681"}],"version-history":[{"count":0,"href":"https:\/\/bluestudio.estadao.com.br\/agencia-de-comunicacao\/wp-json\/wp\/v2\/posts\/91681\/revisions"}],"wp:attachment":[{"href":"https:\/\/bluestudio.estadao.com.br\/agencia-de-comunicacao\/wp-json\/wp\/v2\/media?parent=91681"}],"wp:term":[{"taxonomy":"category","embeddable":true,"href":"https:\/\/bluestudio.estadao.com.br\/agencia-de-comunicacao\/wp-json\/wp\/v2\/categories?post=91681"},{"taxonomy":"post_tag","embeddable":true,"href":"https:\/\/bluestudio.estadao.com.br\/agencia-de-comunicacao\/wp-json\/wp\/v2\/tags?post=91681"}],"curies":[{"name":"wp","href":"https:\/\/api.w.org\/{rel}","templated":true}]}}