{"id":91526,"date":"2024-03-28T12:07:00","date_gmt":"2024-03-28T15:07:00","guid":{"rendered":"https:\/\/bluestudio.estadao.com.br\/agencia-de-comunicacao\/releases\/releases-geral\/concurso-oferece-oportunidade-para-musicos-de-rua-de-sp\/"},"modified":"2024-03-28T12:07:00","modified_gmt":"2024-03-28T15:07:00","slug":"concurso-oferece-oportunidade-para-musicos-de-rua-de-sp","status":"publish","type":"post","link":"https:\/\/bluestudio.estadao.com.br\/agencia-de-comunicacao\/releases\/releases-geral\/concurso-oferece-oportunidade-para-musicos-de-rua-de-sp\/","title":{"rendered":"Concurso oferece oportunidade para m\u00fasicos de rua de SP"},"content":{"rendered":"<p><b>DINO DIVULGADOR DE NOT\u00cdCIAS<\/b><\/p>\n<p>S\u00e3o Paulo, SP&#8211;(<a target='_blank' href='http:\/\/www.dino.com.br' rel=\"noopener\">DINO<\/a> &#8211; 28 mar, 2024) &#8211;<br \/>\nA arte urbana e suas manifesta\u00e7\u00f5es s\u00e3o vistas de forma recorrente nas \u00e1reas centrais das cidades, seja em muros, ed\u00edficios, e nos transportes p\u00fablicos. Em S\u00e3o Paulo, por exemplo, os m\u00fasicos de rua s\u00e3o conhecidos por realizar apresenta\u00e7\u00f5es de rimas, can\u00e7\u00f5es e dan\u00e7as nos vag\u00f5es de metr\u00f4s e trens. Muitas vezes, o sonho de ganhar visibilidade e conquistar uma posi\u00e7\u00e3o de sucesso parece distante, enquanto a plat\u00e9ia se estende aos bancos e corredores dos transportes.<\/p>\n<p>Ao longo dos anos, a cidade j\u00e1 realizou algumas tentativas de inclus\u00e3o e visibilidade para artistas que atuam no cotidiano da cidade. Pensando na diversidade e relev\u00e2ncia dos m\u00fasicos, o concurso &#8216;Toca A\u00ed!&#8217; \u00e9 conhecido por&nbsp;premiar a qualidade dos artistas e promover a recupera\u00e7\u00e3o do setor cultural no centro de S\u00e3o Paulo.&nbsp;<\/p>\n<p>Antes da pandemia, a primeira edi\u00e7\u00e3o, que aconteceu em 2018,&nbsp;contou com p\u00fablico superior a 15 mil pessoas, e promoveu mais de 250 artistas, em mais de 100 apresenta\u00e7\u00f5es. Theo Miz\u00fa e Banda foram os vencedores do concurso na \u00e9poca e contam que a vit\u00f3ria ajudou o grupo a impulsionar a carreira internacional.<\/p>\n<p>Em 2022, a segunda edi\u00e7\u00e3o do concurso retornou ap\u00f3s dois anos de ruas vazias, como forma de reaproximar os artistas de rua com o p\u00fablico. O tempo de organiza\u00e7\u00e3o e reflex\u00e3o permitiu uma novidades: interpreta\u00e7\u00e3o em libras e transmiss\u00e3o on-line das eliminat\u00f3rias e da final&nbsp;para aprimorar ainda mais a inclus\u00e3o e a acessibilidade.<\/p>\n<p>Com o objetivo de mobilizar e engajar pessoas dentro da rotina urbana, o Toca A\u00ed! busca conseguir criar experi\u00eancias musicais e conex\u00f5es diretas entre os artistas e a audi\u00eancia. Essa edi\u00e7\u00e3o, que conta com o apoio do P\u00e1tio Metr\u00f4 S\u00e3o Bento, Sesc Flor\u00eancio de Abreu, Metr\u00f4\/SP, Secretaria Municipal de Turismo de S\u00e3o Paulo e Tatu Cultural.<\/p>\n<p><strong>Fases do Concurso e premia\u00e7\u00e3o<\/strong><\/p>\n<p>O Toca A\u00ed! \u00e9 dividido em quatro etapas: inscri\u00e7\u00f5es, seletivas, eliminat\u00f3rias e final. As pessoas interessadas em participar devem preencher um formul\u00e1rio on-line no site do projeto, assim, a&nbsp;equipe t\u00e9cnica e art\u00edstica do concurso, avaliar\u00e1 as candidaturas e selecionar\u00e1 os nomes que ir\u00e3o para a fase seguinte &#8211; as seletivas. Nessa etapa os artistas realizar\u00e3o uma apresenta\u00e7\u00e3o no P\u00e1tio Metr\u00f4 S\u00e3o Bento, com livre acesso do p\u00fablico.<\/p>\n<p>Ser\u00e3o considerados performance, repert\u00f3rio, originalidade e comprova\u00e7\u00e3o da pr\u00e1tica perform\u00e1tica de rua de cada candidato. E, no dia 01 de julho, ser\u00e1 divulgada a lista com at\u00e9 30 m\u00fasicos ou grupos que avan\u00e7ar\u00e3o para as eliminat\u00f3rias.<\/p>\n<p>Durante tr\u00eas s\u00e1bados, acontecer\u00e3o as eliminat\u00f3rias, e em cada um desses dias ser\u00e3o selecionados tr\u00eas artistas para concorrer ao pr\u00eamio principal de R$10 mil na final do Concurso, que acontece no dia 10\/08.<\/p>\n<p>Pensando em como o Toca A\u00ed! pode impactar o trabalho dos m\u00fasicos de rua, ap\u00f3s a participa\u00e7\u00e3o no projeto, ser\u00e3o distribu\u00eddos 30 kits de divulga\u00e7\u00e3o, compostos por um v\u00eddeo editado e fotos em alta resolu\u00e7\u00e3o da apresenta\u00e7\u00e3o. Essas entregas se somar\u00e3o \u00e0s premia\u00e7\u00f5es em dinheiro, que totalizar\u00e3o R$31,5 mil.<\/p>\n<p><strong>Diversidade e inclus\u00e3o&nbsp;<\/strong><\/p>\n<p>O concurso atua como um agente de transforma\u00e7\u00e3o social, que inspira e empodera artistas de rua de diferentes origens para compartilharem sua arte, deixando como legado a preserva\u00e7\u00e3o da mem\u00f3ria e o reconhecimento desses m\u00fasicos. O acolhimento desses artistas \u00e9 feito juntamente com a\u00e7\u00f5es afirmativas, de modo a garantir a diversidade em diferentes perspectivas, como a \u00e9tnico-racial, de orienta\u00e7\u00e3o sexual, et\u00e1ria e de g\u00eanero.<\/p>\n<p>O resultado desse trabalho \u00e9 mensurado desde 2022 atrav\u00e9s de um censo, que no 3\u00ba Toca A\u00ed! apontou a participa\u00e7\u00e3o de pessoas de 12 estados brasileiros e de 4 pa\u00edses diferentes; presen\u00e7a de 37,9% de mulheres, 47% de pessoas n\u00e3o brancas e 33% de pessoas dentro da sigla LGBTQIAPN+.<\/p>\n<p>&#8216;O Toca A\u00ed! desde a primeira edi\u00e7\u00e3o buscou criar um espa\u00e7o diverso que valoriza os artistas e respeitando suas experi\u00eancias e perspectivas&#8217;, revela Isabela Parr\u00f3n, idealizadora do projeto.<\/p>\n<p><strong>Terceira edi\u00e7\u00e3o<\/strong><\/p>\n<p>Em 2023, o Toca A\u00ed! registrou&nbsp;mais de 400 inscri\u00e7\u00f5es e&nbsp;atraiu uma gama diversificada de talentos, refletindo a pluralidade musical n\u00e3o s\u00f3 de S\u00e3o Paulo, mas do Brasil. Al\u00e9m disso,&nbsp;gerou um total de 80 empregos diretos e indiretos, demonstrando seu impacto positivo n\u00e3o apenas na cena art\u00edstica, mas tamb\u00e9m na economia local. No total premiou com mais de R$36 mil os artistas ganhadores.&nbsp;<\/p>\n<p>Para continuar dando visibilidade para a arte urbana e os artistas que a comp\u00f5em, a 4\u00aa edi\u00e7\u00e3o do concurso j\u00e1 est\u00e1 com as inscri\u00e7\u00f5es abertas &#8211; que poder\u00e3o ser feitas at\u00e9 31 de mar\u00e7o.&nbsp;Podem participar artistas ou grupos de artistas que atuem como m\u00fasicos de rua ? isto \u00e9, que realizam apresenta\u00e7\u00f5es em espa\u00e7os p\u00fablicos e s\u00e3o remunerados por doa\u00e7\u00f5es &#8216;no chap\u00e9u&#8217;. Os interessados devem preencher um formul\u00e1rio on-line e enviar, al\u00e9m das informa\u00e7\u00f5es pessoais, um v\u00eddeo se apresentando na rua. O grande vencedor ser\u00e1 premiado com R$10 mil.<\/p>\n<p>&#8216;O Toca A\u00ed! tem como objetivo&nbsp; propagar e fomentar a m\u00fasica de rua, de forma sistem\u00e1tica e perene, e estamos muito contentes em celebrar a realiza\u00e7\u00e3o da 4\u00aa edi\u00e7\u00e3o do projeto em 2024&#8217;, finaliza Parr\u00f3n.&nbsp;<\/p>\n<p><strong>Calend\u00e1rio Toca A\u00ed! 2024:<\/strong><\/p>\n<ul>\n<li style='font-weight: 400' data-mce-style='font-weight: 400;'><strong>Inscri\u00e7\u00f5es:<\/strong> 01 a 31 de mar\u00e7o<\/li>\n<li style='font-weight: 400' data-mce-style='font-weight: 400;'><strong>Seletivas:<\/strong> 15 de abril a 25 junho<\/li>\n<li style='font-weight: 400' data-mce-style='font-weight: 400;'><strong>Eliminat\u00f3rias:<\/strong>&nbsp; 20 e 27 de julho, e 03 de agosto&nbsp;<\/li>\n<li style='font-weight: 400' data-mce-style='font-weight: 400;'><strong>Final:<\/strong> 10 de agosto<\/li>\n<\/ul>\n<p><strong><br data-mce-bogus='1'><\/strong><\/p>\n<p><strong>O 4\u00ba Concurso de M\u00fasica de Rua &#8211; Toca A\u00ed!<\/strong><\/p>\n<p>O projeto foi contemplado pelo Programa de A\u00e7\u00e3o Cultural &#8211; ProAC Editais,&nbsp; do Governo do Estado de S\u00e3o Paulo, por meio da Secretaria da Cultura, Economia e Ind\u00fastria Criativas&nbsp;<\/p>\n<p><strong>Apoio: <\/strong>P\u00e1tio Metr\u00f4 S\u00e3o Bento, Sesc Flor\u00eancio de Abreu, Metr\u00f4\/SP, Secretaria Municipal de Turismo de S\u00e3o Paulo e Tatu Cultural;<\/p>\n<p><strong>Realiza\u00e7\u00e3o: <\/strong>Pim Produ\u00e7\u00f5es.<\/p>\n<p>Website: <a target='_blank' href='https:\/\/www.instagram.com\/concursotocaai?igsh=OGVmbmJja3NlYnJ4' rel=\"follow noopener\">https:\/\/www.instagram.com\/concursotocaai?igsh=OGVmbmJja3NlYnJ4<\/a><img src='https:\/\/api.dino.com.br\/v2\/news\/tr\/302525' alt='' style='border:0px;width:1px;height:1px' \/><br \/>\nA <b>OESP<\/b> n\u00e3o \u00e9(s\u00e3o) respons\u00e1vel(is) por erros, incorre\u00e7\u00f5es, atrasos ou quaisquer decis\u00f5es tomadas por seus clientes com base nos Conte\u00fados ora disponibilizados, bem como tais Conte\u00fados n\u00e3o representam a opini\u00e3o da <b>OESP<\/b> e s\u00e3o de inteira responsabilidade da <b>Dino Divulgador de Noticias Online Ltda<\/b><\/p>\n","protected":false},"excerpt":{"rendered":"S\u00e3o Paulo, SP&#8211;(DINO &#8211; 28 mar, 2024) &#8211;\nA arte urbana e suas manifesta\u00e7\u00f5es s\u00e3o vistas de forma recorrente nas \u00e1reas centrais das cidades, seja em muros, ed\u00edficios, e nos transporte","protected":false},"author":1,"featured_media":0,"comment_status":"open","ping_status":"closed","sticky":false,"template":"","format":"standard","meta":{"_acf_changed":false,"inline_featured_image":false,"_monsterinsights_skip_tracking":false,"_monsterinsights_sitenote_active":false,"_monsterinsights_sitenote_note":"","_monsterinsights_sitenote_category":0,"footnotes":""},"categories":[34],"tags":[],"class_list":["post-91526","post","type-post","status-publish","format-standard","hentry","category-releases-geral"],"acf":[],"_links":{"self":[{"href":"https:\/\/bluestudio.estadao.com.br\/agencia-de-comunicacao\/wp-json\/wp\/v2\/posts\/91526","targetHints":{"allow":["GET"]}}],"collection":[{"href":"https:\/\/bluestudio.estadao.com.br\/agencia-de-comunicacao\/wp-json\/wp\/v2\/posts"}],"about":[{"href":"https:\/\/bluestudio.estadao.com.br\/agencia-de-comunicacao\/wp-json\/wp\/v2\/types\/post"}],"author":[{"embeddable":true,"href":"https:\/\/bluestudio.estadao.com.br\/agencia-de-comunicacao\/wp-json\/wp\/v2\/users\/1"}],"replies":[{"embeddable":true,"href":"https:\/\/bluestudio.estadao.com.br\/agencia-de-comunicacao\/wp-json\/wp\/v2\/comments?post=91526"}],"version-history":[{"count":0,"href":"https:\/\/bluestudio.estadao.com.br\/agencia-de-comunicacao\/wp-json\/wp\/v2\/posts\/91526\/revisions"}],"wp:attachment":[{"href":"https:\/\/bluestudio.estadao.com.br\/agencia-de-comunicacao\/wp-json\/wp\/v2\/media?parent=91526"}],"wp:term":[{"taxonomy":"category","embeddable":true,"href":"https:\/\/bluestudio.estadao.com.br\/agencia-de-comunicacao\/wp-json\/wp\/v2\/categories?post=91526"},{"taxonomy":"post_tag","embeddable":true,"href":"https:\/\/bluestudio.estadao.com.br\/agencia-de-comunicacao\/wp-json\/wp\/v2\/tags?post=91526"}],"curies":[{"name":"wp","href":"https:\/\/api.w.org\/{rel}","templated":true}]}}