{"id":91236,"date":"2024-03-22T11:43:00","date_gmt":"2024-03-22T14:43:00","guid":{"rendered":"https:\/\/bluestudio.estadao.com.br\/agencia-de-comunicacao\/prnewswire\/prnewseconomia\/tecfil-lanca-novo-conceito-o-original-do-brasileiro-3\/"},"modified":"2024-03-22T11:43:00","modified_gmt":"2024-03-22T14:43:00","slug":"tecfil-lanca-novo-conceito-o-original-do-brasileiro-3","status":"publish","type":"post","link":"https:\/\/bluestudio.estadao.com.br\/agencia-de-comunicacao\/prnewswire\/prnewseconomia\/tecfil-lanca-novo-conceito-o-original-do-brasileiro-3\/","title":{"rendered":"Tecfil lan\u00e7a novo conceito &#8220;O Original do Brasileiro&#8221;"},"content":{"rendered":"<p><b>PR NEWSWIRE<\/b><\/p>\n<div class=\"xn-content\">\n<p class=\"prntac\"><i>Empresa busca fortalecer ainda mais o reconhecimento de sua marca como fabricante nacional que fornece produtos originais para as principais montadoras do Pa\u00eds<\/i><\/p>\n<p><span class=\"legendSpanClass\">S\u00c3O PAULO<\/span>, <span class=\"legendSpanClass\">22 de mar\u00e7o de 2024<\/span> \/PRNewswire\/ &#8212; Com uma hist\u00f3ria s\u00f3lida e uma trajet\u00f3ria marcada pela excel\u00eancia, a\u00a0<b>Tecfil<\/b>, reconhecida como a maior fabricante de filtros da Am\u00e9rica Latina, apresenta ao mercado seu novo conceito: &#8220;O Original do Brasileiro&#8221;. Com esta iniciativa, a empresa busca fortalecer ainda mais sua posi\u00e7\u00e3o como fabricante nacional que fornece produtos originais para as principais montadoras do Pa\u00eds.<\/p>\n<div class=\"PRN_ImbeddedAssetReference\" id=\"DivAssetPlaceHolder1\">\n<a href=\"https:\/\/mma.prnewswire.com\/media\/2369097\/Peca.html\" target=\"_blank\" rel=\"nofollow noopener\">  <img decoding=\"async\" src=\"https:\/\/mma.prnewswire.com\/media\/2369097\/Peca.jpg\" title=\"\" alt=\"\" \/><\/a>\n <\/p>\n<\/p><\/div>\n<p>&#8220;Fornecemos produtos originais para as principais montadoras e queremos valorizar este atributo, tanto por meio deste novo conceito de comunica\u00e7\u00e3o quanto em nossas pe\u00e7as publicit\u00e1rias&#8221;, conta Plinio Fazol, gerente de Marketing e de Desenvolvimento de Novos Produtos da Tecfil, ao destacar que a Tecfil \u00e9 l\u00edder de mercado e exporta para mais de 60 pa\u00edses. &#8220;Somos uma ind\u00fastria nacional que compete de igual para igual com as multinacionais deste segmento&#8221;, completa.<\/p>\n<p>A nova identidade visual traz tra\u00e7os que traduzem a brasilidade da Tecfil e do pr\u00f3prio produto, criando uma maior conex\u00e3o com o p\u00fablico, de forma alinhada ao DNA da empresa. &#8220;Desde a qualidade dos produtos at\u00e9 a excel\u00eancia no atendimento ao cliente, cada aspecto do novo conceito &#8216;O Filtro Original dos Brasileiros&#8217; transpira nossa paix\u00e3o pela autenticidade e pelo orgulho de sermos brasileiros&#8221;, ressalta Fazol.<\/p>\n<p>O grafismo inspirado nas aletas de papel dos filtros, por exemplo, preserva as caracter\u00edsticas de comunica\u00e7\u00e3o da Tecfil e, ao mesmo tempo, mant\u00e9m um visual mais din\u00e2mico, que traduz os atributos da marca e a aproxima de seus p\u00fablicos-alvo.<\/p>\n<p>Para divulgar o novo conceito, foram criados dois selos: &#8220;Escolha o original&#8221;, que destaca a mensagem de originalidade e o posicionamento de marca que agrega valor ao produto e tem credibilidade, e o selo &#8216;OEM. Fabricante de originais&#8221;, que refor\u00e7a o v\u00ednculo com\u00a0as grandes\u00a0marcas.<\/p>\n<p>Dessa forma, a Tecfil tamb\u00e9m refor\u00e7a seu compromisso em atender o mercado brasileiro e a totalidade da frota nacional, abrangendo tanto os ve\u00edculos que saem das montadoras quanto o mercado de reposi\u00e7\u00e3o.<\/p>\n<p>&#8220;Desde o brasileiro que possui um carro zero at\u00e9 o mais antigo, todos podem contar com a qualidade e confiabilidade dos nossos produtos. Por isso, \u00e9 seguro dizer que o brasileiro conta com a Tecfil a cada quil\u00f4metro rodado&#8221;, conclui Fazol.<\/p>\n<p>Foto &#8211; <a href=\"https:\/\/mma.prnewswire.com\/media\/2369097\/Peca.jpg\" target=\"_blank\" rel=\"nofollow noopener\">https:\/\/mma.prnewswire.com\/media\/2369097\/Peca.jpg<\/a><\/p>\n<p id=\"PURL\"><img loading=\"lazy\" decoding=\"async\" title=\"Cision\" width=\"12\" height=\"12\" alt=\"Cision\" src=\"https:\/\/c212.net\/c\/img\/favicon.png?sn=PT68221&amp;sd=2024-03-22\" \/> View original content to download multimedia:<a id=\"PRNURL\" rel=\"nofollow noopener\" href=\"https:\/\/www.prnewswire.com\/br\/comunicados-para-a-imprensa\/tecfil-lanca-novo-conceito-o-original-do-brasileiro-302097154.html\" target=\"_blank\">https:\/\/www.prnewswire.com\/br\/comunicados-para-a-imprensa\/tecfil-lanca-novo-conceito-o-original-do-brasileiro-302097154.html<\/a><\/p>\n<p>FONTE  Tecfil<\/p>\n<\/div>\n<p><img decoding=\"async\" alt=\"\" src=\"https:\/\/rt.prnewswire.com\/rt.gif?NewsItemId=PT68221&amp;Transmission_Id=202403221034PR_NEWS_LATAM____PT68221&amp;DateId=20240322\" style=\"border:0px;width:1px;height:1px\" \/><\/p>\n<p>A <b>OESP<\/b> n\u00e3o \u00e9(s\u00e3o) respons\u00e1vel(is) por erros, incorre\u00e7\u00f5es, atrasos ou quaisquer decis\u00f5es tomadas por seus clientes com base nos Conte\u00fados ora disponibilizados, bem como tais Conte\u00fados n\u00e3o representam a opini\u00e3o da <b>OESP<\/b> e s\u00e3o de inteira responsabilidade da <b>PR Newswire Ltda<\/b><\/p>\n","protected":false},"excerpt":{"rendered":"Empresa busca fortalecer ainda mais o reconhecimento de sua marca como fabricante nacional que fornece produtos originais para as principais montadoras do Pa\u00eds","protected":false},"author":1,"featured_media":0,"comment_status":"open","ping_status":"closed","sticky":false,"template":"","format":"standard","meta":{"_acf_changed":false,"inline_featured_image":false,"_monsterinsights_skip_tracking":false,"_monsterinsights_sitenote_active":false,"_monsterinsights_sitenote_note":"","_monsterinsights_sitenote_category":0,"footnotes":""},"categories":[29],"tags":[],"class_list":["post-91236","post","type-post","status-publish","format-standard","hentry","category-prnewseconomia"],"acf":[],"_links":{"self":[{"href":"https:\/\/bluestudio.estadao.com.br\/agencia-de-comunicacao\/wp-json\/wp\/v2\/posts\/91236","targetHints":{"allow":["GET"]}}],"collection":[{"href":"https:\/\/bluestudio.estadao.com.br\/agencia-de-comunicacao\/wp-json\/wp\/v2\/posts"}],"about":[{"href":"https:\/\/bluestudio.estadao.com.br\/agencia-de-comunicacao\/wp-json\/wp\/v2\/types\/post"}],"author":[{"embeddable":true,"href":"https:\/\/bluestudio.estadao.com.br\/agencia-de-comunicacao\/wp-json\/wp\/v2\/users\/1"}],"replies":[{"embeddable":true,"href":"https:\/\/bluestudio.estadao.com.br\/agencia-de-comunicacao\/wp-json\/wp\/v2\/comments?post=91236"}],"version-history":[{"count":0,"href":"https:\/\/bluestudio.estadao.com.br\/agencia-de-comunicacao\/wp-json\/wp\/v2\/posts\/91236\/revisions"}],"wp:attachment":[{"href":"https:\/\/bluestudio.estadao.com.br\/agencia-de-comunicacao\/wp-json\/wp\/v2\/media?parent=91236"}],"wp:term":[{"taxonomy":"category","embeddable":true,"href":"https:\/\/bluestudio.estadao.com.br\/agencia-de-comunicacao\/wp-json\/wp\/v2\/categories?post=91236"},{"taxonomy":"post_tag","embeddable":true,"href":"https:\/\/bluestudio.estadao.com.br\/agencia-de-comunicacao\/wp-json\/wp\/v2\/tags?post=91236"}],"curies":[{"name":"wp","href":"https:\/\/api.w.org\/{rel}","templated":true}]}}