{"id":91116,"date":"2024-03-20T17:34:00","date_gmt":"2024-03-20T20:34:00","guid":{"rendered":"https:\/\/bluestudio.estadao.com.br\/agencia-de-comunicacao\/releases\/releases-geral\/faculdade-promove-a-1a-jornada-de-saude-dos-povos-indigenas\/"},"modified":"2024-03-20T17:34:00","modified_gmt":"2024-03-20T20:34:00","slug":"faculdade-promove-a-1a-jornada-de-saude-dos-povos-indigenas","status":"publish","type":"post","link":"https:\/\/bluestudio.estadao.com.br\/agencia-de-comunicacao\/releases\/releases-geral\/faculdade-promove-a-1a-jornada-de-saude-dos-povos-indigenas\/","title":{"rendered":"Faculdade promove a 1\u00aa Jornada de Sa\u00fade dos Povos Ind\u00edgenas"},"content":{"rendered":"<p><b>DINO DIVULGADOR DE NOT\u00cdCIAS<\/b><\/p>\n<p>S\u00e3o Jos\u00e9 do Rio Preto &#8211; SP&#8211;(<a target='_blank' href='http:\/\/www.dino.com.br' rel=\"noopener\">DINO<\/a> &#8211; 20 mar, 2024) &#8211;<br \/>\nDesde o s&eacute;culo XV, com a chegada dos europeus &agrave;s terras brasileiras, as popula&ccedil;&otilde;es ind&iacute;genas t&ecirc;m enfrentado v&aacute;rios problemas no &acirc;mbito da sa&uacute;de. Eles j&aacute; passaram por epidemias de gripe e sarampo, e recentemente sofreram com a gripe H1N1 e a Covid-19. Atualmente, os povos origin&aacute;rios enfrentam uma crise humanit&aacute;ria entre os Yanomamis, provocada pela desnutri&ccedil;&atilde;o e pela mal&aacute;ria.<\/p>\n<p>A Faculdade de Medicina <a rel=\"follow noopener\" target='_blank' href='https:\/\/faceres.com.br\/'>FACERES<\/a> realizar&aacute;, de forma in&eacute;dita na regi&atilde;o, a 1&ordf; Jornada de Sa&uacute;de dos Povos Ind&iacute;genas, marcada para o dia 27 de mar&ccedil;o. Este evento, gratuito e aberto ao p&uacute;blico, oferece uma oportunidade &uacute;nica para todos que desejam participar.<\/p>\n<p>Esta &eacute; uma oportunidade para discentes e docentes promoverem um di&aacute;logo com lideran&ccedil;as ind&iacute;genas, abordando as realidades enfrentadas por suas comunidades, suas necessidades e o conhecimento necess&aacute;rio que o m&eacute;dico deve saber para atender com excel&ecirc;ncia os povos origin&aacute;rios.<\/p>\n<p>Conforme mencionado pelo professor de &Eacute;tica da FACERES, Arar&eacute; Carvalho, a jornada contar&aacute; com a participa&ccedil;&atilde;o de Idiane Crudz&aacute;, Kawr&atilde; Flor&ecirc;ncio e Ju&aacute; Er&atilde;. Eles estar&atilde;o presentes para discutir com os presentes sobre as particularidades e demandas da sa&uacute;de ind&iacute;gena. &nbsp;&ldquo;&Eacute; importante saber que o enfrentamento de quest&otilde;es de sa&uacute;de da popula&ccedil;&atilde;o ind&iacute;gena deve ser encarado levando-se em considera&ccedil;&atilde;o as particularidades destes povos. A aten&ccedil;&atilde;o &agrave; sa&uacute;de deve ser diferenciada, conforme prev&ecirc; a legisla&ccedil;&atilde;o que criou o Subsistema de Aten&ccedil;&atilde;o &agrave; Sa&uacute;de Ind&iacute;gena (1999) e a Pol&iacute;tica Nacional de Aten&ccedil;&atilde;o &agrave; Sa&uacute;de dos Povos Ind&iacute;genas (n&ordm; 9.836\/2002)&rdquo;, explica o professor.<\/p>\n<p>Palestrantes:<\/p>\n<p><strong>Idiane Crudz&aacute;<\/strong>: Professora do idioma ancestral da Na&ccedil;&atilde;o Kariri do Nordeste, lideran&ccedil;a ind&iacute;gena do povo Kariri Xoc&oacute; (Porto Real do Col&eacute;gio\/AL), refer&ecirc;ncia nacional da educa&ccedil;&atilde;o ind&iacute;gena e mestra dos saberes tradicionais e naturais.<\/p>\n<p><strong>Kawr&atilde; Flor&ecirc;ncio:<\/strong> Professor do idioma Dzubuk&aacute; Kipe&aacute; da na&ccedil;&atilde;o Kariri e puxador de cantos e dan&ccedil;as. Realizador de palestra sobre a cultura de trabalhos com curas da floresta. Tamb&eacute;m &eacute; artes&atilde;o.<\/p>\n<p><strong>Ju&aacute; Er&atilde;:<\/strong> Cientista Social, Professora do Ensino Fundamental e M&eacute;dio, co-representante no GT Popula&ccedil;&atilde;o Negra e Povos Origin&aacute;rios do Conselho Municipal de Pol&iacute;ticas Culturais de Rio Preto e cofundadora da Coletiva Educar Ancestral.<\/p>\n<p>&nbsp;<\/p>\n<p>&nbsp;<\/p>\n<p>&nbsp;<\/p>\n<p>&nbsp;<\/p>\n<p>&nbsp;<\/p>\n<p>&nbsp;<\/p>\n<p>Website: <a target='_blank' href='https:\/\/faceres.com.br\/' rel=\"follow noopener\">https:\/\/faceres.com.br\/<\/a><img src='https:\/\/api.dino.com.br\/v2\/news\/tr\/293409' alt='' style='border:0px;width:1px;height:1px' \/><br \/>\nA <b>OESP<\/b> n\u00e3o \u00e9(s\u00e3o) respons\u00e1vel(is) por erros, incorre\u00e7\u00f5es, atrasos ou quaisquer decis\u00f5es tomadas por seus clientes com base nos Conte\u00fados ora disponibilizados, bem como tais Conte\u00fados n\u00e3o representam a opini\u00e3o da <b>OESP<\/b> e s\u00e3o de inteira responsabilidade da <b>Dino Divulgador de Noticias Online Ltda<\/b><\/p>\n","protected":false},"excerpt":{"rendered":"S\u00e3o Jos\u00e9 do Rio Preto &#8211; SP&#8211;(DINO &#8211; 20 mar, 2024) &#8211;\nDesde o s&eacute;culo XV, com a chegada dos europeus &agrave;s terras brasileiras, as popula&ccedil;&otilde;es ind&iacute;genas","protected":false},"author":1,"featured_media":0,"comment_status":"open","ping_status":"closed","sticky":false,"template":"","format":"standard","meta":{"_acf_changed":false,"inline_featured_image":false,"_monsterinsights_skip_tracking":false,"_monsterinsights_sitenote_active":false,"_monsterinsights_sitenote_note":"","_monsterinsights_sitenote_category":0,"footnotes":""},"categories":[34],"tags":[],"class_list":["post-91116","post","type-post","status-publish","format-standard","hentry","category-releases-geral"],"acf":[],"_links":{"self":[{"href":"https:\/\/bluestudio.estadao.com.br\/agencia-de-comunicacao\/wp-json\/wp\/v2\/posts\/91116","targetHints":{"allow":["GET"]}}],"collection":[{"href":"https:\/\/bluestudio.estadao.com.br\/agencia-de-comunicacao\/wp-json\/wp\/v2\/posts"}],"about":[{"href":"https:\/\/bluestudio.estadao.com.br\/agencia-de-comunicacao\/wp-json\/wp\/v2\/types\/post"}],"author":[{"embeddable":true,"href":"https:\/\/bluestudio.estadao.com.br\/agencia-de-comunicacao\/wp-json\/wp\/v2\/users\/1"}],"replies":[{"embeddable":true,"href":"https:\/\/bluestudio.estadao.com.br\/agencia-de-comunicacao\/wp-json\/wp\/v2\/comments?post=91116"}],"version-history":[{"count":0,"href":"https:\/\/bluestudio.estadao.com.br\/agencia-de-comunicacao\/wp-json\/wp\/v2\/posts\/91116\/revisions"}],"wp:attachment":[{"href":"https:\/\/bluestudio.estadao.com.br\/agencia-de-comunicacao\/wp-json\/wp\/v2\/media?parent=91116"}],"wp:term":[{"taxonomy":"category","embeddable":true,"href":"https:\/\/bluestudio.estadao.com.br\/agencia-de-comunicacao\/wp-json\/wp\/v2\/categories?post=91116"},{"taxonomy":"post_tag","embeddable":true,"href":"https:\/\/bluestudio.estadao.com.br\/agencia-de-comunicacao\/wp-json\/wp\/v2\/tags?post=91116"}],"curies":[{"name":"wp","href":"https:\/\/api.w.org\/{rel}","templated":true}]}}