{"id":91037,"date":"2024-03-19T15:39:00","date_gmt":"2024-03-19T18:39:00","guid":{"rendered":"https:\/\/bluestudio.estadao.com.br\/agencia-de-comunicacao\/releases\/releases-geral\/cataratas-do-iguacu-oferece-passeio-exclusivo-ao-entardecer\/"},"modified":"2024-03-19T15:39:00","modified_gmt":"2024-03-19T18:39:00","slug":"cataratas-do-iguacu-oferece-passeio-exclusivo-ao-entardecer","status":"publish","type":"post","link":"https:\/\/bluestudio.estadao.com.br\/agencia-de-comunicacao\/releases\/releases-geral\/cataratas-do-iguacu-oferece-passeio-exclusivo-ao-entardecer\/","title":{"rendered":"Cataratas do Igua\u00e7u oferece passeio exclusivo ao entardecer"},"content":{"rendered":"<p><b>DINO DIVULGADOR DE NOT\u00cdCIAS<\/b><\/p>\n<p>(<a target='_blank' href='http:\/\/www.dino.com.br' rel=\"noopener\">DINO<\/a> &#8211; 19 mar, 2024) &#8211;<br \/>\nDesde o dia 10 de fevereiro, os visitantes do Parque Nacional do Igua&ccedil;u t&ecirc;m uma nova experi&ecirc;ncia &agrave; disposi&ccedil;&atilde;o durante o p&ocirc;r do sol. O passeio P&ocirc;r do Sol nas <a rel=\"follow noopener\" target='_blank' href='https:\/\/cataratasdoiguacu.com.br\/blog\/por-do-sol-nas-cataratas-e-o-novo-passeio-do-parque-nacional-do-iguacu\/'>Cataratas <\/a>do Igua&ccedil;u &#8211; umas das sete Maravilhas Naturais do Mundo. &#8211; acontece tr&ecirc;s vezes por semana, &agrave;s ter&ccedil;as, sextas e s&aacute;bados, permitindo que os turistas apreciem a energia das famosas quedas d&#8217;&aacute;gua ap&oacute;s o fechamento do parque.&nbsp;<\/p>\n<p>As Cataratas do Igua&ccedil;u, conhecidas como o maior conjunto de quedas d&#8217;&aacute;gua do mundo, receberam recentemente um reconhecimento internacional: o local alcan&ccedil;ou o 16&ordm; lugar entre os principais destinos tur&iacute;sticos do mundo, de acordo com o pr&ecirc;mio Travelers&#8217; Choice 2023 (Best of the Best), concedido pela plataforma de viagens <a rel=\"follow noopener\" target='_blank' href='https:\/\/www.gov.br\/turismo\/pt-br\/assuntos\/noticias\/cataratas-do-iguacu-esta-entre-as-melhores-atracoes-turisticas-do-mundo'>TripAdvisor<\/a>.<\/p>\n<p>O s&oacute;cio-propriet&aacute;rio do Del Rey Quality Hotel, Jaime Mendes, considera que essa ser&aacute; uma nova atra&ccedil;&atilde;o tur&iacute;stica, uma vez que o p&ocirc;r do sol em Foz do Igua&ccedil;u j&aacute; &eacute; amplamente apreciado pelos visitantes. &#8216;No entanto, presenciar a beleza desse momento nas Cataratas &eacute; verdadeiramente m&aacute;gico e cativante, pois o cen&aacute;rio das Cataratas torna o momento ainda mais espl&ecirc;ndido&#8217;, ressalta.<\/p>\n<p>Mendes acredita que, com esse novo ponto tur&iacute;stico, &eacute; poss&iacute;vel aumentar o tempo de perman&ecirc;ncia do visitante na cidade, j&aacute; que a contempla&ccedil;&atilde;o desse momento nas Cataratas ocorrer&aacute; tr&ecirc;s vezes por semana. &#8216;Esta &eacute; uma estrat&eacute;gia para incentivar o turista a estender sua estadia por mais uma noite para ter a oportunidade de testemunhar este magn&iacute;fico espet&aacute;culo&#8217;, destaca.<\/p>\n<p>Os ingressos para essa nova experi&ecirc;ncia podem ser adquiridos antecipadamente no site oficial das Cataratas do Igua&ccedil;u. Para garantir uma experi&ecirc;ncia exclusiva e encantadora, o passeio &eacute; limitado a 200 vagas por dia.<\/p>\n<p>Moradores de Foz do Igua&ccedil;u e dos munic&iacute;pios vizinhos ao parque t&ecirc;m um benef&iacute;cio adicional, com desconto de 20% na tarifa. Para aproveitar o desconto, os moradores contemplados na categoria Passe Comunidade devem apresentar o comprovante de resid&ecirc;ncia e documento com foto no dia da visita, adquirindo o ingresso antecipadamente pelo site oficial.<\/p>\n<p>A <b>OESP<\/b> n\u00e3o \u00e9(s\u00e3o) respons\u00e1vel(is) por erros, incorre\u00e7\u00f5es, atrasos ou quaisquer decis\u00f5es tomadas por seus clientes com base nos Conte\u00fados ora disponibilizados, bem como tais Conte\u00fados n\u00e3o representam a opini\u00e3o da <b>OESP<\/b> e s\u00e3o de inteira responsabilidade da <b>Dino Divulgador de Noticias Online Ltda<\/b><\/p>\n","protected":false},"excerpt":{"rendered":"(DINO &#8211; 19 mar, 2024) &#8211;\nDesde o dia 10 de fevereiro, os visitantes do Parque Nacional do Igua&ccedil;u t&ecirc;m uma nova experi&ecirc;ncia &agrave; disposi&ccedil;&atilde;o duran","protected":false},"author":1,"featured_media":0,"comment_status":"open","ping_status":"closed","sticky":false,"template":"","format":"standard","meta":{"_acf_changed":false,"inline_featured_image":false,"_monsterinsights_skip_tracking":false,"_monsterinsights_sitenote_active":false,"_monsterinsights_sitenote_note":"","_monsterinsights_sitenote_category":0,"footnotes":""},"categories":[34],"tags":[],"class_list":["post-91037","post","type-post","status-publish","format-standard","hentry","category-releases-geral"],"acf":[],"_links":{"self":[{"href":"https:\/\/bluestudio.estadao.com.br\/agencia-de-comunicacao\/wp-json\/wp\/v2\/posts\/91037","targetHints":{"allow":["GET"]}}],"collection":[{"href":"https:\/\/bluestudio.estadao.com.br\/agencia-de-comunicacao\/wp-json\/wp\/v2\/posts"}],"about":[{"href":"https:\/\/bluestudio.estadao.com.br\/agencia-de-comunicacao\/wp-json\/wp\/v2\/types\/post"}],"author":[{"embeddable":true,"href":"https:\/\/bluestudio.estadao.com.br\/agencia-de-comunicacao\/wp-json\/wp\/v2\/users\/1"}],"replies":[{"embeddable":true,"href":"https:\/\/bluestudio.estadao.com.br\/agencia-de-comunicacao\/wp-json\/wp\/v2\/comments?post=91037"}],"version-history":[{"count":0,"href":"https:\/\/bluestudio.estadao.com.br\/agencia-de-comunicacao\/wp-json\/wp\/v2\/posts\/91037\/revisions"}],"wp:attachment":[{"href":"https:\/\/bluestudio.estadao.com.br\/agencia-de-comunicacao\/wp-json\/wp\/v2\/media?parent=91037"}],"wp:term":[{"taxonomy":"category","embeddable":true,"href":"https:\/\/bluestudio.estadao.com.br\/agencia-de-comunicacao\/wp-json\/wp\/v2\/categories?post=91037"},{"taxonomy":"post_tag","embeddable":true,"href":"https:\/\/bluestudio.estadao.com.br\/agencia-de-comunicacao\/wp-json\/wp\/v2\/tags?post=91037"}],"curies":[{"name":"wp","href":"https:\/\/api.w.org\/{rel}","templated":true}]}}