{"id":90724,"date":"2024-03-14T09:13:00","date_gmt":"2024-03-14T12:13:00","guid":{"rendered":"https:\/\/bluestudio.estadao.com.br\/agencia-de-comunicacao\/prnewswire\/prnewsinternacional\/eurochem-inaugura-complexo-que-produzira-15-dos-fertilizantes-fosfatados-do-brasil\/"},"modified":"2024-03-14T09:13:00","modified_gmt":"2024-03-14T12:13:00","slug":"eurochem-inaugura-complexo-que-produzira-15-dos-fertilizantes-fosfatados-do-brasil","status":"publish","type":"post","link":"https:\/\/bluestudio.estadao.com.br\/agencia-de-comunicacao\/prnewswire\/prnewsinternacional\/eurochem-inaugura-complexo-que-produzira-15-dos-fertilizantes-fosfatados-do-brasil\/","title":{"rendered":"EuroChem inaugura complexo que produzir\u00e1 15% dos fertilizantes fosfatados do Brasil"},"content":{"rendered":"<p><b>PR NEWSWIRE<\/b><\/p>\n<div class=\"xn-content\">\n<i>Unidade em Serra do Salitre (MG) recebeu mais de 1 bilh\u00e3o de d\u00f3lares em investimentos e empregar\u00e1 1,5 mil colaboradores<\/i><\/p>\n<p><i>Complexo contribuir\u00e1 com a redu\u00e7\u00e3o da importa\u00e7\u00e3o de fertilizantes e endere\u00e7a parte das metas estabelecidas pelo Plano Nacional de Fertilizantes do governo<\/i><\/p>\n<p><i>Capacita\u00e7\u00e3o profissional e iniciativas socioambientais refor\u00e7am o relacionamento com as comunidades vizinhas do Alto Parana\u00edba<\/i><\/p>\n<p><span class=\"legendSpanClass\">SERRA DO SALITRE, Brasil<\/span>, <span class=\"legendSpanClass\">14 de mar\u00e7o de 2024<\/span> \/PRNewswire\/ &#8212;\u00a0O Grupo EuroChem, um dos l\u00edderes globais na produ\u00e7\u00e3o de fertilizantes, inaugurou hoje, 13, na regi\u00e3o do Alto Parana\u00edba, Minas Gerais, o Complexo Mineroindustrial de Serra do Salitre, o primeiro projeto verticalizado da empresa que integra atividades de minera\u00e7\u00e3o, beneficiamento, produ\u00e7\u00e3o e distribui\u00e7\u00e3o de fertilizantes, fora da Europa. A cerim\u00f4nia de inaugura\u00e7\u00e3o aconteceu na unidade industrial e contou com a presen\u00e7a do presidente da rep\u00fablica, Luiz In\u00e1cio <span class=\"xn-person\">Lula da Silva<\/span>, do vice-presidente, Geraldo Alckmin, do governador de Minas Gerais, <span class=\"xn-person\">Romeu Zema<\/span>, do vice-governador do Estado de Minas Gerais, Matheus Sim\u00f5es, do Ministro da Casa Civil, <span class=\"xn-person\">Rui Costa<\/span>, do Ministro da Agricultura e Pecu\u00e1ria, Carlos F\u00e1varo, do Ministro das Minas e Energia, <span class=\"xn-person\">Alexandre Silveira<\/span>, do prefeito do munic\u00edpio de Salitre, <span class=\"xn-person\">Paulo Giovani Silveira de Melo<\/span> (Joca), e demais autoridades das esferas federal, estadual e municipal, al\u00e9m de trabalhadores e convidados.<\/p>\n<p>\u00a0<\/p>\n<div id=\"prni_dvprnejpga819left\" dir=\"ltr\" style=\"width: 100%;text-align: left\"><img decoding=\"async\" id=\"prnejpga819left\" style=\"width: 400px;height: 267px\" title=\"EuroChem Group's new Serra do Salitre phosphate complex in Brazil\" src=\"https:\/\/mma.prnewswire.com\/media\/2361940\/EuroChem_Serra_do_Salitre_complex.jpg\" alt=\"EuroChem Group's new Serra do Salitre phosphate complex in Brazil\" align=\"middle\" \/><\/div>\n<p>\u00a0<\/p>\n<p>A unidade de 20 milh\u00f5es de metros quadrados tem capacidade produtiva de um milh\u00e3o de toneladas de fertilizantes fosfatados por ano, o que representa 15% da produ\u00e7\u00e3o nacional do insumo, contribuindo diretamente para a redu\u00e7\u00e3o da depend\u00eancia do agroneg\u00f3cio brasileiro \u00e0s importa\u00e7\u00f5es, que hoje chegam a 85%, segundo dados da Ag\u00eancia Nacional de Difus\u00e3o de Adubos, ANDA.<\/p>\n<p>&#8220;Trata-se de um ativo extremamente estrat\u00e9gico pois transforma a EuroChem em um player importante na produ\u00e7\u00e3o de fertilizantes no Brasil e na Am\u00e9rica do Sul. Estamos alinhados com o Plano Nacional de Fertilizantes, contribuiremos com o fortalecimento da competitividade do setor e, consequentemente, com a soberania alimentar do pa\u00eds&#8221;, afirma <span class=\"xn-person\">Gustavo Horbach<\/span>, diretor-presidente da EuroChem na Am\u00e9rica do Sul.<\/p>\n<p>A unidade, com tecnologia de \u00faltima gera\u00e7\u00e3o e licenciada de acordo com os mais rigorosos padr\u00f5es ambientais, \u00e9 composta por uma mina de fosfato a c\u00e9u aberto com mais de 350 milh\u00f5es de toneladas m\u00e9tricas de reservas minerais e cerca de 25 anos de vida \u00fatil. O projeto conta ainda com uma planta de \u00e1cido sulf\u00farico, uma de \u00e1cido fosf\u00f3rico, e unidades de acidula\u00e7\u00f5es e granula\u00e7\u00f5es.<\/p>\n<p>Todo o Complexo tem capacidade de produ\u00e7\u00e3o de 1,2 milh\u00e3o toneladas\/ano de concentrado fosf\u00e1tico; 1 milh\u00e3o toneladas\/ano de \u00e1cido sulf\u00farico; e 250 mil toneladas\/ano de \u00e1cido fosf\u00f3rico, al\u00e9m de 1 milh\u00e3o de toneladas\/ano de fertilizantes fosfatados, efetivamente. Toda essa produ\u00e7\u00e3o ser\u00e1 operacionalizada por cerca de 1.500 trabalhadores, diretos e indiretos, que atuar\u00e3o em turnos de atividade.<\/p>\n<p>Como produto final, Salitre fabricar\u00e1, dentre outros, tr\u00eas fertilizantes essenciais \u00e0 agricultura: SSP (Super Simples), TSP (Triplo Simples) e MAP (Fosfato Monoam\u00f4nico) que abastecer\u00e3o as lavouras de soja, milho e cana-de-a\u00e7\u00facar, principalmente.<\/p>\n<p>&#8220;O complexo ter\u00e1 capacidade de distribuir fertilizantes fosfatados de alta qualidade para todo o pa\u00eds. Por conta de quest\u00f5es log\u00edsticas devemos ser ainda mais competitivos nas culturas agr\u00edcolas de MG, GO, SP, MS e MT, afirma <span class=\"xn-person\">David Crispim<\/span>, diretor de opera\u00e7\u00f5es do Complexo de Salitre.\u00a0\u00a0<\/p>\n<p>Ainda segundo o executivo, com o volume produzido em Salitre, a EuroChem deve ampliar a sua participa\u00e7\u00e3o de mercado no pa\u00eds.<\/p>\n<p>A obra da segunda fase do Complexo de Salitre contou com o trabalho de cerca de tr\u00eas mil e quinhentos colaboradores e consistiu na implementa\u00e7\u00e3o eletromec\u00e2nica e civil das plantas qu\u00edmicas e no comissionamento das instala\u00e7\u00f5es. A unidade de minera\u00e7\u00e3o, primeira etapa do Complexo, est\u00e1 em opera\u00e7\u00e3o desde 2018.<\/p>\n<p>&#8220;Vislumbrando a import\u00e2ncia da unidade, foram aportados grandes investimentos e alocados os melhores recursos para concluir o projeto dentro do menor tempo poss\u00edvel. Estamos inaugurando o complexo antes do cronograma previsto, mas vale destacar tamb\u00e9m que avan\u00e7amos sem renunciar \u00e0 seguran\u00e7a, um valor inegoci\u00e1vel para a Companhia. Celebramos a marca de dez milh\u00f5es de horas trabalhadas em seguran\u00e7a no projeto&#8221;, completa Horbach.<\/p>\n<p>O executivo tamb\u00e9m destacou que a planta nasce dentro do conceito de economia circular, com caracter\u00edsticas t\u00e9cnicas que possibilitar\u00e3o o reaproveitamento de subprodutos oriundos do processo produtivo e que poder\u00e3o ser vendidos ou reintegrados \u00e0 opera\u00e7\u00e3o, como gesso e torta de fosfato, por exemplo.\u00a0<\/p>\n<p>Compondo esse ciclo de sustentabilidade, a opera\u00e7\u00e3o vai reutilizar 100% de \u00e1gua dos processos produtivos e gerar cerca de 45% de energia pr\u00f3pria. Outras a\u00e7\u00f5es ainda incluem o monitoramento e controle de qualidade e vaz\u00e3o de \u00e1gua de c\u00f3rregos do entorno; recupera\u00e7\u00e3o de nascen\u00adtes de \u00e1gua; programa de reflorestamento; cria\u00e7\u00e3o e manuten\u00e7\u00e3o de \u00c1reas de Preserva\u00e7\u00e3o Permanente, Reservas Particulares de Patrim\u00f4nio Natural (RPPN) e moni\u00adtoramento da qualidade do ar.<\/p>\n<p>O Complexo de Salitre ainda se destaca pelo seu papel socioecon\u00f4mico. Al\u00e9m da gera\u00e7\u00e3o de 1,5 mil empregos diretos e indiretos, a EuroChem se compromete em contribuir com o fortalecimento da economia local, investindo mais de <span class=\"xn-money\">R$ 4<\/span> milh\u00f5es em sa\u00fade, educa\u00e7\u00e3o, infraestrutura, seguran\u00e7a, esporte e lazer, e na capacita\u00e7\u00e3o de trabalhadores da regi\u00e3o.<\/p>\n<p>&#8220;Reconhecemos o impacto que uma opera\u00e7\u00e3o do porte do Complexo de Salitre pode gerar em uma regi\u00e3o e, por isso, priorizamos a\u00e7\u00f5es que possam contribuir para o desenvolvimento das comunidades, como o Programa EuroChem Qualifica, que possui iniciativas de capacita\u00e7\u00e3o de profissionais da regi\u00e3o e de gest\u00e3o de talentos. Com isso, n\u00e3o apenas garantimos a qualidade do nosso time como tamb\u00e9m contribu\u00edmos para a gera\u00e7\u00e3o de emprego e renda na regi\u00e3o&#8221;, explica o diretor de Opera\u00e7\u00f5es da EuroChem.<\/p>\n<p><b>Fertilizantes Fosfatados<\/b><\/p>\n<p>A meta do Complexo Mineroindustrial de Serra do Salitre \u00e9 fornecer um milh\u00e3o de toneladas de fertilizantes fosfatados por ano ao mercado brasileiro. Um dos diferenciais da planta \u00e9 ter uma linha de produ\u00e7\u00e3o totalmente verticalizada. Ou seja, o processo, em termos log\u00edsticos, envolve desde a minera\u00e7\u00e3o de rocha fosf\u00e1tica, passando pelo enriquecimento da mat\u00e9ria prima at\u00e9 a sa\u00edda dos fertilizantes j\u00e1 totalmente prontos para o consumidor final.<\/p>\n<p>&#8220;Tem a minera\u00e7\u00e3o da rocha fosf\u00e1tica e o passo seguinte \u00e9 aumentar a concentra\u00e7\u00e3o de fosfato no produto; o min\u00e9rio bruto tem 4,5% de fosfato, mas, para a produ\u00e7\u00e3o de fertilizantes, \u00e9 preciso que essa concentra\u00e7\u00e3o chegue a 34%. Al\u00e9m disso, para chegar ao produto final \u00e9 preciso misturar \u00e1cido sulf\u00farico e \u00e1cido fosf\u00f3rico, que tamb\u00e9m ser\u00e3o fabricados na planta e, por fim, o material \u00e9 granulado. Na sequ\u00eancia, ser\u00e3o armazenados e distribu\u00eddos. \u00c9 por isso que falamos em produ\u00e7\u00e3o verticalizada. Todos esses processos ser\u00e3o feitos na mesma \u00e1rea, o que faz o neg\u00f3cio ser eficiente&#8221;, finaliza Crispim.<\/p>\n<p><b>Sobre EuroChem<\/b><\/p>\n<p>A EuroChem \u00e9 um dos l\u00edderes globais do segmento de fertilizantes e um dos \u00fanicos produtores dos tr\u00eas principais macronutrientes da agricultura: nitrog\u00eanio, f\u00f3sforo e pot\u00e1ssio. O Grupo est\u00e1 verticalmente integrado com atividades que abrangem minera\u00e7\u00e3o, produ\u00e7\u00e3o, log\u00edstica e distribui\u00e7\u00e3o de fertilizantes, atuando da mina \u00e0 mesa e empregando mais de 30 mil pessoas em instala\u00e7\u00f5es de produ\u00e7\u00e3o na Europa, \u00c1sia e Comunidade dos Estados Independentes (CIS). Seus produtos est\u00e3o em mais de cem pa\u00edses.<\/p>\n<p>Na Am\u00e9rica do Sul, al\u00e9m de Salitre, tem presen\u00e7a comercial em todos os estados brasileiros com as 22 unidades de mistura e distribui\u00e7\u00e3o da EuroChem Fertilizantes Tocantins e da Fertilizantes Heringer, da qual det\u00e9m o controle acion\u00e1rio; e, na <span class=\"xn-location\">Argentina<\/span>, com a EuroChem Emerger Fertilizantes.\u00a0<\/p>\n<p><b>Para mais informa\u00e7\u00f5es, fotos e v\u00eddeos:<\/b><\/p>\n<p><a href=\"https:\/\/drive.google.com\/drive\/folders\/1NqUfx1Ht_VvuBjso5aFPn2JQ7mQGqkr7?usp=sharing\" target=\"_blank\" rel=\"nofollow noopener\">https:\/\/drive.google.com\/drive\/folders\/1NqUfx1Ht_VvuBjso5aFPn2JQ7mQGqkr7?usp=sharing<\/a><\/p>\n<p>Photo &#8211;\u00a0<a href=\"https:\/\/mma.prnewswire.com\/media\/2361940\/EuroChem_Serra_do_Salitre_complex.jpg\" target=\"_blank\" rel=\"nofollow noopener\">https:\/\/mma.prnewswire.com\/media\/2361940\/EuroChem_Serra_do_Salitre_complex.jpg<\/a><br \/>Photo &#8211;\u00a0<a href=\"https:\/\/mma.prnewswire.com\/media\/2361941\/EuroChem_Serra_do_Salitre.jpg\" target=\"_blank\" rel=\"nofollow noopener\">https:\/\/mma.prnewswire.com\/media\/2361941\/EuroChem_Serra_do_Salitre.jpg<\/a><\/p>\n<p>\u00a0<\/p>\n<div id=\"prni_dvprnejpg6e85left\" dir=\"ltr\" style=\"width: 100%;text-align: left\"><img decoding=\"async\" id=\"prnejpg6e85left\" style=\"width: 400px;height: 267px\" title=\"EuroChem Group's new Serra do Salitre phosphate complex in Brazil\" src=\"https:\/\/mma.prnewswire.com\/media\/2361941\/EuroChem_Serra_do_Salitre.jpg\" alt=\"EuroChem Group's new Serra do Salitre phosphate complex in Brazil\" align=\"middle\" \/><\/div>\n<p>\u00a0<\/p>\n<p id=\"PURL\"><img loading=\"lazy\" decoding=\"async\" title=\"Cision\" width=\"12\" height=\"12\" alt=\"Cision\" src=\"https:\/\/c212.net\/c\/img\/favicon.png?sn=PT60562&amp;sd=2024-03-14\" \/> View original content:<a id=\"PRNURL\" rel=\"nofollow noopener\" href=\"https:\/\/www.prnewswire.com\/br\/comunicados-para-a-imprensa\/eurochem-inaugura-complexo-que-produzira-15-dos-fertilizantes-fosfatados-do-brasil-302089356.html\" target=\"_blank\">https:\/\/www.prnewswire.com\/br\/comunicados-para-a-imprensa\/eurochem-inaugura-complexo-que-produzira-15-dos-fertilizantes-fosfatados-do-brasil-302089356.html<\/a><\/p>\n<p>FONTE  EuroChem<\/p>\n<\/div>\n<p><img decoding=\"async\" alt=\"\" src=\"https:\/\/rt.prnewswire.com\/rt.gif?NewsItemId=PT60562&amp;Transmission_Id=202403140806PR_NEWS_LATAM____PT60562&amp;DateId=20240314\" style=\"border:0px;width:1px;height:1px\" \/><\/p>\n<p>A <b>OESP<\/b> n\u00e3o \u00e9(s\u00e3o) respons\u00e1vel(is) por erros, incorre\u00e7\u00f5es, atrasos ou quaisquer decis\u00f5es tomadas por seus clientes com base nos Conte\u00fados ora disponibilizados, bem como tais Conte\u00fados n\u00e3o representam a opini\u00e3o da <b>OESP<\/b> e s\u00e3o de inteira responsabilidade da <b>PR Newswire Ltda<\/b><\/p>\n","protected":false},"excerpt":{"rendered":"\u00a0O Grupo EuroChem, um dos l\u00edderes globais na produ\u00e7\u00e3o de fertilizantes, inaugurou hoje, 13, na regi\u00e3o do Alto Parana\u00edba, Minas Gerais, o Complexo Mineroindustrial de Serra do Salit","protected":false},"author":1,"featured_media":0,"comment_status":"open","ping_status":"closed","sticky":false,"template":"","format":"standard","meta":{"_acf_changed":false,"inline_featured_image":false,"_monsterinsights_skip_tracking":false,"_monsterinsights_sitenote_active":false,"_monsterinsights_sitenote_note":"","_monsterinsights_sitenote_category":0,"footnotes":""},"categories":[31],"tags":[],"class_list":["post-90724","post","type-post","status-publish","format-standard","hentry","category-prnewsinternacional"],"acf":[],"_links":{"self":[{"href":"https:\/\/bluestudio.estadao.com.br\/agencia-de-comunicacao\/wp-json\/wp\/v2\/posts\/90724","targetHints":{"allow":["GET"]}}],"collection":[{"href":"https:\/\/bluestudio.estadao.com.br\/agencia-de-comunicacao\/wp-json\/wp\/v2\/posts"}],"about":[{"href":"https:\/\/bluestudio.estadao.com.br\/agencia-de-comunicacao\/wp-json\/wp\/v2\/types\/post"}],"author":[{"embeddable":true,"href":"https:\/\/bluestudio.estadao.com.br\/agencia-de-comunicacao\/wp-json\/wp\/v2\/users\/1"}],"replies":[{"embeddable":true,"href":"https:\/\/bluestudio.estadao.com.br\/agencia-de-comunicacao\/wp-json\/wp\/v2\/comments?post=90724"}],"version-history":[{"count":0,"href":"https:\/\/bluestudio.estadao.com.br\/agencia-de-comunicacao\/wp-json\/wp\/v2\/posts\/90724\/revisions"}],"wp:attachment":[{"href":"https:\/\/bluestudio.estadao.com.br\/agencia-de-comunicacao\/wp-json\/wp\/v2\/media?parent=90724"}],"wp:term":[{"taxonomy":"category","embeddable":true,"href":"https:\/\/bluestudio.estadao.com.br\/agencia-de-comunicacao\/wp-json\/wp\/v2\/categories?post=90724"},{"taxonomy":"post_tag","embeddable":true,"href":"https:\/\/bluestudio.estadao.com.br\/agencia-de-comunicacao\/wp-json\/wp\/v2\/tags?post=90724"}],"curies":[{"name":"wp","href":"https:\/\/api.w.org\/{rel}","templated":true}]}}