{"id":90704,"date":"2024-03-13T18:02:00","date_gmt":"2024-03-13T21:02:00","guid":{"rendered":"https:\/\/bluestudio.estadao.com.br\/agencia-de-comunicacao\/releases\/releases-geral\/testemunhas-de-jeova-iniciam-campanha-para-convidar-a-comunidade-para-eventos-especiais\/"},"modified":"2024-03-13T18:02:00","modified_gmt":"2024-03-13T21:02:00","slug":"testemunhas-de-jeova-iniciam-campanha-para-convidar-a-comunidade-para-eventos-especiais","status":"publish","type":"post","link":"https:\/\/bluestudio.estadao.com.br\/agencia-de-comunicacao\/releases\/releases-geral\/testemunhas-de-jeova-iniciam-campanha-para-convidar-a-comunidade-para-eventos-especiais\/","title":{"rendered":"Testemunhas de Jeov\u00e1 iniciam campanha para convidar a comunidade para eventos especiais"},"content":{"rendered":"<p><b><\/b><\/p>\n<p><i>Moradores de todos os Estados e Regi\u00f5es, do Brasil, s\u00e3o convidados para dois eventos especiais que acontecer\u00e3o no m\u00eas de mar\u00e7o nos locais de adora\u00e7\u00e3o das Testemunhas de Jeov\u00e1.<\/i><\/p>\n<p>Para muitos, o domingo 24 de mar\u00e7o pode ser considerado uma data como outra qualquer, mas para milh\u00f5es de pessoas em todo o mundo, ser\u00e1 uma data significativa em que se reunir\u00e3o, ap\u00f3s o p\u00f4r do sol, para lembrar a morte de Jesus Cristo.<\/p>\n<p>Considerado o dia mais importante do ano para as Testemunhas de Jeov\u00e1, a Celebra\u00e7\u00e3o da Morte de Jesus ocorre anualmente no dia 14 do m\u00eas de nis\u00e3 do calend\u00e1rio judaico, que este ano corresponde ao <b>domingo, dia 24 de mar\u00e7o<\/b>, ap\u00f3s o p\u00f4r do sol. Em cumprimento \u00e0 declara\u00e7\u00e3o de Jesus encontrada em Lucas 22:19: \u0093Persistam em fazer isso em mem\u00f3ria de mim\u0094, mais de 8,6 milh\u00f5es de Testemunhas de Jeov\u00e1 em todo o mundo se reunir\u00e3o para lembrar essa data importante e convidam outros a tamb\u00e9m estarem presentes. Ano passado, quase 20 milh\u00f5es de pessoas compareceram ao evento.<\/p>\n<p>\u0093Em todo o mundo, muitas pessoas que n\u00e3o s\u00e3o Testemunhas de Jeov\u00e1 assistem \u00e0 Celebra\u00e7\u00e3o. Esperamos que os membros da nossa comunidade tamb\u00e9m se juntem a n\u00f3s para lembrar a morte de Jesus Cristo e mostrar gratid\u00e3o pelo seu sacrif\u00edcio\u0094, disse Sirlo Santos, porta-voz das Testemunhas de Jeov\u00e1. \u0093Embora seja uma ocasi\u00e3o solene, tamb\u00e9m \u00e9 alegre, pois conhecemos novas pessoas e compartilhamos a alegria de seguirmos a Cristo\u0094.<\/p>\n<p>O evento ter\u00e1 a dura\u00e7\u00e3o de uma hora e contar\u00e1 com um discurso que vai destacar a import\u00e2ncia da morte de Jesus e o que ela significa para toda a humanidade.<\/p>\n<p>Na regi\u00e3o Metropolitana do Rio de Janeiro, uma campanha especial ser\u00e1 realizada em mar\u00e7o de 2024 para convidar os moradores locais a assistir \u00e0 celebra\u00e7\u00e3o anual da Refei\u00e7\u00e3o Noturna do Senhor, bem como para assistir a um discurso especial que ser\u00e1 proferido na semana anterior.<\/p>\n<p>Com o tema <b>\u0093Ressurrei\u00e7\u00e3o &#8211; A vit\u00f3ria sobre a morte\u0094<\/b>, o discurso especial ser\u00e1 proferido nos Sal\u00f5es do Reino no fim de semana de 16 e 17 de mar\u00e7o de 2024. Este discurso de 30 minutos, baseado na B\u00edblia, ter\u00e1 como foco a esperan\u00e7a b\u00edblica de uma ressurrei\u00e7\u00e3o dos mortos num futuro pr\u00f3ximo.<\/p>\n<p>Marcos Silva diz: \u0093Minha fam\u00edlia aguarda ansiosamente o ano todo pelo discurso especial e pela Celebra\u00e7\u00e3o. Os eventos s\u00e3o pr\u00e1ticos e instrutivos, mas tamb\u00e9m nos ajudam a fazer uma pausa e refletir sobre todas as coisas pelas quais podemos ser gratos, coisas essas que podemos considerar b\u00ean\u00e7\u00e3os de Deus\u0094.<\/p>\n<p>Para saber mais sobre como as Testemunhas de Jeov\u00e1 celebram a Ceia do Senhor, visite a p\u00e1gina <a href=\"https:\/\/www.jw.org\/pt\/testemunhas-de-jeova\/perguntas-frequentes\/ceia-do-senhor\/\" target=\"_blank\" rel=\"noopener\"><u><i>Perguntas Frequentes<\/i><\/u><\/a>, no <a href=\"https:\/\/www.jw.org\/pt\/\" target=\"_blank\" rel=\"noopener\"><u>jw.org<\/u><\/a>, o site oficial das Testemunhas de Jeov\u00e1.<\/p>\n<p>Para mais informa\u00e7\u00f5es sobre a Celebra\u00e7\u00e3o de 2024 e o discurso especial e como participar, por favor, visite <a href=\"https:\/\/www.jw.org\/pt\/\" target=\"_blank\" rel=\"noopener\"><u>jw.org<\/u><\/a>.<\/p>\n<p><b>Porta-voz das Testemunhas de Jeov\u00e1<br \/>\nSirlo Jos\u00e9 Gomes Santos<\/b><br \/>\nContato: <b>sirlo.portavoztj@gmail.com<\/b><\/p>\n","protected":false},"excerpt":{"rendered":"Moradores de todos os Estados e Regi\u00f5es, do Brasil, s\u00e3o convidados para dois eventos especiais que acontecer\u00e3o no m\u00eas de mar\u00e7o nos locais de adora\u00e7\u00e3o das Testemunhas de Jeov\u00e1.&lt;\/","protected":false},"author":1,"featured_media":0,"comment_status":"open","ping_status":"closed","sticky":false,"template":"","format":"standard","meta":{"_acf_changed":false,"inline_featured_image":false,"_monsterinsights_skip_tracking":false,"_monsterinsights_sitenote_active":false,"_monsterinsights_sitenote_note":"","_monsterinsights_sitenote_category":0,"footnotes":""},"categories":[34],"tags":[],"class_list":["post-90704","post","type-post","status-publish","format-standard","hentry","category-releases-geral"],"acf":[],"_links":{"self":[{"href":"https:\/\/bluestudio.estadao.com.br\/agencia-de-comunicacao\/wp-json\/wp\/v2\/posts\/90704","targetHints":{"allow":["GET"]}}],"collection":[{"href":"https:\/\/bluestudio.estadao.com.br\/agencia-de-comunicacao\/wp-json\/wp\/v2\/posts"}],"about":[{"href":"https:\/\/bluestudio.estadao.com.br\/agencia-de-comunicacao\/wp-json\/wp\/v2\/types\/post"}],"author":[{"embeddable":true,"href":"https:\/\/bluestudio.estadao.com.br\/agencia-de-comunicacao\/wp-json\/wp\/v2\/users\/1"}],"replies":[{"embeddable":true,"href":"https:\/\/bluestudio.estadao.com.br\/agencia-de-comunicacao\/wp-json\/wp\/v2\/comments?post=90704"}],"version-history":[{"count":0,"href":"https:\/\/bluestudio.estadao.com.br\/agencia-de-comunicacao\/wp-json\/wp\/v2\/posts\/90704\/revisions"}],"wp:attachment":[{"href":"https:\/\/bluestudio.estadao.com.br\/agencia-de-comunicacao\/wp-json\/wp\/v2\/media?parent=90704"}],"wp:term":[{"taxonomy":"category","embeddable":true,"href":"https:\/\/bluestudio.estadao.com.br\/agencia-de-comunicacao\/wp-json\/wp\/v2\/categories?post=90704"},{"taxonomy":"post_tag","embeddable":true,"href":"https:\/\/bluestudio.estadao.com.br\/agencia-de-comunicacao\/wp-json\/wp\/v2\/tags?post=90704"}],"curies":[{"name":"wp","href":"https:\/\/api.w.org\/{rel}","templated":true}]}}