{"id":90678,"date":"2024-03-13T15:33:00","date_gmt":"2024-03-13T18:33:00","guid":{"rendered":"https:\/\/bluestudio.estadao.com.br\/agencia-de-comunicacao\/releases\/releases-geral\/pocos-de-caldas-e-destino-tendencia-para-2024-diz-pesquisa\/"},"modified":"2024-03-13T15:33:00","modified_gmt":"2024-03-13T18:33:00","slug":"pocos-de-caldas-e-destino-tendencia-para-2024-diz-pesquisa","status":"publish","type":"post","link":"https:\/\/bluestudio.estadao.com.br\/agencia-de-comunicacao\/releases\/releases-geral\/pocos-de-caldas-e-destino-tendencia-para-2024-diz-pesquisa\/","title":{"rendered":"Po\u00e7os de Caldas \u00e9 destino tend\u00eancia para 2024, diz pesquisa"},"content":{"rendered":"<p><b>DINO DIVULGADOR DE NOT\u00cdCIAS<\/b><\/p>\n<p>(<a target='_blank' href='http:\/\/www.dino.com.br' rel=\"noopener\">DINO<\/a> &#8211; 13 mar, 2024) &#8211;<br \/>\nBoa comida, contato com a natureza e patrim&ocirc;nios hist&oacute;ricos: essas s&atilde;o apenas algumas caracter&iacute;sticas que fizeram de <a rel=\"follow noopener\" target='_blank' href='https:\/\/www.nacionalinn.com.br\/hoteis\/hotel-thermas-resort-walter-world'>Po&ccedil;os de Caldas<\/a> um dos destinos tend&ecirc;ncia nacionais este ano. Isso &eacute; o que aponta a recente pesquisa de Previs&otilde;es de Viagem para 2024 do <a rel=\"follow noopener\" target='_blank' href='https:\/\/news.booking.com\/pt-br\/bookingcom-apresenta-os-8-destinos-tendencia-nacionais-para-2024\/'>Booking.com<\/a>.<\/p>\n<p>Para o levantamento de dados, foram entrevistadas mais de 27 mil pessoas de 33 diferentes pa&iacute;ses e territ&oacute;rios. E ao lado de destinos tur&iacute;sticos j&aacute; famosos &ndash; como <a rel=\"follow noopener\" target='_blank' href='https:\/\/blog.nacionalinn.com.br\/o-que-fazer-em-foz-do-iguacu-hoje\/'>Foz do Igua&ccedil;u<\/a> &ndash;, a cidade de Po&ccedil;os de Caldas foi escolhida como um dos oito locais no Brasil que t&ecirc;m feito os olhos dos viajantes brilharem.<\/p>\n<p>Para Ricardo Aly, diretor de Vendas, Marketing &amp; Distribui&ccedil;&atilde;o do Hotel Thermas Resort, o resultado &eacute; uma excelente not&iacute;cia. &ldquo;Ver a cidade sendo reconhecida nacionalmente como um destino tur&iacute;stico em ascens&atilde;o &eacute; um testemunho do trabalho &aacute;rduo das autoridades locais e dos empres&aacute;rios do setor de turismo.&rdquo;<\/p>\n<p>&ldquo;Isso certamente impulsionar&aacute; a economia local e trar&aacute; diversas oportunidades para os residentes e visitantes&rdquo;, comemorou o empres&aacute;rio.<\/p>\n<p><strong>O que fazer em Po&ccedil;os de Caldas<\/strong><\/p>\n<p>Localizada ao sudoeste de Minas Gerais, bem pr&oacute;ximo &agrave; divisa com S&atilde;o Paulo, <a rel=\"follow noopener\" target='_blank' href='https:\/\/blog.nacionalinn.com.br\/por-que-visitar-pocos-de-caldas-10-motivos\/'>Po&ccedil;os de Caldas<\/a> fica a cerca de 450 quil&ocirc;metros de Belo Horizonte, e 270 quil&ocirc;metros da capital paulista.<\/p>\n<p>O local combina o charme do interior mineiro com diversas oportunidades de divers&atilde;o. Dentre tudo o que a regi&atilde;o oferece, uma das principais atra&ccedil;&otilde;es do munic&iacute;pio s&atilde;o suas &aacute;guas termais.&nbsp;<\/p>\n<p>&ldquo;O nome &lsquo;Po&ccedil;os&rsquo; j&aacute; diz muito sobre a sua fama nesse aspecto. &Eacute; uma experi&ecirc;ncia &uacute;nica poder relaxar nas piscinas termais e sentir os benef&iacute;cios revitalizantes dessas &aacute;guas&rdquo;, destaca Ricardo Aly.<\/p>\n<p>Outro aspecto bastante atrativo da regi&atilde;o &eacute; a sua culin&aacute;ria, com produtos t&iacute;picos da regi&atilde;o, como bolos, biscoitos, broas, roscas, doces e queijos.<\/p>\n<p>Para isso, a pedida &eacute; seguir o <a rel=\"follow noopener\" target='_blank' href='https:\/\/pocosdecaldas.mg.gov.br\/noticias\/conheca-o-roteiro-de-turismo-rural-de-pocos-de-caldas\/'>Roteiro de Turismo Rural<\/a> criado pela Prefeitura de Po&ccedil;os de Caldas. E, segundo a pesquisa do Booking.com, este tipo de passeio atrai &ldquo;tr&ecirc;s em cada quatro brasileiros que querem experimentar culin&aacute;rias locais durante as f&eacute;rias&rdquo;.&nbsp;<\/p>\n<p>Quem prefere um maior contato com a natureza tamb&eacute;m tem na localidade diferentes op&ccedil;&otilde;es. &ldquo;A cidade possui uma paisagem natural deslumbrante&rdquo;, aponta Aly.<\/p>\n<p>&ldquo;As vistas panor&acirc;micas das montanhas e vales ao redor s&atilde;o de tirar o f&ocirc;lego&rdquo;, ressalta Aly, indicando aquele que &eacute; um dos cart&otilde;es-postais da regi&atilde;o: o Cristo Redentor. Acessado via telef&eacute;rico, o local &ldquo;oferece uma das melhores vistas da regi&atilde;o&rdquo;, enfatiza o diretor.<\/p>\n<p><strong>Arte e Hist&oacute;ria se encontram em Po&ccedil;os de Caldas<\/strong><\/p>\n<p>Al&eacute;m das comidas, parques e roteiros pela floresta adentro, a Po&ccedil;os de Caldas tamb&eacute;m respira cultura. &ldquo;Seja explorando sua arquitetura hist&oacute;rica, seus teatros e pra&ccedil;as ou desfrutando de sua vida noturna, h&aacute; sempre algo interessante para fazer&rdquo;, indica o diretor do Hotel Thermas Resort.<\/p>\n<p>Para quem n&atilde;o dispensa visitar uma boa feirinha para comprar presentes e lembran&ccedil;as, aos domingos e feriados ocorre a Feira de Arte e Artesanato de Po&ccedil;os de Caldas, no centro. E todos os dias, artistas pl&aacute;sticos e artes&atilde;os locais exp&otilde;em seus trabalhos nos arredores das termas.&nbsp;<\/p>\n<p>Por fim, Aly comenta que h&aacute;, ainda, um patrim&ocirc;nio imaterial que se destaca dentre todas as op&ccedil;&otilde;es de lazer que Po&ccedil;os de Caldas oferece: o calor humano. &ldquo;A hospitalidade e o carinho dos moradores fazem com que nos sintamos verdadeiramente bem-vindos. &Eacute; o que transforma uma simples viagem em uma experi&ecirc;ncia memor&aacute;vel&rdquo;, finaliza o diretor.<\/p>\n<p>Para saber mais, basta acessar: <a rel=\"follow noopener\" target='_blank' href='http:\/\/www.nacionalinn.com.br\/hoteis\/hotel-thermas-resort-walter-world'>www.nacionalinn.com.br\/hoteis\/hotel-thermas-resort-walter-world<\/a>.<\/p>\n<p>A <b>OESP<\/b> n\u00e3o \u00e9(s\u00e3o) respons\u00e1vel(is) por erros, incorre\u00e7\u00f5es, atrasos ou quaisquer decis\u00f5es tomadas por seus clientes com base nos Conte\u00fados ora disponibilizados, bem como tais Conte\u00fados n\u00e3o representam a opini\u00e3o da <b>OESP<\/b> e s\u00e3o de inteira responsabilidade da <b>Dino Divulgador de Noticias Online Ltda<\/b><\/p>\n","protected":false},"excerpt":{"rendered":"(DINO &#8211; 13 mar, 2024) &#8211;\nBoa comida, contato com a natureza e patrim&ocirc;nios hist&oacute;ricos: essas s&atilde;o apenas algumas caracter&iacute;sticas que fizeram de Po&ccedil;o","protected":false},"author":1,"featured_media":0,"comment_status":"open","ping_status":"closed","sticky":false,"template":"","format":"standard","meta":{"_acf_changed":false,"inline_featured_image":false,"_monsterinsights_skip_tracking":false,"_monsterinsights_sitenote_active":false,"_monsterinsights_sitenote_note":"","_monsterinsights_sitenote_category":0,"footnotes":""},"categories":[34],"tags":[],"class_list":["post-90678","post","type-post","status-publish","format-standard","hentry","category-releases-geral"],"acf":[],"_links":{"self":[{"href":"https:\/\/bluestudio.estadao.com.br\/agencia-de-comunicacao\/wp-json\/wp\/v2\/posts\/90678","targetHints":{"allow":["GET"]}}],"collection":[{"href":"https:\/\/bluestudio.estadao.com.br\/agencia-de-comunicacao\/wp-json\/wp\/v2\/posts"}],"about":[{"href":"https:\/\/bluestudio.estadao.com.br\/agencia-de-comunicacao\/wp-json\/wp\/v2\/types\/post"}],"author":[{"embeddable":true,"href":"https:\/\/bluestudio.estadao.com.br\/agencia-de-comunicacao\/wp-json\/wp\/v2\/users\/1"}],"replies":[{"embeddable":true,"href":"https:\/\/bluestudio.estadao.com.br\/agencia-de-comunicacao\/wp-json\/wp\/v2\/comments?post=90678"}],"version-history":[{"count":0,"href":"https:\/\/bluestudio.estadao.com.br\/agencia-de-comunicacao\/wp-json\/wp\/v2\/posts\/90678\/revisions"}],"wp:attachment":[{"href":"https:\/\/bluestudio.estadao.com.br\/agencia-de-comunicacao\/wp-json\/wp\/v2\/media?parent=90678"}],"wp:term":[{"taxonomy":"category","embeddable":true,"href":"https:\/\/bluestudio.estadao.com.br\/agencia-de-comunicacao\/wp-json\/wp\/v2\/categories?post=90678"},{"taxonomy":"post_tag","embeddable":true,"href":"https:\/\/bluestudio.estadao.com.br\/agencia-de-comunicacao\/wp-json\/wp\/v2\/tags?post=90678"}],"curies":[{"name":"wp","href":"https:\/\/api.w.org\/{rel}","templated":true}]}}