{"id":90655,"date":"2024-03-13T10:43:00","date_gmt":"2024-03-13T13:43:00","guid":{"rendered":"https:\/\/bluestudio.estadao.com.br\/agencia-de-comunicacao\/prnewswire\/prnewsbrasil\/cgtn-america-e-cctv-un-global-media-dialogue-por-que-2024-e-o-ano-da-primavera-na-china-2\/"},"modified":"2024-03-13T10:43:00","modified_gmt":"2024-03-13T13:43:00","slug":"cgtn-america-e-cctv-un-global-media-dialogue-por-que-2024-e-o-ano-da-primavera-na-china-2","status":"publish","type":"post","link":"https:\/\/bluestudio.estadao.com.br\/agencia-de-comunicacao\/prnewswire\/prnewsbrasil\/cgtn-america-e-cctv-un-global-media-dialogue-por-que-2024-e-o-ano-da-primavera-na-china-2\/","title":{"rendered":"CGTN AMERICA e CCTV UN: Global Media Dialogue: por que 2024 \u00e9 o ano da &#8220;Primavera na China&#8221;?"},"content":{"rendered":"<p><b>PR NEWSWIRE<\/b><\/p>\n<div class=\"xn-content\">\n<span class=\"legendSpanClass\"><span class=\"xn-location\">WASHINGTON<\/span><\/span>, <span class=\"legendSpanClass\">13 de mar\u00e7o de 2024<\/span> \/PRNewswire\/ &#8212; CGTN America e CCTV UN lan\u00e7am &#8220;Global Media Dialogue: por que 2024 \u00e9 o ano da &#8220;Primavera na <span class=\"xn-location\">China<\/span>?&#8221;&#8221;<\/p>\n<p>Logo ap\u00f3s as principais reuni\u00f5es pol\u00edticas anuais do pa\u00eds, o China Media Group \u00e9 o anfitri\u00e3o do Global Media Dialogue, destacando a prosperidade e as oportunidades compartilhadas na <span class=\"xn-location\">China<\/span>: um evento \u00fanico e oportuno para a m\u00eddia com palestrantes, dois pain\u00e9is de especialistas e dignit\u00e1rios da Universidade de <span class=\"xn-location\">Chicago<\/span>.<\/p>\n<p>Nossos dignit\u00e1rios, palestrantes e especialistas discutem o que h\u00e1 de mais recente em &#8220;moderniza\u00e7\u00e3o ao estilo chin\u00eas&#8221;. Tr\u00eas pequenas palavras que assinalam uma vasta e crescente fonte potencial de nova produtividade, coopera\u00e7\u00e3o internacional e riqueza compartilhada.\u00a0<\/p>\n<p>O primeiro painel de discuss\u00e3o apresenta o ex-embaixador dos EUA na <span class=\"xn-location\">China<\/span>, <span class=\"xn-person\">Max Baucus<\/span>; a ex-prefeita de <span class=\"xn-location\">Chicago<\/span>, <span class=\"xn-person\">Lori Lightfoot<\/span>; e o presidente do Instituto de Tecnologia de <span class=\"xn-location\">Illinois<\/span>, Raj Echambadi. O foco aprofundado na din\u00e2mica econ\u00f4mica da <span class=\"xn-location\">China<\/span> e na forma como o processo de moderniza\u00e7\u00e3o da <span class=\"xn-location\">China<\/span> transformou o pa\u00eds em um \u00edm\u00e3 para neg\u00f3cios globais e oportunidades de investimento.<\/p>\n<p>O segundo painel de discuss\u00e3o aborda campos de coopera\u00e7\u00e3o atuais e potenciais, como intelig\u00eancia artificial, energia verde e outras perspectivas industriais. Esse di\u00e1logo ser\u00e1 centrado no maior acesso ao investimento estrangeiro e nos mercados de capitais da <span class=\"xn-location\">China<\/span>.<\/p>\n<p>As discuss\u00f5es tamb\u00e9m analisar\u00e3o cidades irm\u00e3s como <span class=\"xn-location\">Chicago<\/span> e Xangai, que continuam a ser uma ponte para neg\u00f3cios inovadores globais. Nesse t\u00f3pico, os palestrantes s\u00e3o o ex-vice-prefeito de desenvolvimento econ\u00f4mico de <span class=\"xn-location\">Chicago<\/span>, <span class=\"xn-person\">Samir Mayekar<\/span>; o ex-diretor de marketing de <span class=\"xn-location\">Chicago<\/span>, <span class=\"xn-person\">Mike Fassnacht<\/span>; e o presidente da <span class=\"xn-person\">Wanxiang America<\/span>, Pin Ni. Na agenda est\u00e3o t\u00f3picos vitais um pouco mais suaves, incluindo formas de impulsionar o turismo e aumentar os interc\u00e2mbios entre pessoas, \u00e0 medida que a <span class=\"xn-location\">China<\/span> facilita os requisitos de visto para viajantes internacionais.<\/p>\n<p>Os membros do p\u00fablico e os palestrantes podem interagir durante as sess\u00f5es moderadas de perguntas e respostas ap\u00f3s os pain\u00e9is. O evento \u00e9 organizado pelo China Media Group e patrocinado pela C\u00e2mara Geral de Com\u00e9rcio da <span class=\"xn-location\">China<\/span> em <span class=\"xn-location\">Chicago<\/span>.<\/p>\n<p>(Este material \u00e9 distribu\u00eddo pela MediaLinks TV, LLC em nome da CCTV. Informa\u00e7\u00f5es adicionais est\u00e3o dispon\u00edveis no Departamento de Justi\u00e7a, Washington,\u00a0D.C.)<\/p>\n<div>\n<table border=\"0\" cellspacing=\"0\" cellpadding=\"1\" class=\"prnbcc\">\n<tr>\n<td class=\"prngen2\" colspan=\"1\" rowspan=\"1\">\n<p class=\"prnml4\"><span class=\"prnews_span\">Contato:<\/span><\/p>\n<\/td>\n<td class=\"prngen2\" colspan=\"1\" rowspan=\"1\">\n<p class=\"prnml4\"><span class=\"prnews_span\">GEORGE ALEXANDRE<\/span><\/p>\n<\/td>\n<\/tr>\n<tr>\n<td class=\"prngen2\" colspan=\"1\" rowspan=\"1\"><\/td>\n<td class=\"prngen2\" colspan=\"1\" rowspan=\"1\">\n<p class=\"prnml4\"><span class=\"prnews_span\"><a href=\"mailto:Distribution@cgtnamerica.com\" target=\"_blank\" class=\"prnews_a\" rel=\"nofollow noopener\"><span>Distribution@cgtnamerica.com<\/span><\/a> <\/span><\/p>\n<\/td>\n<\/tr>\n<\/table>\n<\/div>\n<p>\u00a0<\/p>\n<p id=\"PURL\"><img loading=\"lazy\" decoding=\"async\" title=\"Cision\" width=\"12\" height=\"12\" alt=\"Cision\" src=\"https:\/\/c212.net\/c\/img\/favicon.png?sn=PT59223&amp;sd=2024-03-13\" \/> View original content:<a id=\"PRNURL\" rel=\"nofollow noopener\" href=\"https:\/\/www.prnewswire.com\/br\/comunicados-para-a-imprensa\/cgtn-america-e-cctv-un-global-media-dialogue-por-que-2024-e-o-ano-da-primavera-na-china-302088150.html\" target=\"_blank\">https:\/\/www.prnewswire.com\/br\/comunicados-para-a-imprensa\/cgtn-america-e-cctv-un-global-media-dialogue-por-que-2024-e-o-ano-da-primavera-na-china-302088150.html<\/a><\/p>\n<p>FONTE  MediaLinks TV LLC<\/p>\n<\/div>\n<p><img decoding=\"async\" alt=\"\" src=\"https:\/\/rt.prnewswire.com\/rt.gif?NewsItemId=PT59223&amp;Transmission_Id=202403130940PR_NEWS_LATAM____PT59223&amp;DateId=20240313\" style=\"border:0px;width:1px;height:1px\" \/><\/p>\n<p>A <b>OESP<\/b> n\u00e3o \u00e9(s\u00e3o) respons\u00e1vel(is) por erros, incorre\u00e7\u00f5es, atrasos ou quaisquer decis\u00f5es tomadas por seus clientes com base nos Conte\u00fados ora disponibilizados, bem como tais Conte\u00fados n\u00e3o representam a opini\u00e3o da <b>OESP<\/b> e s\u00e3o de inteira responsabilidade da <b>PR Newswire Ltda<\/b><\/p>\n","protected":false},"excerpt":{"rendered":"CGTN America e CCTV UN lan\u00e7am &#8220;Global Media Dialogue: por que 2024 \u00e9 o ano da &#8220;Primavera na China?&#8221;&#8221;\nLogo ap\u00f3s as principais reuni\u00f5es pol\u00edticas anuais do pa\u00eds, o China Media G","protected":false},"author":1,"featured_media":0,"comment_status":"open","ping_status":"closed","sticky":false,"template":"","format":"standard","meta":{"_acf_changed":false,"inline_featured_image":false,"_monsterinsights_skip_tracking":false,"_monsterinsights_sitenote_active":false,"_monsterinsights_sitenote_note":"","_monsterinsights_sitenote_category":0,"footnotes":""},"categories":[28],"tags":[],"class_list":["post-90655","post","type-post","status-publish","format-standard","hentry","category-prnewsbrasil"],"acf":[],"_links":{"self":[{"href":"https:\/\/bluestudio.estadao.com.br\/agencia-de-comunicacao\/wp-json\/wp\/v2\/posts\/90655","targetHints":{"allow":["GET"]}}],"collection":[{"href":"https:\/\/bluestudio.estadao.com.br\/agencia-de-comunicacao\/wp-json\/wp\/v2\/posts"}],"about":[{"href":"https:\/\/bluestudio.estadao.com.br\/agencia-de-comunicacao\/wp-json\/wp\/v2\/types\/post"}],"author":[{"embeddable":true,"href":"https:\/\/bluestudio.estadao.com.br\/agencia-de-comunicacao\/wp-json\/wp\/v2\/users\/1"}],"replies":[{"embeddable":true,"href":"https:\/\/bluestudio.estadao.com.br\/agencia-de-comunicacao\/wp-json\/wp\/v2\/comments?post=90655"}],"version-history":[{"count":0,"href":"https:\/\/bluestudio.estadao.com.br\/agencia-de-comunicacao\/wp-json\/wp\/v2\/posts\/90655\/revisions"}],"wp:attachment":[{"href":"https:\/\/bluestudio.estadao.com.br\/agencia-de-comunicacao\/wp-json\/wp\/v2\/media?parent=90655"}],"wp:term":[{"taxonomy":"category","embeddable":true,"href":"https:\/\/bluestudio.estadao.com.br\/agencia-de-comunicacao\/wp-json\/wp\/v2\/categories?post=90655"},{"taxonomy":"post_tag","embeddable":true,"href":"https:\/\/bluestudio.estadao.com.br\/agencia-de-comunicacao\/wp-json\/wp\/v2\/tags?post=90655"}],"curies":[{"name":"wp","href":"https:\/\/api.w.org\/{rel}","templated":true}]}}