{"id":90517,"date":"2024-03-11T10:38:00","date_gmt":"2024-03-11T13:38:00","guid":{"rendered":"https:\/\/bluestudio.estadao.com.br\/agencia-de-comunicacao\/releases\/releases-geral\/recife-promove-festival-de-inovacao-focado-em-gestao-publica\/"},"modified":"2024-03-11T10:38:00","modified_gmt":"2024-03-11T13:38:00","slug":"recife-promove-festival-de-inovacao-focado-em-gestao-publica","status":"publish","type":"post","link":"https:\/\/bluestudio.estadao.com.br\/agencia-de-comunicacao\/releases\/releases-geral\/recife-promove-festival-de-inovacao-focado-em-gestao-publica\/","title":{"rendered":"Recife promove festival de inova\u00e7\u00e3o focado em gest\u00e3o p\u00fablica"},"content":{"rendered":"<p><b>DINO DIVULGADOR DE NOT\u00cdCIAS<\/b><\/p>\n<p>Recife-PE&#8211;(<a target='_blank' href='http:\/\/www.dino.com.br' rel=\"noopener\">DINO<\/a> &#8211; 11 mar, 2024) &#8211;<br \/>\nSolu&ccedil;&otilde;es inovadoras com foco em governos digitais (e-Gov) para facilitar a gest&atilde;o p&uacute;blica e a vida da sociedade &eacute; o foco de um evento in&eacute;dito que acontece a partir dessa ter&ccedil;a-feira (12\/03) e vai at&eacute; a quarta (13\/03). O Encontro Conecta Recife 2024 vai reunir na capital pernambucana institui&ccedil;&otilde;es p&uacute;blicas e privadas, academia, empresas de tecnologia e startups, al&eacute;m de profissionais de diversas &aacute;reas para discutir o que h&aacute; de mais moderno na presta&ccedil;&atilde;o de servi&ccedil;os ao cidad&atilde;o, como o emprego de intelig&ecirc;ncia artificial (I.A.) para o setor de sa&uacute;de e finan&ccedil;as, por exemplo. Promovido pela Prefeitura da Cidade do Recife, atrav&eacute;s da Secretaria de e Ci&ecirc;ncia, Tecnologia e Inova&ccedil;&atilde;o, junto com a Empresa Municipal de Inform&aacute;tica (Emprel), o evento ser&aacute; realizado no Bairro do Recife, um dos mais importantes ambientes de desenvolvimento de tecnologias do Brasil.<\/p>\n<p>A abertura contar&aacute; com a presen&ccedil;a da ministra de Ci&ecirc;ncia e Tecnologia, Luciana Santos, do ministro de Portos e Aeroportos, S&iacute;lvio Costa Filho, do presidente do Servi&ccedil;o Federal de Processamento de Dados (Serpro), Alexandre Amorim e do prefeito da cidade do Recife, Jo&atilde;o Campos. Durante os dois dias, haver&aacute; exposi&ccedil;&atilde;o de empresas desenvolvedoras, rodada de neg&oacute;cios, apresenta&ccedil;&atilde;o de cases da gest&atilde;o municipal e pain&eacute;is tem&aacute;ticos com discuss&atilde;o de temas relevantes, al&eacute;m de I.A., transforma&ccedil;&atilde;o digital, marco legal das startups e os desafios dos munic&iacute;pios na era digital.&nbsp;<\/p>\n<p>Ao todo, 21 pain&eacute;is ser&atilde;o realizados por convidados que s&atilde;o refer&ecirc;ncia em gest&atilde;o p&uacute;blica e em produ&ccedil;&atilde;o tecnol&oacute;gica no Brasil. Nomes como os de Andr&eacute; Longo, presidente da Ag&ecirc;ncia Brasileira de Apoio &agrave; Gest&atilde;o do SUS; Camila Murta, especialista da Amazon Web Service (AWS); Pierre Lucena, presidente do Porto Digital; Ingrid Guimar&atilde;es, presidente da Associa&ccedil;&atilde;o Brasileira de Startups; est&atilde;o entre os 40 congressistas convidados para o Conecta. A ideia, de acordo com os organizadores, &eacute; discutir maneiras de desburocratizar, agilizar, simplificar, unificar e padronizar solu&ccedil;&otilde;es digitais que envolvam governos digitais.&nbsp;<\/p>\n<p>PROGRAMA&Ccedil;&Atilde;O &ndash; Um dos destaques do Conecta Recife s&atilde;o solu&ccedil;&otilde;es desenvolvidas para sa&uacute;de p&uacute;blica. &Eacute; o caso do painel &#8216;Transforma&ccedil;&atilde;o Digital na Sa&uacute;de e Amplia&ccedil;&atilde;o do Acesso e da Qualidade&#8217;, apresentado por H&ecirc;ider Pinto, m&eacute;dico sanitarista e pesquisador da Universidade Federal de S&atilde;o Paulo. Ele abordar&aacute; a transforma&ccedil;&atilde;o digital na sa&uacute;de do pa&iacute;s, discutindo o fortalecimento do setor e a necessidade de avan&ccedil;os na aten&ccedil;&atilde;o especializada. A mesa, que tamb&eacute;m contar&aacute; com a presen&ccedil;a do m&eacute;dico Iran Costa, ser&aacute; moderada por Andr&eacute; Longo, e ter&aacute; ainda a contribui&ccedil;&atilde;o de Gustavo Godoy, PhD em Sa&uacute;de Digital, que vai explorar os desafios e oportunidades trazidos pela transforma&ccedil;&atilde;o digital, incluindo o potencial do Big Data e da I.A. para o Sistema &Uacute;nico de Sa&uacute;de e para os munic&iacute;pios brasileiros.&nbsp;<\/p>\n<p>Em um olhar sustent&aacute;vel, o evento ter&aacute; um painel de discuss&atilde;o sobre cidades inteligentes e sustent&aacute;veis. Tamb&eacute;m ser&atilde;o debatidos o poder do ecossistema global de startups e inova&ccedil;&atilde;o, a nova Lei de Licita&ccedil;&otilde;es, a expertise do Porto Digital como ecossistema de sucesso, I.A. generativa e a&ccedil;&otilde;es de sustentabilidade.&nbsp;<\/p>\n<p>O Conecta Recife contar&aacute;, ainda, com invent&aacute;rio de emiss&otilde;es de gases que ser&aacute; contabilizado em painel em tempo real, indicando a compensa&ccedil;&atilde;o necess&aacute;ria. Nessa linha, promover&aacute; a destina&ccedil;&atilde;o adequada dos res&iacute;duos gerados e tamb&eacute;m disponibilizar&aacute; um ponto de coleta para lixo eletroeletr&ocirc;nico (placas, computadores velhos, impressoras, telefones celulares, etc.) em uma parceria com cooperativas de catadores, garantindo que todo esse material seja reciclado de forma correta e n&atilde;o cause danos ao meio ambiente.<\/p>\n<p>SERVI&Ccedil;O:<\/p>\n<p>O que: Conecta Recife 2024<\/p>\n<p>Quando: 12 e 13 de mar&ccedil;o<\/p>\n<p>Onde: Mirante do Pa&ccedil;o, Recife Antigo (Recife-PE)<\/p>\n<p>Hor&aacute;rio: 8:30h &agrave;s 18h<\/p>\n<p>Site do evento: https:\/\/eventoconecta.recife.pe.gov.br\/<\/p>\n<p>Acompanhe ao vivo: https:\/\/www.youtube.com\/@tvconectarecife<\/p>\n<p>Programa&ccedil;&atilde;o completa: <a rel=\"follow noopener\" target='_blank' href='https:\/\/eventoconecta.recife'>https:\/\/eventoconecta.recife<\/a>.pe.gov.br\/programacao\/.&nbsp;<\/p>\n<p>Website: <a target='_blank' href='https:\/\/eventoconecta.recife.pe.gov.br\/' rel=\"follow noopener\">https:\/\/eventoconecta.recife.pe.gov.br\/<\/a><img src='https:\/\/api.dino.com.br\/v2\/news\/tr\/302142' alt='' style='border:0px;width:1px;height:1px' \/><br \/>\nA <b>OESP<\/b> n\u00e3o \u00e9(s\u00e3o) respons\u00e1vel(is) por erros, incorre\u00e7\u00f5es, atrasos ou quaisquer decis\u00f5es tomadas por seus clientes com base nos Conte\u00fados ora disponibilizados, bem como tais Conte\u00fados n\u00e3o representam a opini\u00e3o da <b>OESP<\/b> e s\u00e3o de inteira responsabilidade da <b>Dino Divulgador de Noticias Online Ltda<\/b><\/p>\n","protected":false},"excerpt":{"rendered":"Recife-PE&#8211;(DINO &#8211; 11 mar, 2024) &#8211;\nSolu&ccedil;&otilde;es inovadoras com foco em governos digitais (e-Gov) para facilitar a gest&atilde;o p&uacute;blica e a vida da sociedade &amp;eac","protected":false},"author":1,"featured_media":0,"comment_status":"open","ping_status":"closed","sticky":false,"template":"","format":"standard","meta":{"_acf_changed":false,"inline_featured_image":false,"_monsterinsights_skip_tracking":false,"_monsterinsights_sitenote_active":false,"_monsterinsights_sitenote_note":"","_monsterinsights_sitenote_category":0,"footnotes":""},"categories":[34],"tags":[],"class_list":["post-90517","post","type-post","status-publish","format-standard","hentry","category-releases-geral"],"acf":[],"_links":{"self":[{"href":"https:\/\/bluestudio.estadao.com.br\/agencia-de-comunicacao\/wp-json\/wp\/v2\/posts\/90517","targetHints":{"allow":["GET"]}}],"collection":[{"href":"https:\/\/bluestudio.estadao.com.br\/agencia-de-comunicacao\/wp-json\/wp\/v2\/posts"}],"about":[{"href":"https:\/\/bluestudio.estadao.com.br\/agencia-de-comunicacao\/wp-json\/wp\/v2\/types\/post"}],"author":[{"embeddable":true,"href":"https:\/\/bluestudio.estadao.com.br\/agencia-de-comunicacao\/wp-json\/wp\/v2\/users\/1"}],"replies":[{"embeddable":true,"href":"https:\/\/bluestudio.estadao.com.br\/agencia-de-comunicacao\/wp-json\/wp\/v2\/comments?post=90517"}],"version-history":[{"count":0,"href":"https:\/\/bluestudio.estadao.com.br\/agencia-de-comunicacao\/wp-json\/wp\/v2\/posts\/90517\/revisions"}],"wp:attachment":[{"href":"https:\/\/bluestudio.estadao.com.br\/agencia-de-comunicacao\/wp-json\/wp\/v2\/media?parent=90517"}],"wp:term":[{"taxonomy":"category","embeddable":true,"href":"https:\/\/bluestudio.estadao.com.br\/agencia-de-comunicacao\/wp-json\/wp\/v2\/categories?post=90517"},{"taxonomy":"post_tag","embeddable":true,"href":"https:\/\/bluestudio.estadao.com.br\/agencia-de-comunicacao\/wp-json\/wp\/v2\/tags?post=90517"}],"curies":[{"name":"wp","href":"https:\/\/api.w.org\/{rel}","templated":true}]}}