{"id":90407,"date":"2024-03-07T16:13:00","date_gmt":"2024-03-07T19:13:00","guid":{"rendered":"https:\/\/bluestudio.estadao.com.br\/agencia-de-comunicacao\/releases\/releases-geral\/mercado-de-credito-privado-chega-a-r-236-bilhoes-em-2023\/"},"modified":"2024-03-07T16:13:00","modified_gmt":"2024-03-07T19:13:00","slug":"mercado-de-credito-privado-chega-a-r-236-bilhoes-em-2023","status":"publish","type":"post","link":"https:\/\/bluestudio.estadao.com.br\/agencia-de-comunicacao\/releases\/releases-geral\/mercado-de-credito-privado-chega-a-r-236-bilhoes-em-2023\/","title":{"rendered":"Mercado de cr\u00e9dito privado chega a R$ 236 bilh\u00f5es em 2023"},"content":{"rendered":"<p><b>DINO DIVULGADOR DE NOT\u00cdCIAS<\/b><\/p>\n<p>(<a target='_blank' href='http:\/\/www.dino.com.br' rel=\"noopener\">DINO<\/a> &#8211; 07 mar, 2024) &#8211;<br \/>\nO mercado de cr&eacute;dito privado passou de R$ 64 bilh&otilde;es em 2016 para R$ 236 bilh&otilde;es em 2023, conforme dados da Anbima (Associa&ccedil;&atilde;o Brasileira das Entidades dos Mercados Financeiro e de Capitais), compartilhados pela revista <a rel=\"follow noopener\" target='_blank' href='https:\/\/exame.com\/insight\/credito-privado-decola-mas-trauma-de-2023-ainda-causa-distorcoes\/p'>Exame<\/a>.<\/p>\n<p>Na perspectiva de Luciano Bravo, mentor de cr&eacute;dito internacional, Country Manager da Savel Capital Partners e CEO da Intelig&ecirc;ncia Comercial, o aquecimento &eacute; resultado da necessidade dos empres&aacute;rios do pa&iacute;s em acessar cr&eacute;dito para manter suas estruturas e crescer. A empresa de Bravo atua com empr&eacute;stimos para empresas brasileiras que buscam investir no pr&oacute;prio crescimento.<\/p>\n<p>&ldquo;O mercado de cr&eacute;dito privado no Brasil pode avan&ccedil;ar ainda mais&rdquo;, considera Bravo. &ldquo;Sabemos que o limitador de 30% na tomada de cr&eacute;dito impossibilita o crescimento de muitos empres&aacute;rios&rdquo;, afirma.&nbsp;<\/p>\n<p>Para o especialista, o cr&eacute;dito privado oferece uma s&eacute;rie de benef&iacute;cios em rela&ccedil;&atilde;o ao financiamento p&uacute;blico, uma vez que o primeiro possui valores no mercado e n&atilde;o se limita a ocasi&otilde;es em que o governo decide liberar determinada linha, por exemplo.<\/p>\n<p>Apesar disso, segundo Bravo, muitos empres&aacute;rios brasileiros ainda n&atilde;o sabem qual &eacute; o caminho que deve ser tomado pelas empresas que desejam contrair empr&eacute;stimos de institui&ccedil;&otilde;es privadas.<\/p>\n<p>&ldquo;Em primeiro lugar, uma companhia que deseja contratar uma linha de cr&eacute;dito privado deve manter o seu fluxo de caixa em dia e procurar novas possibilidades&rdquo;, diz o CEO da Intelig&ecirc;ncia Comercial.<\/p>\n<p>Nesse mercado, de acordo com o mentor, o cr&eacute;dito internacional possibilita que as empresas acessem mais de quatro mil institui&ccedil;&otilde;es financeiras, em mais de dez pa&iacute;ses. &ldquo;Trata-se de uma oportunidade que pode colaborar para o desenvolvimento de neg&oacute;cios de diversos n&iacute;veis e setores, devido &agrave; abund&acirc;ncia de cr&eacute;dito liberado&rdquo;, articula.<\/p>\n<p>Para mais informa&ccedil;&otilde;es, basta acessar: <a rel=\"follow noopener\" target='_blank' href='https:\/\/inteligenciacomercial.com\/'>https:\/\/inteligenciacomercial.com\/<\/a><\/p>\n<p>A <b>OESP<\/b> n\u00e3o \u00e9(s\u00e3o) respons\u00e1vel(is) por erros, incorre\u00e7\u00f5es, atrasos ou quaisquer decis\u00f5es tomadas por seus clientes com base nos Conte\u00fados ora disponibilizados, bem como tais Conte\u00fados n\u00e3o representam a opini\u00e3o da <b>OESP<\/b> e s\u00e3o de inteira responsabilidade da <b>Dino Divulgador de Noticias Online Ltda<\/b><\/p>\n","protected":false},"excerpt":{"rendered":"(DINO &#8211; 07 mar, 2024) &#8211;\nO mercado de cr&eacute;dito privado passou de R$ 64 bilh&otilde;es em 2016 para R$ 236 bilh&otilde;es","protected":false},"author":1,"featured_media":0,"comment_status":"open","ping_status":"closed","sticky":false,"template":"","format":"standard","meta":{"_acf_changed":false,"inline_featured_image":false,"_monsterinsights_skip_tracking":false,"_monsterinsights_sitenote_active":false,"_monsterinsights_sitenote_note":"","_monsterinsights_sitenote_category":0,"footnotes":""},"categories":[34],"tags":[],"class_list":["post-90407","post","type-post","status-publish","format-standard","hentry","category-releases-geral"],"acf":[],"_links":{"self":[{"href":"https:\/\/bluestudio.estadao.com.br\/agencia-de-comunicacao\/wp-json\/wp\/v2\/posts\/90407","targetHints":{"allow":["GET"]}}],"collection":[{"href":"https:\/\/bluestudio.estadao.com.br\/agencia-de-comunicacao\/wp-json\/wp\/v2\/posts"}],"about":[{"href":"https:\/\/bluestudio.estadao.com.br\/agencia-de-comunicacao\/wp-json\/wp\/v2\/types\/post"}],"author":[{"embeddable":true,"href":"https:\/\/bluestudio.estadao.com.br\/agencia-de-comunicacao\/wp-json\/wp\/v2\/users\/1"}],"replies":[{"embeddable":true,"href":"https:\/\/bluestudio.estadao.com.br\/agencia-de-comunicacao\/wp-json\/wp\/v2\/comments?post=90407"}],"version-history":[{"count":0,"href":"https:\/\/bluestudio.estadao.com.br\/agencia-de-comunicacao\/wp-json\/wp\/v2\/posts\/90407\/revisions"}],"wp:attachment":[{"href":"https:\/\/bluestudio.estadao.com.br\/agencia-de-comunicacao\/wp-json\/wp\/v2\/media?parent=90407"}],"wp:term":[{"taxonomy":"category","embeddable":true,"href":"https:\/\/bluestudio.estadao.com.br\/agencia-de-comunicacao\/wp-json\/wp\/v2\/categories?post=90407"},{"taxonomy":"post_tag","embeddable":true,"href":"https:\/\/bluestudio.estadao.com.br\/agencia-de-comunicacao\/wp-json\/wp\/v2\/tags?post=90407"}],"curies":[{"name":"wp","href":"https:\/\/api.w.org\/{rel}","templated":true}]}}