{"id":90332,"date":"2024-03-06T14:22:00","date_gmt":"2024-03-06T17:22:00","guid":{"rendered":"https:\/\/bluestudio.estadao.com.br\/agencia-de-comunicacao\/releases\/releases-geral\/ajp-tour-abu-dhabi-investe-no-jiu-jitsu-brasileiro-2\/"},"modified":"2024-03-06T14:22:00","modified_gmt":"2024-03-06T17:22:00","slug":"ajp-tour-abu-dhabi-investe-no-jiu-jitsu-brasileiro-2","status":"publish","type":"post","link":"https:\/\/bluestudio.estadao.com.br\/agencia-de-comunicacao\/releases\/releases-geral\/ajp-tour-abu-dhabi-investe-no-jiu-jitsu-brasileiro-2\/","title":{"rendered":"AJP Tour: Abu Dhabi investe no jiu jitsu brasileiro"},"content":{"rendered":"<p><b>DINO DIVULGADOR DE NOT\u00cdCIAS<\/b><\/p>\n<p>Rio de Janeiro&#8211;(<a target='_blank' href='http:\/\/www.dino.com.br' rel=\"noopener\">DINO<\/a> &#8211; 06 mar, 2024) &#8211;<br \/>\n<span style='font-weight: 400' data-mce-style='font-weight: 400;'>O interesse de Abu Dhabi pelo jiu jitsu brasileiro n\u00e3o \u00e9 novidade. Desde o fim dos anos 90, a cidade, que \u00e9 reconhecida mundialmente como uma pot\u00eancia econ\u00f4mica e por investimentos em infraestrutura, atrai os holofotes do mundo das artes marciais atrav\u00e9s de megaeventos de lutas. No entanto, de uma d\u00e9cada para c\u00e1, os investimentos na modalidade cresceram significantemente, e a chegada de players como a <\/span><a target='_blank' href='https:\/\/ajptour.com\/pt_BR' data-mce-target='_blank' rel=\"noopener\"><span style='font-weight: 400' data-mce-style='font-weight: 400;'>Abu Dhabi Jiu Jitsu Pro (AJP),<\/span><\/a><span style='font-weight: 400' data-mce-style='font-weight: 400;'> o Abu Dhabi Extreme Championship (ADXC) e, mais recentemente, a plataforma de transmiss\u00e3o online TX7 colocaram a capital dos Emirados \u00c1rabes como uma das refer\u00eancias do jiu jitsu internacional na atualidade.<\/span><\/p>\n<p><span style='font-weight: 400' data-mce-style='font-weight: 400;'>Hoje, Abu Dhabi, atrav\u00e9s da AJP, organiza dezenas de competi\u00e7\u00f5es mensalmente em todos os continentes, e impacta diretamente a vida de milhares de atletas, professores, empreendedores e marcas ligadas ao jiu jitsu no mundo inteiro. A expertise na realiza\u00e7\u00e3o de megaeventos e a valoriza\u00e7\u00e3o dos atletas financeiramente se tornaram marcas registradas da entidade, e tem feito com que os lutadores deixem de lado o amadorismo das federa\u00e7\u00f5es mais tradicionais em prol do profissionalismo e das perspectivas futuras oferecidas pelos eventos \u00e1rabes.<\/span><\/p>\n<p><span style='font-weight: 400' data-mce-style='font-weight: 400;'>&#8216;O que Abu Dhabi faz pelo jiu jitsu internacional \u00e9 incr\u00edvel. Al\u00e9m de valorizarem os atletas financeiramente, com premia\u00e7\u00f5es em dinheiro, bolsas, eles nos colocam como os protagonistas do evento, as grandes estrelas. E acho que \u00e9 assim que deve ser mesmo. Toda a estrutura \u00e9 incr\u00edvel, passa uma imagem mais profissional do nosso esporte e aproxima marcas e empres\u00e1rios tamb\u00e9m que querem investir e patrocinar atletas&#8217;, analisa o faixa preta Jonnatas Gracie, um dos grandes talentos da atualidade.<\/span><\/p>\n<p><span style='font-weight: 400' data-mce-style='font-weight: 400;'>Neste cen\u00e1rio, o Brasil se tornou um parceiro estrat\u00e9gico para Abu Dhabi. Somente em 2024, ser\u00e3o nove competi\u00e7\u00f5es produzidas pela AJP no pa\u00eds, entre eles o Grand Slam e o South America Continental Pro, duas das principais do calend\u00e1rio internacional. Al\u00e9m disso, foi o primeiro pa\u00eds a receber uma filial da ADMA (Abu Dhabi Martial Arts Academy), academia de lutas refer\u00eancia, no Oriente M\u00e9dio, e tamb\u00e9m o primeiro a sediar uma edi\u00e7\u00e3o do ADXC fora dos Emirados \u00c1rabes Unidos, que ocorreu no \u00faltimo dia 2 de mar\u00e7o, em Balne\u00e1rio Cambori\u00fa, Santa Catarina, na BC Fight Week.<\/span>\n<\/p>\n<p><span style='font-weight: 400' data-mce-style='font-weight: 400;'>A BC Fight Week \u00e9 um projeto da IVSM em parceria com a prefeitura de Balne\u00e1rio Cambori\u00fa, que promoveu uma semana de lutas, entre os dias 26 de fevereiro e 3 de mar\u00e7o, na cidade catarinense, com a realiza\u00e7\u00e3o de grandes eventos internacionais al\u00e9m de apresenta\u00e7\u00f5es de projetos sociais e semin\u00e1rios com estrelas do esporte. Entre os destaques da semana est\u00e3o o South America Continental Pro de Jiu Jitsu, realizado nos dias 1, 2 e 3 de mar\u00e7o, o ADXC, no dia 2, e o UAE Warriors, de MMA, fechando o calend\u00e1rio no dia 3 de mar\u00e7o.<\/span><\/p>\n<p><span style='font-weight: 400' data-mce-style='font-weight: 400;'>&#8216;Tivemos o prazer de organizar a terceira edi\u00e7\u00e3o do Abu Dhabi Extreme Championship (ADXC 3) no Brasil, garantindo aos f\u00e3s dos esportes de combate, especialmente Jiu-Jitsu e Grappling, um evento repleto de lutas emocionantes e exibi\u00e7\u00f5es habilidosas apresentadas por um&nbsp; grupo dos melhores jogadores de Jiu-Jitsu do Brasil e do mundo. Esta etapa reflete o nosso reconhecimento da import\u00e2ncia da coopera\u00e7\u00e3o entre os Emirados \u00c1rabes Unidos e o Brasil no no campo dos esportes, advindo da paix\u00e3o e excel\u00eancia compartilhadas pelo Jiu-Jitsu, que contribui para enriquecer o cen\u00e1rio mundial dos esportes de combate e apresentar eventos esportivos in\u00e9ditos, al\u00e9m de proporcionar aos atletas dos dois pa\u00edses a oportunidade de trocar experi\u00eancias, mostrar e testar suas habilidades&#8217;, afirma Tareq Al Bahri, Gerente Geral da International Vision Sports Management (IVSM).<\/p>\n<p><\/span><\/p>\n<p><strong>Mais visibilidade, mais patroc\u00ednio<\/strong><\/p>\n<p><span style='font-weight: 400' data-mce-style='font-weight: 400;'>Os eventos promovidos por Abu Dhabi proporcionam uma visibilidade significativa n\u00e3o s\u00f3 para professores e atletas, mas tamb\u00e9m para as marcas ligadas ao esporte. Algumas empresas t\u00eam buscado associar suas imagens aos valores, profissionalismo e credibilidade dos eventos \u00e1rabes por meio de patroc\u00ednios e parcerias. Essa estrat\u00e9gia n\u00e3o apenas promove as marcas, mas tamb\u00e9m destaca o compromisso com os princ\u00edpios fundamentais do Jiu-Jitsu, como disciplina e respeito, estabelecendo conex\u00f5es duradouras com a comunidade do esporte. Esse \u00e9 o caso da Brazil Combat, tradicional fabricante de quimonos e assess\u00f3rios de Jiu Jitsu.<\/span><\/p>\n<p><span style='font-weight: 400' data-mce-style='font-weight: 400;'>&#8216;\u00c9 fundamental para n\u00f3s termos eventos dessa qualidade e dessa grandeza como os organizados pela AJP. D\u00e3o uma visibilidade internacional para os atleta e consequentemente \u00e0s marcas que os apoiam, agregando valor aos produtos e aos neg\u00f3cios. Al\u00e9m disso , nos obriga tamb\u00e9m a estarmos buscando sempre o aperfei\u00e7oamento para seguir no n\u00edvel exigido pelo mercado. Sem d\u00favidas, todos ganham&#8217;, afirma Fabr\u00edcio Brito, dono da Brazil Combat, uma das mais tradicionais empresas de equipamentos de jiu jitsu do Brasil.<\/p>\n<p><\/span><\/p>\n<p><strong>Benef\u00edcios al\u00e9m dos tatames<\/strong><\/p>\n<p><span style='font-weight: 400' data-mce-style='font-weight: 400;'>Os eventos de Abu Dhabi v\u00e3o al\u00e9m da competi\u00e7\u00e3o esportiva, desempenhando um papel vital no interc\u00e2mbio cultural. Recentemente, jovens do Complexo da Mar\u00e9, no Rio de Janeiro, participaram do World Pro, em Abu Dhabi, tendo a oportunidade de troca de conhecimento e experi\u00eancias. Esse interc\u00e2mbio n\u00e3o apenas eleva o n\u00edvel t\u00e9cnico dos atletas brasileiros, mas tamb\u00e9m enriquece a diversidade no cen\u00e1rio global do Jiu-Jitsu.<\/span><\/p>\n<p><span style='font-weight: 400' data-mce-style='font-weight: 400;'>&#8216;Fomos segundo ano consecutivo, foi um sonho realizado. Levei 36 jovens de comunidade. Era algo muito distante da nossa realidade, mas com muito trabalho conseguimos. Foi muito enriquecedor n\u00e3o s\u00f3 pelos resultados mas por toda a experi\u00eancia, os contatos feitos. Estamos inclusive negociando um apoio para o nosso projeto a partir dessa ida para Abu Dhabi&#8217;, conta Douglas Gentil, faixa preta e l\u00edder do projeto social Mar\u00e9 Top Team.<\/span><\/p>\n<p><span style='font-weight: 400' data-mce-style='font-weight: 400;'>Outro benef\u00edcio \u00e9 na economia local. Os eventos organizados pela AJP impulsionam o turismo nacional, atraindo visitantes interessados na atmosfera \u00fanica dessas competi\u00e7\u00f5es de classe mundial. O jiu jitsu, assim, se consolida como um ve\u00edculo n\u00e3o apenas esportivo, mas cultural e tur\u00edstico, promovendo conex\u00f5es al\u00e9m das fronteiras.<\/span><\/p>\n<\/p>\n<p>Website: <a target='_blank' href='https:\/\/ajptour.com\/pt_BR' rel=\"follow noopener\">https:\/\/ajptour.com\/pt_BR<\/a><img src='https:\/\/api.dino.com.br\/v2\/news\/tr\/301028' alt='' style='border:0px;width:1px;height:1px' \/><br \/>\nA <b>OESP<\/b> n\u00e3o \u00e9(s\u00e3o) respons\u00e1vel(is) por erros, incorre\u00e7\u00f5es, atrasos ou quaisquer decis\u00f5es tomadas por seus clientes com base nos Conte\u00fados ora disponibilizados, bem como tais Conte\u00fados n\u00e3o representam a opini\u00e3o da <b>OESP<\/b> e s\u00e3o de inteira responsabilidade da <b>Dino Divulgador de Noticias Online Ltda<\/b><\/p>\n","protected":false},"excerpt":{"rendered":"Rio de Janeiro&#8211;(DINO &#8211; 06 mar, 2024) &#8211;\nO interesse de Abu","protected":false},"author":1,"featured_media":0,"comment_status":"open","ping_status":"closed","sticky":false,"template":"","format":"standard","meta":{"_acf_changed":false,"inline_featured_image":false,"_monsterinsights_skip_tracking":false,"_monsterinsights_sitenote_active":false,"_monsterinsights_sitenote_note":"","_monsterinsights_sitenote_category":0,"footnotes":""},"categories":[34],"tags":[],"class_list":["post-90332","post","type-post","status-publish","format-standard","hentry","category-releases-geral"],"acf":[],"_links":{"self":[{"href":"https:\/\/bluestudio.estadao.com.br\/agencia-de-comunicacao\/wp-json\/wp\/v2\/posts\/90332","targetHints":{"allow":["GET"]}}],"collection":[{"href":"https:\/\/bluestudio.estadao.com.br\/agencia-de-comunicacao\/wp-json\/wp\/v2\/posts"}],"about":[{"href":"https:\/\/bluestudio.estadao.com.br\/agencia-de-comunicacao\/wp-json\/wp\/v2\/types\/post"}],"author":[{"embeddable":true,"href":"https:\/\/bluestudio.estadao.com.br\/agencia-de-comunicacao\/wp-json\/wp\/v2\/users\/1"}],"replies":[{"embeddable":true,"href":"https:\/\/bluestudio.estadao.com.br\/agencia-de-comunicacao\/wp-json\/wp\/v2\/comments?post=90332"}],"version-history":[{"count":0,"href":"https:\/\/bluestudio.estadao.com.br\/agencia-de-comunicacao\/wp-json\/wp\/v2\/posts\/90332\/revisions"}],"wp:attachment":[{"href":"https:\/\/bluestudio.estadao.com.br\/agencia-de-comunicacao\/wp-json\/wp\/v2\/media?parent=90332"}],"wp:term":[{"taxonomy":"category","embeddable":true,"href":"https:\/\/bluestudio.estadao.com.br\/agencia-de-comunicacao\/wp-json\/wp\/v2\/categories?post=90332"},{"taxonomy":"post_tag","embeddable":true,"href":"https:\/\/bluestudio.estadao.com.br\/agencia-de-comunicacao\/wp-json\/wp\/v2\/tags?post=90332"}],"curies":[{"name":"wp","href":"https:\/\/api.w.org\/{rel}","templated":true}]}}