{"id":90050,"date":"2024-03-01T16:00:00","date_gmt":"2024-03-01T19:00:00","guid":{"rendered":"https:\/\/bluestudio.estadao.com.br\/agencia-de-comunicacao\/releases\/releases-geral\/programa-de-emagrecimento-da-amil-acompanhou-10-mil-em-2023\/"},"modified":"2024-03-01T16:00:00","modified_gmt":"2024-03-01T19:00:00","slug":"programa-de-emagrecimento-da-amil-acompanhou-10-mil-em-2023","status":"publish","type":"post","link":"https:\/\/bluestudio.estadao.com.br\/agencia-de-comunicacao\/releases\/releases-geral\/programa-de-emagrecimento-da-amil-acompanhou-10-mil-em-2023\/","title":{"rendered":"Programa de Emagrecimento da Amil acompanhou 10 mil em 2023"},"content":{"rendered":"<p><b>DINO DIVULGADOR DE NOT\u00cdCIAS<\/b><\/p>\n<p>S\u00e3o Paulo, SP&#8211;(<a target='_blank' href='http:\/\/www.dino.com.br' rel=\"noopener\">DINO<\/a> &#8211; 01 mar, 2024) &#8211;<br \/>\nSempre lembrada nas a&ccedil;&otilde;es para preven&ccedil;&atilde;o e tratamento da obesidade promovidas pelo 04 de mar&ccedil;o, Dia Mundial da Obesidade, a cirurgia bari&aacute;trica, tamb&eacute;m chamada de gastroplastia ou redu&ccedil;&atilde;o de est&ocirc;mago, &eacute; tratada em recente estudo que apresenta novidades sobre o procedimento. Segundo o trabalho publicado h&aacute; poucas semanas no <a rel=\"follow noopener\" target='_blank' href='https:\/\/jamanetwork.com\/journals\/jamanetworkopen\/fullarticle\/2814867'>JAMA Network Open<\/a> &#8211; Journal of the American Medical Association, al&eacute;m da perda de peso em pessoas com obesidade, a bari&aacute;trica pode beneficiar a fun&ccedil;&atilde;o cognitiva, melhorando a mem&oacute;ria e a aten&ccedil;&atilde;o, sendo assim uma op&ccedil;&atilde;o de tratamento para pacientes com obesidade e dem&ecirc;ncia.<\/p>\n<p>Mais estudos s&atilde;o necess&aacute;rios para embasar essas descobertas, no entanto, independente da condi&ccedil;&atilde;o do paciente, &eacute; importante um longo e minucioso acompanhamento m&eacute;dico para se ter certeza de que a cirurgia &eacute; indicada, como esclarece o Dr. Jose Luiz Carneiro, diretor-executivo m&eacute;dico da Amil.<\/p>\n<p>&ldquo;Existem diferentes t&eacute;cnicas de cirurgias bari&aacute;tricas e indica&ccedil;&otilde;es cl&iacute;nicas que precisam ser seguidas &agrave; risca pela equipe m&eacute;dica multidisciplinar envolvida no cuidado ao paciente. Al&eacute;m disso, o acompanhamento psicol&oacute;gico &eacute; indispens&aacute;vel antes e ap&oacute;s o procedimento&rdquo;, afirma o m&eacute;dico.<\/p>\n<p>Em 2023, a Amil realizou 1.713 cirurgias bari&aacute;tricas. Destas, 70% foram realizadas em pacientes participantes do seu Programa de Emagrecimento, que busca garantir o sucesso do tratamento para obesidade atrav&eacute;s de acompanhamento multidisciplinar, educa&ccedil;&atilde;o em sa&uacute;de e preven&ccedil;&atilde;o das doen&ccedil;as cr&ocirc;nicas que podem ser desencadeadas pelo excesso de peso e obesidade, como diabetes tipo 2, doen&ccedil;as cardiovasculares, hipertens&atilde;o, acidente vascular cerebral e diversos tipos de c&acirc;ncer.<\/p>\n<p>&ldquo;O objetivo &eacute; melhorar a qualidade de vida dos benefici&aacute;rios inscritos no programa. Sabemos que a obesidade &eacute; fator de risco para in&uacute;meros outros problemas, e que suas causas s&atilde;o profundas e complexas, provenientes de fatores gen&eacute;ticos, psicol&oacute;gicos, socioculturais, econ&ocirc;micos e ambientais. Por isso, dependendo da situa&ccedil;&atilde;o do paciente, tentamos em um primeiro momento o tratamento conservador, promovendo mudan&ccedil;as no estilo de vida do indiv&iacute;duo&rdquo;, explica o Dr. Jos&eacute; Luiz.<\/p>\n<p>Em 2023, o programa acompanhou mais de 10 mil pacientes. Os cuidados se iniciam com a proposta de Emagrecimento Cl&iacute;nico, onde os participantes s&atilde;o acompanhados durante um ano, de forma presencial e online, por m&eacute;dicos de diferentes especialidades, nutricionistas e psic&oacute;logos. Cada caso &eacute; discutido de forma individualizada entre a equipe de sa&uacute;de e o paciente, com foco na reeduca&ccedil;&atilde;o alimentar, suporte psicol&oacute;gico e incentivo &agrave; atividade f&iacute;sica.<\/p>\n<p>Os pacientes com severos riscos &agrave; sa&uacute;de que n&atilde;o apresentam a resposta esperada no tratamento cl&iacute;nico s&atilde;o encaminhados para o Programa de Emagrecimento Cir&uacute;rgico, com acompanhamento pr&eacute;-operat&oacute;rio e durante 24 meses ap&oacute;s a cirurgia bari&aacute;trica &#8211; com maior foco nas mudan&ccedil;as no estilo de vida que aumentam os &iacute;ndices de sucesso do procedimento.<\/p>\n<p>O m&eacute;dico destaca a import&acirc;ncia do apoio de amigos e familiares no resgate da sa&uacute;de e qualidade de vida das pessoas que buscam tratamento: &ldquo;&Eacute; fundamental que a sociedade perceba a obesidade de uma forma mais emp&aacute;tica e compreenda o impacto na vida da pessoa que convive com a doen&ccedil;a, as dificuldades e desafios que enfrenta&rdquo;.<\/p>\n<p>Website: <a target='_blank' href='https:\/\/institucional.amil.com.br\/' rel=\"follow noopener\">https:\/\/institucional.amil.com.br\/<\/a><img src='https:\/\/api.dino.com.br\/v2\/news\/tr\/287043' alt='' style='border:0px;width:1px;height:1px' \/><br \/>\nA <b>OESP<\/b> n\u00e3o \u00e9(s\u00e3o) respons\u00e1vel(is) por erros, incorre\u00e7\u00f5es, atrasos ou quaisquer decis\u00f5es tomadas por seus clientes com base nos Conte\u00fados ora disponibilizados, bem como tais Conte\u00fados n\u00e3o representam a opini\u00e3o da <b>OESP<\/b> e s\u00e3o de inteira responsabilidade da <b>Dino Divulgador de Noticias Online Ltda<\/b><\/p>\n","protected":false},"excerpt":{"rendered":"DINO DIVULGADOR DE NOT\u00cdCIAS S\u00e3o Paulo, SP&#8211;(DINO &#8211; 01 mar, 2024) &#8211; Sempre lembrada nas a&ccedil;&otilde;es para preven&ccedil;&atilde;o e tratamento da obesidade promovidas pelo 04","protected":false},"author":1,"featured_media":0,"comment_status":"open","ping_status":"closed","sticky":false,"template":"","format":"standard","meta":{"_acf_changed":false,"inline_featured_image":false,"_monsterinsights_skip_tracking":false,"_monsterinsights_sitenote_active":false,"_monsterinsights_sitenote_note":"","_monsterinsights_sitenote_category":0,"footnotes":""},"categories":[34],"tags":[],"class_list":["post-90050","post","type-post","status-publish","format-standard","hentry","category-releases-geral"],"acf":[],"_links":{"self":[{"href":"https:\/\/bluestudio.estadao.com.br\/agencia-de-comunicacao\/wp-json\/wp\/v2\/posts\/90050","targetHints":{"allow":["GET"]}}],"collection":[{"href":"https:\/\/bluestudio.estadao.com.br\/agencia-de-comunicacao\/wp-json\/wp\/v2\/posts"}],"about":[{"href":"https:\/\/bluestudio.estadao.com.br\/agencia-de-comunicacao\/wp-json\/wp\/v2\/types\/post"}],"author":[{"embeddable":true,"href":"https:\/\/bluestudio.estadao.com.br\/agencia-de-comunicacao\/wp-json\/wp\/v2\/users\/1"}],"replies":[{"embeddable":true,"href":"https:\/\/bluestudio.estadao.com.br\/agencia-de-comunicacao\/wp-json\/wp\/v2\/comments?post=90050"}],"version-history":[{"count":0,"href":"https:\/\/bluestudio.estadao.com.br\/agencia-de-comunicacao\/wp-json\/wp\/v2\/posts\/90050\/revisions"}],"wp:attachment":[{"href":"https:\/\/bluestudio.estadao.com.br\/agencia-de-comunicacao\/wp-json\/wp\/v2\/media?parent=90050"}],"wp:term":[{"taxonomy":"category","embeddable":true,"href":"https:\/\/bluestudio.estadao.com.br\/agencia-de-comunicacao\/wp-json\/wp\/v2\/categories?post=90050"},{"taxonomy":"post_tag","embeddable":true,"href":"https:\/\/bluestudio.estadao.com.br\/agencia-de-comunicacao\/wp-json\/wp\/v2\/tags?post=90050"}],"curies":[{"name":"wp","href":"https:\/\/api.w.org\/{rel}","templated":true}]}}