{"id":90011,"date":"2024-03-01T10:10:00","date_gmt":"2024-03-01T13:10:00","guid":{"rendered":"https:\/\/bluestudio.estadao.com.br\/agencia-de-comunicacao\/releases\/releases-geral\/medicina-e-loucura-e-abordado-atraves-de-ciclo-de-filmes\/"},"modified":"2024-03-01T10:10:00","modified_gmt":"2024-03-01T13:10:00","slug":"medicina-e-loucura-e-abordado-atraves-de-ciclo-de-filmes","status":"publish","type":"post","link":"https:\/\/bluestudio.estadao.com.br\/agencia-de-comunicacao\/releases\/releases-geral\/medicina-e-loucura-e-abordado-atraves-de-ciclo-de-filmes\/","title":{"rendered":"Medicina e Loucura \u00e9 abordado atrav\u00e9s de ciclo de filmes"},"content":{"rendered":"<p><b>DINO DIVULGADOR DE NOT\u00cdCIAS<\/b><\/p>\n<p>S\u00e3o Jos\u00e9 do Rio Preto &#8211; SP&#8211;(<a target='_blank' href='http:\/\/www.dino.com.br' rel=\"noopener\">DINO<\/a> &#8211; 01 mar, 2024) &#8211;<br \/>\nEstreia em mar&ccedil;o o projeto Cine FACERES. Um ciclo de filmes que promovem a discuss&atilde;o e reflex&atilde;o cr&iacute;tica pertinentes &agrave; &aacute;rea da sa&uacute;de em geral.<\/p>\n<p>Para o professor Arar&eacute; Carvalho, curador do projeto, a ideia &eacute; aumentar o n&iacute;vel de informa&ccedil;&atilde;o, bem como o n&iacute;vel cultural dos estudantes. &ldquo;Composto por seis filmes de longa-metragem cuidadosamente selecionados, pretendemos expandir o senso cr&iacute;tico e a sensibilidade art&iacute;stica&rdquo;, explica Arar&eacute;.<\/p>\n<p>O ciclo &#8216;Medicina e Loucura&#8217; ter&aacute; in&iacute;cio em 13 de mar&ccedil;o, &agrave;s 18h15, no audit&oacute;rio da faculdade, com a exibi&ccedil;&atilde;o do filme &#8216;Um Estranho no Ninho&#8217; (1976), estrelado por Jack Nicholson. Ambientado em uma cl&iacute;nica psiqui&aacute;trica, o filme retrata a hist&oacute;ria de Randall McMurphy, um esp&iacute;rito livre que lidera os pacientes em uma rebeli&atilde;o contra a equipe opressiva da enfermeira Ratched.<\/p>\n<p>Os outros cinco filmes que completam o ciclo s&atilde;o:<\/p>\n<p>&#8216;Coringa&#8217; (2019): A hist&oacute;ria de Arthur Fleck (Joaquin Phoenix), um palha&ccedil;o que lida com problemas mentais e se v&ecirc; envolvido em uma espiral descendente.<\/p>\n<p>&#8216;Bicho de Sete Cabe&ccedil;as&#8217; (2001): Um filme brasileiro que retrata o relacionamento dif&iacute;cil entre pai e filho, culminando na interna&ccedil;&atilde;o do filho em um manic&ocirc;mio.<\/p>\n<p>&#8216;Freud, Al&eacute;m da Alma&#8217; (1962): Uma biografia romanceada do pai da psican&aacute;lise, Sigmund Freud, explorando seus casos mais c&eacute;lebres e sua jornada para desenvolver a teoria psicanal&iacute;tica.<\/p>\n<p>&#8216;Melhor Imposs&iacute;vel&#8217; (1998): Um filme que acompanha a jornada de um escritor sarc&aacute;stico e seu relacionamento com um artista gay e uma gar&ccedil;onete, revelando como o destino pode unir pessoas inesperadamente.<\/p>\n<p>&#8216;Nise: O Cora&ccedil;&atilde;o da Loucura&#8217; (2015): Baseado em fatos reais, este filme narra a experi&ecirc;ncia de Nise da Silveira (interpretada por Gloria Pires) no Centro Psiqui&aacute;trico do Engenho de Dentro, no Rio de Janeiro, mostrando sua abordagem revolucion&aacute;ria no tratamento de pacientes psiqui&aacute;tricos.<\/p>\n<p>&ldquo;Com essa sele&ccedil;&atilde;o diversificada de filmes, o ciclo &#8216;Medicina e Loucura&#8217; oferece uma oportunidade para os acad&ecirc;micos explorarem quest&otilde;es complexas relacionadas &agrave; sa&uacute;de mental e ao tratamento de pacientes, enquanto tamb&eacute;m apreciam a arte cinematogr&aacute;fica&rdquo;, finaliza o professor Arar&eacute;.<\/p>\n<p>O evento &eacute; uma iniciativa do N&uacute;cleo Acad&ecirc;mico Cultural da FACERES. &Eacute; aberto ao p&uacute;blico e gratuito.<\/p>\n<p>Website: <a target='_blank' href='https:\/\/faceres.com.br\/' rel=\"follow noopener\">https:\/\/faceres.com.br\/<\/a><img src='https:\/\/api.dino.com.br\/v2\/news\/tr\/292417' alt='' style='border:0px;width:1px;height:1px' \/><br \/>\nA <b>OESP<\/b> n\u00e3o \u00e9(s\u00e3o) respons\u00e1vel(is) por erros, incorre\u00e7\u00f5es, atrasos ou quaisquer decis\u00f5es tomadas por seus clientes com base nos Conte\u00fados ora disponibilizados, bem como tais Conte\u00fados n\u00e3o representam a opini\u00e3o da <b>OESP<\/b> e s\u00e3o de inteira responsabilidade da <b>Dino Divulgador de Noticias Online Ltda<\/b><\/p>\n","protected":false},"excerpt":{"rendered":"DINO DIVULGADOR DE NOT\u00cdCIAS S\u00e3o Jos\u00e9 do Rio Preto &#8211; SP&#8211;(DINO &#8211; 01 mar, 2024) &#8211; Estreia em mar&ccedil;o o projeto Cine FACERES. Um ciclo de filmes que promovem a","protected":false},"author":1,"featured_media":0,"comment_status":"open","ping_status":"closed","sticky":false,"template":"","format":"standard","meta":{"_acf_changed":false,"inline_featured_image":false,"_monsterinsights_skip_tracking":false,"_monsterinsights_sitenote_active":false,"_monsterinsights_sitenote_note":"","_monsterinsights_sitenote_category":0,"footnotes":""},"categories":[34],"tags":[],"class_list":["post-90011","post","type-post","status-publish","format-standard","hentry","category-releases-geral"],"acf":[],"_links":{"self":[{"href":"https:\/\/bluestudio.estadao.com.br\/agencia-de-comunicacao\/wp-json\/wp\/v2\/posts\/90011","targetHints":{"allow":["GET"]}}],"collection":[{"href":"https:\/\/bluestudio.estadao.com.br\/agencia-de-comunicacao\/wp-json\/wp\/v2\/posts"}],"about":[{"href":"https:\/\/bluestudio.estadao.com.br\/agencia-de-comunicacao\/wp-json\/wp\/v2\/types\/post"}],"author":[{"embeddable":true,"href":"https:\/\/bluestudio.estadao.com.br\/agencia-de-comunicacao\/wp-json\/wp\/v2\/users\/1"}],"replies":[{"embeddable":true,"href":"https:\/\/bluestudio.estadao.com.br\/agencia-de-comunicacao\/wp-json\/wp\/v2\/comments?post=90011"}],"version-history":[{"count":0,"href":"https:\/\/bluestudio.estadao.com.br\/agencia-de-comunicacao\/wp-json\/wp\/v2\/posts\/90011\/revisions"}],"wp:attachment":[{"href":"https:\/\/bluestudio.estadao.com.br\/agencia-de-comunicacao\/wp-json\/wp\/v2\/media?parent=90011"}],"wp:term":[{"taxonomy":"category","embeddable":true,"href":"https:\/\/bluestudio.estadao.com.br\/agencia-de-comunicacao\/wp-json\/wp\/v2\/categories?post=90011"},{"taxonomy":"post_tag","embeddable":true,"href":"https:\/\/bluestudio.estadao.com.br\/agencia-de-comunicacao\/wp-json\/wp\/v2\/tags?post=90011"}],"curies":[{"name":"wp","href":"https:\/\/api.w.org\/{rel}","templated":true}]}}