{"id":89858,"date":"2024-02-29T12:40:00","date_gmt":"2024-02-29T15:40:00","guid":{"rendered":"https:\/\/bluestudio.estadao.com.br\/agencia-de-comunicacao\/releases\/releases-geral\/mercado-do-lixo-eletronico-espera-ganhar-impulso-com-a-cop30\/"},"modified":"2024-02-29T12:40:00","modified_gmt":"2024-02-29T15:40:00","slug":"mercado-do-lixo-eletronico-espera-ganhar-impulso-com-a-cop30","status":"publish","type":"post","link":"https:\/\/bluestudio.estadao.com.br\/agencia-de-comunicacao\/releases\/releases-geral\/mercado-do-lixo-eletronico-espera-ganhar-impulso-com-a-cop30\/","title":{"rendered":"Mercado do lixo eletr\u00f4nico espera ganhar impulso com a COP30"},"content":{"rendered":"<p><b>DINO DIVULGADOR DE NOT\u00cdCIAS<\/b><\/p>\n<p>S\u00e3o Paulo\/SP&#8211;(<a target='_blank' href='http:\/\/www.dino.com.br' rel=\"noopener\">DINO<\/a> &#8211; 29 fev, 2024) &#8211;<br \/>\nOs alertas sobre a crise dos res&iacute;duos s&atilde;o claros, especialmente devido &agrave; significativa e cont&iacute;nua gera&ccedil;&atilde;o de rejeitos. O Brasil produz anualmente mais de 2 milh&otilde;es de toneladas de lixo eletr&ocirc;nico, segundo um <a rel=\"follow noopener\" target='_blank' href='https:\/\/greeneletron.org.br\/pesquisa'>estudo<\/a> feito pela Radar Pesquisas. E os dados mostram que os impactos negativos desse volume s&atilde;o enormes.<\/p>\n<p>Por um lado a pesquisa mostra que falta muita consci&ecirc;ncia do consumidor quanto ao uso e descarte desses materiais. Por outro lado, ressalta-se a necessidade da ind&uacute;stria da reciclagem crescer no pa&iacute;s.<\/p>\n<p>Marcelo Souza, especialista em economia circular, entende que &eacute; preciso encarar a reciclagem como um fator estrat&eacute;gico e de sa&uacute;de p&uacute;blica. Ele destaca a import&acirc;ncia de investimentos na ind&uacute;stria de reciclagem, conscientiza&ccedil;&atilde;o e educa&ccedil;&atilde;o para promover uma economia circular e de baixo carbono.<\/p>\n<p>&ldquo;E preciso fomentar capital para a ind&uacute;stria da reciclagem e investir em conscientiza&ccedil;&atilde;o e educa&ccedil;&atilde;o, para que o mercado possa estar rodeado de produtos que melhorem a vida do consumidor, mas que estejam inseridos em uma economia circular e de baixo carbono.&rdquo;, diz Marcelo.<\/p>\n<p>Souza ainda ressalta que h&aacute; um s&eacute;culo, ter um eletrodom&eacute;stico era considerado um s&iacute;mbolo de status social. Hoje, h&aacute; uma prolifera&ccedil;&atilde;o de dispositivos eletr&ocirc;nicos, impulsionada pela era das revolu&ccedil;&otilde;es tecnol&oacute;gicas. No entanto, essa produ&ccedil;&atilde;o em massa resultou em um aumento significativo no descarte de equipamentos eletr&ocirc;nicos, tornando a reciclagem uma prioridade urgente.<\/p>\n<p>&ldquo;H&aacute; aproximadamente 100 anos, possuir um eletrodom&eacute;stico em casa como, por exemplo, um refrigerador, era considerado um fator de <em>status<\/em> social. Hoje, vemos uma quantidade exagerada de equipamentos eletroeletr&ocirc;nicos&rdquo;&nbsp;<\/p>\n<p>De acordo com o<a rel=\"follow noopener\" target='_blank' href='https:\/\/neomondo.org.br\/2020\/07\/09\/volume-de-residuos-eletronicos-aumenta-mais-de-21-em-5-anos-no-mundo\/'> Global E-Waste Monitor 2020 da ONU<\/a>, o mundo registrou um recorde de 53,6 milh&otilde;es de toneladas de lixo eletr&ocirc;nico em 2019, com um aumento de 21% em cinco anos. Na Am&eacute;rica Latina, a gera&ccedil;&atilde;o de lixo eletr&ocirc;nico aumentou 49% em nove anos.<\/p>\n<p>No Brasil, a situa&ccedil;&atilde;o n&atilde;o &eacute; diferente. O pa&iacute;s produz mais de 2 milh&otilde;es de toneladas de lixo eletr&ocirc;nico anualmente, e estima-se que cada pessoa gere cerca de 10,2 kg de res&iacute;duos eletr&ocirc;nicos per capita. A Pol&iacute;tica Nacional de Res&iacute;duos S&oacute;lidos (PNRS), estabelecida em 2010, visa promover o manejo adequado dos res&iacute;duos, mas ainda h&aacute; desafios a serem superados, como as metas de reciclagem estabelecidas apenas em 2020.<\/p>\n<p>Souza enfatiza que &eacute; importante aumentar o n&uacute;mero de pontos de coleta e apoiar a&ccedil;&otilde;es sociais e educacionais. Ele destaca a import&acirc;ncia da colabora&ccedil;&atilde;o entre entidades do terceiro setor e a ind&uacute;stria de reciclagem, citando projetos bem-sucedidos como o da Ind&uacute;stria Fox em parceria com a APAE-SP.&nbsp;<\/p>\n<p>&ldquo;A solu&ccedil;&atilde;o proposta &eacute; uma intera&ccedil;&atilde;o das entidades do terceiro setor com a reciclagem, aplicando o conceito do ESG. Projetos assim, como o realizado pela Industria Fox, possuem transpar&ecirc;ncia e governan&ccedil;a, com impacto social ambiental relevantes&rdquo;<\/p>\n<p>Com iniciativas como essa, Souza acredita que &eacute; poss&iacute;vel enfrentar os desafios dos pr&oacute;ximos cinco anos. Ele destaca a import&acirc;ncia de mostrar o impacto positivo dessas a&ccedil;&otilde;es na COP 30 no Brasil e aproveitar a oportunidade para compartilhar experi&ecirc;ncias e aprendizados sobre reciclagem e impacto social.<\/p>\n<p>&ldquo;Temos que mostrar a for&ccedil;a das nossas a&ccedil;&otilde;es <a rel=\"follow noopener\" target='_blank' href='https:\/\/www.gov.br\/planalto\/pt-br\/assuntos\/cop28\/cop-30-no-brasil'>na COP 30<\/a> no Brasil e impulsionar o mercado. Precisamos aproveitar o evento com visibilidade internacional para mostrar o que temos de bom e provar at&eacute; que temos muito a ensinar&rdquo; finaliza Marcelo.<\/p>\n<p>Marcelo Souza, que participou da COP 28 em Dubai, &eacute; reconhecido como um palestrante e escritor influente no campo da economia circular, com seu livro &#8216;Economia Circular &ndash; O Mundo Rumo &agrave; Quinta Revolu&ccedil;&atilde;o Industrial&#8217;.<\/p>\n<p>Website: <a target='_blank' href='https:\/\/www.industriafox.com.br\/' rel=\"follow noopener\">https:\/\/www.industriafox.com.br\/<\/a><img src='https:\/\/api.dino.com.br\/v2\/news\/tr\/301754' alt='' style='border:0px;width:1px;height:1px' \/><br \/>\nA <b>OESP<\/b> n\u00e3o \u00e9(s\u00e3o) respons\u00e1vel(is) por erros, incorre\u00e7\u00f5es, atrasos ou quaisquer decis\u00f5es tomadas por seus clientes com base nos Conte\u00fados ora disponibilizados, bem como tais Conte\u00fados n\u00e3o representam a opini\u00e3o da <b>OESP<\/b> e s\u00e3o de inteira responsabilidade da <b>Dino Divulgador de Noticias Online Ltda<\/b><\/p>\n","protected":false},"excerpt":{"rendered":"DINO DIVULGADOR DE NOT\u00cdCIAS S\u00e3o Paulo\/SP&#8211;(DINO &#8211; 29 fev, 2024) &#8211; Os alertas sobre a crise dos res&iacute;duos s&atilde;o claros, especialmente devido &agrave; significativa e","protected":false},"author":1,"featured_media":0,"comment_status":"open","ping_status":"closed","sticky":false,"template":"","format":"standard","meta":{"_acf_changed":false,"inline_featured_image":false,"_monsterinsights_skip_tracking":false,"_monsterinsights_sitenote_active":false,"_monsterinsights_sitenote_note":"","_monsterinsights_sitenote_category":0,"footnotes":""},"categories":[34],"tags":[454,455,453],"class_list":["post-89858","post","type-post","status-publish","format-standard","hentry","category-releases-geral","tag-2024-os-alertas-sobre-a-crise-dos-resduos-so-claros","tag-especialmente-devido-ag","tag-sao-paulo-sp-dino-29-fev"],"acf":[],"_links":{"self":[{"href":"https:\/\/bluestudio.estadao.com.br\/agencia-de-comunicacao\/wp-json\/wp\/v2\/posts\/89858","targetHints":{"allow":["GET"]}}],"collection":[{"href":"https:\/\/bluestudio.estadao.com.br\/agencia-de-comunicacao\/wp-json\/wp\/v2\/posts"}],"about":[{"href":"https:\/\/bluestudio.estadao.com.br\/agencia-de-comunicacao\/wp-json\/wp\/v2\/types\/post"}],"author":[{"embeddable":true,"href":"https:\/\/bluestudio.estadao.com.br\/agencia-de-comunicacao\/wp-json\/wp\/v2\/users\/1"}],"replies":[{"embeddable":true,"href":"https:\/\/bluestudio.estadao.com.br\/agencia-de-comunicacao\/wp-json\/wp\/v2\/comments?post=89858"}],"version-history":[{"count":0,"href":"https:\/\/bluestudio.estadao.com.br\/agencia-de-comunicacao\/wp-json\/wp\/v2\/posts\/89858\/revisions"}],"wp:attachment":[{"href":"https:\/\/bluestudio.estadao.com.br\/agencia-de-comunicacao\/wp-json\/wp\/v2\/media?parent=89858"}],"wp:term":[{"taxonomy":"category","embeddable":true,"href":"https:\/\/bluestudio.estadao.com.br\/agencia-de-comunicacao\/wp-json\/wp\/v2\/categories?post=89858"},{"taxonomy":"post_tag","embeddable":true,"href":"https:\/\/bluestudio.estadao.com.br\/agencia-de-comunicacao\/wp-json\/wp\/v2\/tags?post=89858"}],"curies":[{"name":"wp","href":"https:\/\/api.w.org\/{rel}","templated":true}]}}