{"id":89304,"date":"2024-02-26T19:43:00","date_gmt":"2024-02-26T22:43:00","guid":{"rendered":"https:\/\/bluestudio.estadao.com.br\/agencia-de-comunicacao\/prnewswire\/prnewsbrasil\/habanos-s-a-alcanca-faturamento-de-721-milhoes-de-dolares-em-2023\/"},"modified":"2024-02-26T19:43:00","modified_gmt":"2024-02-26T22:43:00","slug":"habanos-s-a-alcanca-faturamento-de-721-milhoes-de-dolares-em-2023","status":"publish","type":"post","link":"https:\/\/bluestudio.estadao.com.br\/agencia-de-comunicacao\/prnewswire\/prnewsbrasil\/habanos-s-a-alcanca-faturamento-de-721-milhoes-de-dolares-em-2023\/","title":{"rendered":"HABANOS, S.A. ALCAN\u00c7A FATURAMENTO DE 721 MILH\u00d5ES DE D\u00d3LARES EM 2023"},"content":{"rendered":"<p><b>PR NEWSWIRE<\/b><\/p>\n<div class=\"xn-content\">\n?\u00a0 <b>A empresa l\u00edder mundial de tabaco premium alcan\u00e7a um faturamento de 721 milh\u00f5es de d\u00f3lares em 2023, 31% a mais do que em 2022<\/b><\/p>\n<p>?\u00a0 <b><span class=\"xn-location\">China<\/span>, Espanha, Su\u00ed\u00e7a, Alemanha e Reino Unido s\u00e3o os cinco principais mercados da\u00a0Habanos em termos de faturamento<\/b><\/p>\n<p>?\u00a0 <b>2023 \u00e9 marcado por marcos de inova\u00e7\u00e3o e lan\u00e7amentos, com 31 novos produtos no mercado<\/b><\/p>\n<p><span class=\"legendSpanClass\"><span class=\"xn-location\">HAVANA, Cuba<\/span><\/span>, <span class=\"legendSpanClass\">26 de fevereiro de 2024<\/span> \/PRNewswire\/ &#8212; A Corporaci\u00f3n Habanos, S.A., l\u00edder mundial na comercializa\u00e7\u00e3o de charutos premium, revelou seus resultados financeiros para 2023 durante a coletiva de imprensa que deu in\u00edcio ao 24\u00ba Festival Habano. Durante o ano passado, a empresa gerou receitas no total de\u00a0<b><span class=\"xn-money\">US$ 721<\/span> milh\u00f5es<\/b>, <b>um aumento de 31% em compara\u00e7\u00e3o com o ano anterior<\/b>. As 27 marcas premium, feitas inteiramente \u00e0 m\u00e3o e protegidas pelas Denomina\u00e7\u00f5es de Origem Protegida (DOP), s\u00e3o parte integrante de seu sucesso. Esses n\u00fameros refletem a for\u00e7a das marcas Habanos, que proporcionaram experi\u00eancias inigual\u00e1veis aos aficionados em todas as partes do mundo.<\/p>\n<p>Os copresidentes de Habanos, S.A., <span class=\"xn-person\">Maritza Carrillo Gonzalez<\/span> e Luis S\u00e1nchez-Harguindey, expressaram sua satisfa\u00e7\u00e3o. &#8220;As conquistas de Habanos, S.A. durante 2023 s\u00e3o o resultado do reconhecimento da origem \u00fanica de nosso tabaco, da for\u00e7a e do prest\u00edgio de nossas marcas e, \u00e9 claro, da paix\u00e3o compartilhada por todos os envolvidos neste fascinante mundo de Habanos. Assim, celebramos os 30 anos da Corporaci\u00f3n Habanos, S.A., oferecendo momentos e experi\u00eancias inigual\u00e1veis a todos os amantes do tabaco premium em todos os cantos do mundo&#8221;.<\/p>\n<p>Com 27 marcas e presen\u00e7a em mais de 130 pa\u00edses, seu sucesso \u00e9 resultado de excel\u00eancia, tradi\u00e7\u00e3o e inova\u00e7\u00e3o. Os produtos da Habanos, S.A. est\u00e3o dispon\u00edveis nos cinco continentes gra\u00e7as \u00e0 sua distribui\u00e7\u00e3o global e rede de vendas especializada. Durante 2023, por volume de vendas, os mercados que mais contribu\u00edram para a empresa foram Espanha, Fran\u00e7a, <span class=\"xn-location\">China<\/span>, Alemanha e Su\u00ed\u00e7a. Por regi\u00e3o, a Europa continua sendo o principal mercado para Habanos, respondendo por 56% do valor total das vendas, seguida pela \u00c1sia (21%), Am\u00e9ricas (13%) e \u00c1frica e Oriente M\u00e9dio (10%).<\/p>\n<p>Para a Habanos, S.A., 2023 foi um ano particularmente ativo, pois 31 novos produtos foram lan\u00e7ados global e regionalmente, todos com a mais alta qualidade e car\u00e1ter tradicional, o que os torna \u00fanicos no mundo inteiro. Cohiba Siglo de Oro, Cohiba Ideales, Romeo y Julieta Cupidos, Hoyo de Monterrey Monterreyes No. 4 e Bol\u00edvar New Gold Medal foram alguns dos lan\u00e7amentos mais destacados.\u00a0<\/p>\n<p>Durante a coletiva de imprensa do XXIV Festival Habano, Habanos, S.A. revelou os novos produtos que ser\u00e3o apresentados nesta semana. Come\u00e7a com a marca Quai D&#8217;Orsay, que comemora 50 anos de sua cria\u00e7\u00e3o e oferece a vitola Especial D&#8217;Orsay, espec\u00edfica para esse marco significativo. Em quantidades limitadas, \u00e9 uma vitola exclusiva com um anel de espessura grossa e dimens\u00f5es \u00fanicas em seu portf\u00f3lio. Ser\u00e1 comercializado em todo o mundo em uma caixa particular de 20 e 3 unidades, projetada exclusivamente para esse lan\u00e7amento comemorativo de suas cinco d\u00e9cadas de hist\u00f3ria.<\/p>\n<p>Da mesma forma, a prestigiada marca <span class=\"xn-location\">Trinidad<\/span> est\u00e1 comemorando seu 55\u00ba anivers\u00e1rio com a chegada de novos lan\u00e7amentos como protagonistas do chamado &#8220;ano <span class=\"xn-location\">Trinidad<\/span>&#8220;: Trinidad Cabildos Edici\u00f3n Limitada, Trinidad Robustos Extra e os exclusivos <i>55\u00ba Anivers\u00e1rio do Umidificador Trinidad <\/i>desenvolvidos em colabora\u00e7\u00e3o com a prestigiosa marca S.T. Dupont. Fundadores, a vitola mais ic\u00f4nica da marca, foi selecionada para o <i>55\u00ba Anivers\u00e1rio do Umidificador Trinidad<\/i> sob um novo conceito de envelhecimento regulamentado pelo Conselho Regulador das Denomina\u00e7\u00f5es de Origem Protegida dos Habanos, que certifica o envelhecimento &#8220;Vintage 10&#8221; para os Trinidad Fundadores Habanos envelhecidos por um per\u00edodo de 10 a 14 anos. Al\u00e9m disso, o renomado estilista franc\u00eas <span class=\"xn-person\">Charaf Tajer<\/span> colaborou com o design exclusivo dos primeiros 55 umidificadores da s\u00e9rie. Com esses lan\u00e7amentos, a Corporaci\u00f3n Habanos, S.A. pretende consolidar a posi\u00e7\u00e3o da marca como refer\u00eancia em charutos premium.<\/p>\n<p>Como parte das atividades planejadas para o &#8220;Ano de <span class=\"xn-location\">Trinidad<\/span>&#8220;, foi anunciado o pr\u00f3ximo grande marco da marca, o Habanos World Days, que ser\u00e1 realizado em <span class=\"xn-person\">Londres de<\/span> 20 a 22 de junho. Trata-se de um evento presencial que, mais uma vez, reunir\u00e1 aficionados de todo o mundo em um ambiente exclusivo e cosmopolita, de acordo com a filosofia de <span class=\"xn-location\">Trinidad<\/span>. O Trinidad Cabildos Edi\u00e7\u00e3o Limitada e sua edi\u00e7\u00e3o Trinidad &#8220;Premier&#8221; ser\u00e3o apresentados ao mundo globalmente.<\/p>\n<p><b>PROGRAMA DE ATIVIDADES<\/b><\/p>\n<p>A Habanos, S.A. tamb\u00e9m revelou os planos para o Festival, que promete cinco dias de comemora\u00e7\u00e3o dos 30 anos da Corporaci\u00f3n de Habanos, S.A. e diferentes atividades centradas na cultura do Habano, com gastronomia requintada e shows emocionantes, garantindo uma experi\u00eancia inesquec\u00edvel para os apaixonados participantes deste evento anual.\u00a0<\/p>\n<p>*(DOP) Denomina\u00e7\u00f5es de Origem Protegida<\/p>\n<p>Para fazer o download de imagens em alta resolu\u00e7\u00e3o do evento, clique <a href=\"https:\/\/drive.google.com\/drive\/folders\/1q2WLqz-ELqM8Qgxj3hS4RnTnpVl66oev?usp=sharing\" target=\"_blank\" rel=\"nofollow noopener\">aqui<\/a>.<\/p>\n<p id=\"PURL\"><img loading=\"lazy\" decoding=\"async\" title=\"Cision\" width=\"12\" height=\"12\" alt=\"Cision\" src=\"https:\/\/c212.net\/c\/img\/favicon.png?sn=PT45224&amp;sd=2024-02-26\" \/> View original content:<a id=\"PRNURL\" rel=\"nofollow noopener\" href=\"https:\/\/www.prnewswire.com\/br\/comunicados-para-a-imprensa\/habanos-sa-alcanca-faturamento-de-721-milhoes-de-dolares-em-2023-302071740.html\" target=\"_blank\">https:\/\/www.prnewswire.com\/br\/comunicados-para-a-imprensa\/habanos-sa-alcanca-faturamento-de-721-milhoes-de-dolares-em-2023-302071740.html<\/a><\/p>\n<p>FONTE  Habanos, S.A.<\/p>\n<\/div>\n<p><img decoding=\"async\" alt=\"\" src=\"https:\/\/rt.prnewswire.com\/rt.gif?NewsItemId=PT45224&amp;Transmission_Id=202402261736PR_NEWS_LATAM____PT45224&amp;DateId=20240226\" style=\"border:0px;width:1px;height:1px\" \/><\/p>\n<p>A <b>OESP<\/b> n\u00e3o \u00e9(s\u00e3o) respons\u00e1vel(is) por erros, incorre\u00e7\u00f5es, atrasos ou quaisquer decis\u00f5es tomadas por seus clientes com base nos Conte\u00fados ora disponibilizados, bem como tais Conte\u00fados n\u00e3o representam a opini\u00e3o da <b>OESP<\/b> e s\u00e3o de inteira responsabilidade da <b>PR Newswire Ltda<\/b><\/p>\n","protected":false},"excerpt":{"rendered":"PR NEWSWIRE ?\u00a0 A empresa l\u00edder mundial de tabaco premium alcan\u00e7a um faturamento de 721 milh\u00f5es de d\u00f3lares em 2023, 31% a mais do que em 2022 ?\u00a0 China, Espanha, Su\u00ed\u00e7a, Alemanha e Reino Unido","protected":false},"author":1,"featured_media":0,"comment_status":"open","ping_status":"closed","sticky":false,"template":"","format":"standard","meta":{"_acf_changed":false,"inline_featured_image":false,"_monsterinsights_skip_tracking":false,"_monsterinsights_sitenote_active":false,"_monsterinsights_sitenote_note":"","_monsterinsights_sitenote_category":0,"footnotes":""},"categories":[28],"tags":[],"class_list":["post-89304","post","type-post","status-publish","format-standard","hentry","category-prnewsbrasil"],"acf":[],"_links":{"self":[{"href":"https:\/\/bluestudio.estadao.com.br\/agencia-de-comunicacao\/wp-json\/wp\/v2\/posts\/89304","targetHints":{"allow":["GET"]}}],"collection":[{"href":"https:\/\/bluestudio.estadao.com.br\/agencia-de-comunicacao\/wp-json\/wp\/v2\/posts"}],"about":[{"href":"https:\/\/bluestudio.estadao.com.br\/agencia-de-comunicacao\/wp-json\/wp\/v2\/types\/post"}],"author":[{"embeddable":true,"href":"https:\/\/bluestudio.estadao.com.br\/agencia-de-comunicacao\/wp-json\/wp\/v2\/users\/1"}],"replies":[{"embeddable":true,"href":"https:\/\/bluestudio.estadao.com.br\/agencia-de-comunicacao\/wp-json\/wp\/v2\/comments?post=89304"}],"version-history":[{"count":0,"href":"https:\/\/bluestudio.estadao.com.br\/agencia-de-comunicacao\/wp-json\/wp\/v2\/posts\/89304\/revisions"}],"wp:attachment":[{"href":"https:\/\/bluestudio.estadao.com.br\/agencia-de-comunicacao\/wp-json\/wp\/v2\/media?parent=89304"}],"wp:term":[{"taxonomy":"category","embeddable":true,"href":"https:\/\/bluestudio.estadao.com.br\/agencia-de-comunicacao\/wp-json\/wp\/v2\/categories?post=89304"},{"taxonomy":"post_tag","embeddable":true,"href":"https:\/\/bluestudio.estadao.com.br\/agencia-de-comunicacao\/wp-json\/wp\/v2\/tags?post=89304"}],"curies":[{"name":"wp","href":"https:\/\/api.w.org\/{rel}","templated":true}]}}